{"id":96,"date":"2026-04-20T16:12:10","date_gmt":"2026-04-20T14:12:10","guid":{"rendered":"https:\/\/blogs.uni-bremen.de\/umhetbipeb2026\/?p=96"},"modified":"2026-04-20T16:12:10","modified_gmt":"2026-04-20T14:12:10","slug":"rv02-dr-christoph-fantini-grundlagen-zum-umgang-mit-soziokultureller-heterogenitaet-in-schule-fokus-diskriminierung-intersektional","status":"publish","type":"post","link":"https:\/\/blogs.uni-bremen.de\/umhetbipeb2026\/2026\/04\/20\/rv02-dr-christoph-fantini-grundlagen-zum-umgang-mit-soziokultureller-heterogenitaet-in-schule-fokus-diskriminierung-intersektional\/","title":{"rendered":"RV02 \/\/ Dr. Christoph Fantini \/\/ Grundlagen zum Umgang mit soziokultureller Heterogenit\u00e4t in Schule (Fokus Diskriminierung: intersektional)"},"content":{"rendered":"<p><span style=\"color: #ff6600;font-family: arial, helvetica, sans-serif\">Bitte beachten Sie die Vorgaben zum Erstellen von Beitr\u00e4gen (siehe unten).<\/span><\/p>\n<ol>\n<li><span style=\"font-family: arial, helvetica, sans-serif\">Versuchen Sie Ma\u00dfnahmen, Projekte oder Initiativen, die Sie im\u00a0 schulischen Umfeld zum Umgang mit soziokultureller Heterogenit\u00e4t,\u00a0 inklusive der Vielfalt von Weltanschauungen und sozialen Lebenslagen,\u00a0 kennen gelernt haben (in Praktika, Arbeit, eigener Schulzeit o.\u00e4.) zu\u00a0 charakterisieren. Orientieren sie sich dabei an dem theoretischen Vergleichsmodel aus der Vorlesung (Ausl\u00e4nderp\u00e4dagogik\/Interkulturelle\u00a0 Bildung\/Antirassistische P\u00e4dagogik\/Diversity Education). Begr\u00fcnden Sie\u00a0 die Einordnung und bewerten Sie die jeweilige Wirkung.<\/span><\/li>\n<li><span style=\"font-family: arial, helvetica, sans-serif\">Welche Beobachtungsaufgabe f\u00fcr kommende Praktika k\u00f6nnte man aus dieser durch Theorie geleiteten Reflexion zu 1. ableiten?<\/span><\/li>\n<li><span style=\"font-family: arial, helvetica, sans-serif\">Sehen Sie durch die Reflexion dieser Ma\u00dfnahmen und Projekte Ansatzpunkte f\u00fcr m\u00f6gliche Programme zur grunds\u00e4tzlichen Weiterentwicklung von Schule und\/oder Unterricht?<\/span><\/li>\n<\/ol>\n<p>&nbsp;<\/p>\n<p><span style=\"color: #ff0000;font-family: arial, helvetica, sans-serif\"><strong>Schlagwort: rv02<\/strong><\/span><\/p>\n","protected":false},"excerpt":{"rendered":"<p>Bitte beachten Sie die Vorgaben zum Erstellen von Beitr\u00e4gen (siehe unten). Versuchen Sie Ma\u00dfnahmen, Projekte oder Initiativen, die Sie im\u00a0 schulischen Umfeld zum Umgang mit soziokultureller Heterogenit\u00e4t,\u00a0 inklusive der Vielfalt von Weltanschauungen und sozialen Lebenslagen,\u00a0 kennen gelernt haben (in Praktika, Arbeit, eigener Schulzeit o.\u00e4.) zu\u00a0 charakterisieren. Orientieren sie sich dabei an dem theoretischen Vergleichsmodel aus [&hellip;]<\/p>\n","protected":false},"author":15560,"featured_media":0,"comment_status":"open","ping_status":"open","sticky":false,"template":"","format":"standard","meta":{"_bbp_topic_count":0,"_bbp_reply_count":0,"_bbp_total_topic_count":0,"_bbp_total_reply_count":0,"_bbp_voice_count":0,"_bbp_anonymous_reply_count":0,"_bbp_topic_count_hidden":0,"_bbp_reply_count_hidden":0,"_bbp_forum_subforum_count":0,"footnotes":""},"categories":[1],"tags":[],"class_list":["post-96","post","type-post","status-publish","format-standard","hentry","category-allgemein"],"_links":{"self":[{"href":"https:\/\/blogs.uni-bremen.de\/umhetbipeb2026\/wp-json\/wp\/v2\/posts\/96","targetHints":{"allow":["GET"]}}],"collection":[{"href":"https:\/\/blogs.uni-bremen.de\/umhetbipeb2026\/wp-json\/wp\/v2\/posts"}],"about":[{"href":"https:\/\/blogs.uni-bremen.de\/umhetbipeb2026\/wp-json\/wp\/v2\/types\/post"}],"author":[{"embeddable":true,"href":"https:\/\/blogs.uni-bremen.de\/umhetbipeb2026\/wp-json\/wp\/v2\/users\/15560"}],"replies":[{"embeddable":true,"href":"https:\/\/blogs.uni-bremen.de\/umhetbipeb2026\/wp-json\/wp\/v2\/comments?post=96"}],"version-history":[{"count":1,"href":"https:\/\/blogs.uni-bremen.de\/umhetbipeb2026\/wp-json\/wp\/v2\/posts\/96\/revisions"}],"predecessor-version":[{"id":97,"href":"https:\/\/blogs.uni-bremen.de\/umhetbipeb2026\/wp-json\/wp\/v2\/posts\/96\/revisions\/97"}],"wp:attachment":[{"href":"https:\/\/blogs.uni-bremen.de\/umhetbipeb2026\/wp-json\/wp\/v2\/media?parent=96"}],"wp:term":[{"taxonomy":"category","embeddable":true,"href":"https:\/\/blogs.uni-bremen.de\/umhetbipeb2026\/wp-json\/wp\/v2\/categories?post=96"},{"taxonomy":"post_tag","embeddable":true,"href":"https:\/\/blogs.uni-bremen.de\/umhetbipeb2026\/wp-json\/wp\/v2\/tags?post=96"}],"curies":[{"name":"wp","href":"https:\/\/api.w.org\/{rel}","templated":true}]}}