{"id":200,"date":"2026-04-30T12:39:05","date_gmt":"2026-04-30T10:39:05","guid":{"rendered":"https:\/\/blogs.uni-bremen.de\/umhetbipeb2026\/?p=200"},"modified":"2026-04-30T12:39:05","modified_gmt":"2026-04-30T10:39:05","slug":"sprache-als-schluessel-sprachfoerderung-zwischen-kita-und-mathematikunterricht","status":"publish","type":"post","link":"https:\/\/blogs.uni-bremen.de\/umhetbipeb2026\/2026\/04\/30\/sprache-als-schluessel-sprachfoerderung-zwischen-kita-und-mathematikunterricht\/","title":{"rendered":"Sprache als Schl\u00fcssel: Sprachf\u00f6rderung zwischen Kita und Mathematikunterricht"},"content":{"rendered":"<div data-test-render-count=\"2\">\n<div class=\"contents\">\n<div class=\"mb-1 mt-6 group\">\n<div class=\"flex flex-col items-end gap-1\">\n<div class=\"group relative inline-flex gap-2 bg-bg-300 rounded-xl pl-2.5 py-2.5 break-words text-text-100 transition-all max-w-[75ch] flex-col !px-4 max-w-[85%]\" data-user-message-bubble=\"true\">\n<div class=\"flex flex-row gap-2 relative\">\n<div class=\"flex-1\">\n<div class=\"font-large !font-user-message grid grid-cols-1 gap-2 py-0.5 relative [&amp;_ul]:!space-y-0 [&amp;_ol]:!space-y-0 [&amp;_ul]:pl-8 [&amp;_ol]:pl-8\" data-testid=\"user-message\">\n<p class=\"whitespace-pre-wrap break-words\">\n<\/div>\n<\/div>\n<\/div>\n<\/div>\n<\/div>\n<\/div>\n<\/div>\n<\/div>\n<div data-test-render-count=\"1\">\n<div class=\"group\">\n<div class=\"contents\">\n<div class=\"group relative relative pb-3\" data-is-streaming=\"false\">\n<div class=\"font-claude-response relative leading-[1.65rem] [&amp;_pre&gt;div]:bg-bg-000\/50 [&amp;_pre&gt;div]:border-0.5 [&amp;_pre&gt;div]:border-border-400 [&amp;_.ignore-pre-bg&gt;div]:bg-transparent [&amp;_.standard-markdown_:is(p,blockquote,h1,h2,h3,h4,h5,h6)]:pl-2 [&amp;_.standard-markdown_:is(p,blockquote,ul,ol,h1,h2,h3,h4,h5,h6)]:pr-8 [&amp;_.progressive-markdown_:is(p,blockquote,h1,h2,h3,h4,h5,h6)]:pl-2 [&amp;_.progressive-markdown_:is(p,blockquote,ul,ol,h1,h2,h3,h4,h5,h6)]:pr-8\">\n<div class=\"standard-markdown grid-cols-1 grid [&amp;_&gt;_*]:min-w-0 gap-3 standard-markdown\">\n<p class=\"font-claude-response-body break-words whitespace-normal leading-[1.7]\"><strong>Aufgabe 1: Was aus dem Projekt Enter in die Grundschule passt<\/strong><\/p>\n<p class=\"font-claude-response-body break-words whitespace-normal leading-[1.7]\">Das Kita-Projekt Enter (Entdecken und Erz\u00e4hlen, 2012\u20132015) arbeitete mit einer Schatzkiste: Kinder liehen sich \u00fcber das Wochenende Spiele und Bilderb\u00fccher aus und brachten ihre Erlebnisse damit in den Stuhlkreis zur\u00fcck. Dieses Prinzip l\u00e4sst sich meiner Meinung nach sehr gut in die Grundschule \u00fcbertragen.<\/p>\n<p class=\"font-claude-response-body break-words whitespace-normal leading-[1.7]\">Auch dort gibt es viele Kinder mit sprachlichem F\u00f6rderbedarf \u2013 sei es durch eine verz\u00f6gerte Sprachentwicklung oder weil Deutsch ihre Zweitsprache ist (DaZ). Ein w\u00f6chentliches Ausleihsystem mit Spielen, B\u00fcchern und H\u00f6rspielen w\u00fcrde ihnen erm\u00f6glichen, neue W\u00f6rter und Konzepte auf spielerische Weise zu entdecken \u2013 zu Hause, im eigenen Tempo, ohne Leistungsdruck. Das H\u00f6rspiel-Element ist dabei besonders wertvoll: Wenn Eltern nicht vorlesen k\u00f6nnen oder m\u00f6chten, bleibt der Zugang zum Buch trotzdem erhalten.<\/p>\n<p>&nbsp;<\/p>\n<p class=\"font-claude-response-body break-words whitespace-normal leading-[1.7]\"><strong>Aufgabe 2: Funktionen der Sprache im Mathematikunterricht<\/strong><\/p>\n<p class=\"font-claude-response-body break-words whitespace-normal leading-[1.7]\">Sprache erf\u00fcllt im Unterricht mehrere Funktionen gleichzeitig. Am Beispiel des Mathematikunterrichts lassen sie sich besonders gut konkretisieren:<\/p>\n<p class=\"font-claude-response-body break-words whitespace-normal leading-[1.7]\"><em>Kommunikation:<\/em> Kinder erkl\u00e4ren sich gegenseitig ihre L\u00f6sungswege \u2013 und m\u00fcssen dabei pr\u00e4zise formulieren.<\/p>\n<p class=\"font-claude-response-body break-words whitespace-normal leading-[1.7]\"><em>Kognitive Funktion:<\/em> Das laute Mitsprechen beim Rechnen \u2013 \u201evier plus f\u00fcnf ist gleich neun&#8220; \u2013 strukturiert den eigenen Denkprozess.<\/p>\n<p class=\"font-claude-response-body break-words whitespace-normal leading-[1.7]\"><em>Darstellungsfunktion:<\/em> Beim Pr\u00e4sentieren eines Rechenwegs an der Tafel wird Sprache zum Werkzeug der Wissensvermittlung.<\/p>\n<p class=\"font-claude-response-body break-words whitespace-normal leading-[1.7]\"><em>Appellative Funktion:<\/em> \u201eK\u00f6nnen Sie mir helfen?&#8220; \u2013 Kinder nutzen Sprache, um gezielt Unterst\u00fctzung einzufordern.<\/p>\n<p class=\"font-claude-response-body break-words whitespace-normal leading-[1.7]\"><em>Ausdrucksfunktion:<\/em> Frustration \u00fcber eine schwierige Aufgabe oder Stolz nach einem Rechenerfolg \u2013 beides braucht sprachlichen Raum.<\/p>\n<p class=\"font-claude-response-body break-words whitespace-normal leading-[1.7]\">Diese Funktionen zeigen: Sprache ist im Mathematikunterricht nicht nur Mittel zum Zweck, sondern selbst ein Lerngegenstand \u2013 und muss als solcher explizit gef\u00f6rdert werden, anstatt sie als selbstverst\u00e4ndlich vorauszusetzen.<\/p>\n<p>&nbsp;<\/p>\n<p class=\"font-claude-response-body break-words whitespace-normal leading-[1.7]\"><strong>Aufgabe 3: Zwei Beobachtungsfragen f\u00fcr das Praktikum<\/strong><\/p>\n<p class=\"font-claude-response-body break-words whitespace-normal leading-[1.7]\">Aus der Vorlesung ergeben sich f\u00fcr mich zwei Fragen, die ich im kommenden Praktikum gezielt beobachten m\u00f6chte:<\/p>\n<ol class=\"[li_&amp;]:mb-0 [li_&amp;]:mt-1 [li_&amp;]:gap-1 [&amp;:not(:last-child)_ul]:pb-1 [&amp;:not(:last-child)_ol]:pb-1 list-decimal flex flex-col gap-1 pl-8 mb-3\">\n<li class=\"whitespace-normal break-words pl-2\">K\u00f6nnen die Kinder mit dem verwendeten Vokabular tats\u00e4chlich arbeiten \u2013 oder scheitert die Aufgabenbearbeitung nicht am mathematischen Inhalt, sondern an einem zu schwierig gew\u00e4hlten Wortschatz?<\/li>\n<li class=\"whitespace-normal break-words pl-2\">Welche W\u00f6rter treten wiederholt als Problemvokabular auf \u2013 und wie k\u00f6nnen diese Begriffe gezielt und systematisch in den Unterricht eingef\u00fchrt werden, bevor sie zur Barriere werden?<\/li>\n<\/ol>\n<\/div>\n<\/div>\n<\/div>\n<\/div>\n<\/div>\n<\/div>\n","protected":false},"excerpt":{"rendered":"<p>Aufgabe 1: Was aus dem Projekt Enter in die Grundschule passt Das Kita-Projekt Enter (Entdecken und Erz\u00e4hlen, 2012\u20132015) arbeitete mit einer Schatzkiste: Kinder liehen sich \u00fcber das Wochenende Spiele und Bilderb\u00fccher aus und brachten ihre Erlebnisse damit in den Stuhlkreis zur\u00fcck. Dieses Prinzip l\u00e4sst sich meiner Meinung nach sehr gut in die Grundschule \u00fcbertragen. Auch [&hellip;]<\/p>\n","protected":false},"author":17132,"featured_media":0,"comment_status":"open","ping_status":"open","sticky":false,"template":"","format":"standard","meta":{"_bbp_topic_count":0,"_bbp_reply_count":0,"_bbp_total_topic_count":0,"_bbp_total_reply_count":0,"_bbp_voice_count":0,"_bbp_anonymous_reply_count":0,"_bbp_topic_count_hidden":0,"_bbp_reply_count_hidden":0,"_bbp_forum_subforum_count":0,"footnotes":""},"categories":[1],"tags":[],"class_list":["post-200","post","type-post","status-publish","format-standard","hentry","category-allgemein"],"_links":{"self":[{"href":"https:\/\/blogs.uni-bremen.de\/umhetbipeb2026\/wp-json\/wp\/v2\/posts\/200","targetHints":{"allow":["GET"]}}],"collection":[{"href":"https:\/\/blogs.uni-bremen.de\/umhetbipeb2026\/wp-json\/wp\/v2\/posts"}],"about":[{"href":"https:\/\/blogs.uni-bremen.de\/umhetbipeb2026\/wp-json\/wp\/v2\/types\/post"}],"author":[{"embeddable":true,"href":"https:\/\/blogs.uni-bremen.de\/umhetbipeb2026\/wp-json\/wp\/v2\/users\/17132"}],"replies":[{"embeddable":true,"href":"https:\/\/blogs.uni-bremen.de\/umhetbipeb2026\/wp-json\/wp\/v2\/comments?post=200"}],"version-history":[{"count":1,"href":"https:\/\/blogs.uni-bremen.de\/umhetbipeb2026\/wp-json\/wp\/v2\/posts\/200\/revisions"}],"predecessor-version":[{"id":201,"href":"https:\/\/blogs.uni-bremen.de\/umhetbipeb2026\/wp-json\/wp\/v2\/posts\/200\/revisions\/201"}],"wp:attachment":[{"href":"https:\/\/blogs.uni-bremen.de\/umhetbipeb2026\/wp-json\/wp\/v2\/media?parent=200"}],"wp:term":[{"taxonomy":"category","embeddable":true,"href":"https:\/\/blogs.uni-bremen.de\/umhetbipeb2026\/wp-json\/wp\/v2\/categories?post=200"},{"taxonomy":"post_tag","embeddable":true,"href":"https:\/\/blogs.uni-bremen.de\/umhetbipeb2026\/wp-json\/wp\/v2\/tags?post=200"}],"curies":[{"name":"wp","href":"https:\/\/api.w.org\/{rel}","templated":true}]}}