{"id":170,"date":"2026-04-28T18:25:22","date_gmt":"2026-04-28T16:25:22","guid":{"rendered":"https:\/\/blogs.uni-bremen.de\/umhetbipeb2026\/?p=170"},"modified":"2026-04-28T18:25:22","modified_gmt":"2026-04-28T16:25:22","slug":"umgang-mit-soziokultureller-heterogenitaet","status":"publish","type":"post","link":"https:\/\/blogs.uni-bremen.de\/umhetbipeb2026\/2026\/04\/28\/umgang-mit-soziokultureller-heterogenitaet\/","title":{"rendered":"Umgang mit soziokultureller Heterogenit\u00e4t"},"content":{"rendered":"<p>1)In meiner Schulzeit gab es sowohl Angebote f\u00fcr die Eltern sowie f\u00fcr die Sch\u00fcler:innen in Bezug auf den Umgang mit soziokultureller Heterogenit\u00e4t. Im Tandem wurde die Schulung von Eltern und Kindern im Bereich der Kommunikation angeboten. Es wurden dabei wichtige Themen angesprochen, die im Alltag aufgrund von Sprachbarrieren untergehen k\u00f6nnen. Hier steht nicht nur die Anpassung im Vordergrund, sondern der Dialog und das gegenseitige Verst\u00e4ndnis.\u00a0 Au\u00dferdem gab es Sprachf\u00f6rderungskurse die f\u00fcr die Sch\u00fcler:innen angeboten werden. Indem Barrieren bei Elternbriefen oder Ausfl\u00fcgen thematisiert werden, wird anerkannt, dass verschiedene kulturelle oder soziale Hintergr\u00fcnde unterschiedliche Kommunikationsbedarf erzeugen. Im Allgemeinen stand ein Kultur sensibles Verhalten an der Tagesordnung.<\/p>\n<p>Die Ma\u00dfnahme der Sprachf\u00f6rderung l\u00e4sst sich in die Ausl\u00e4nderp\u00e4dagogik einordnen, da es als ein Problem wahrgenommen wird, welches durch das Nachholen der deutschen Sprache ausgeglichen werden soll. Diese kann sich jedoch als schwierig entwickeln, da Sprachkurse h\u00e4ufig separat stattfinden. Dementsprechend findet hier Segregation anstatt Inklusion statt. Die Wirkung dieser Ma\u00dfnahme sollte in erster Linie die Teilhabe am Unterricht verst\u00e4rken. Bei der Kommunikation zwischen den Eltern und der Schule soll dies bewirken, dass Eltern die M\u00f6glichkeit gegeben wird ihre Kinder zu unterst\u00fctzen. Aus Sicht der Diversity Education greifen diese Methoden dennoch zu kurz, da sie dazu neigen Menschen auf ihre Herkunft zu reduzieren (Prengel, 2006, S.13). Des Weiteren muss erw\u00e4hnt werden, dass der Ausl\u00e4nderp\u00e4dagogik kritisch gegen\u00fcbergetreten werden sollte. Es wird davon ausgegangen, dass \u201eDefizite beseitigt werden sollen\u201c (Roth, 2002, S.44), damit werden gesellschaftliche Probleme entpolitisiert und stellt sie einer rein therapeutischen Behandlung anheim (vgl. ebd, 2002, S.44).<\/p>\n<p>2) Als Beobachtungsaufgabe k\u00f6nnte man auf die Sprachkurse eingehen, die im vorherigen Text kritisiert wurden. Die Beobachtung kann sich darauf beziehen, ob die F\u00f6rderung von Sprachkenntnissen sich im separaten Raum oder im Unterrichtsteam verbessert. Dies kann pr\u00fcfen, wie Schulen sich r\u00e4umlich und zeitlich organisieren, was die Sprachf\u00f6rderung angeht. Als Ziel sollte Heterogenit\u00e4t im Vordergrund stehen und dies sollte auch gef\u00f6rdert werden.<\/p>\n<p>3)Letztlich ist die Kommunikation und Zusammenarbeit zwischen den Lehrkr\u00e4ften sowie den Eltern f\u00fcr die Weiterentwicklung des Kindes wichtig. Programme, die Eltern und Sch\u00fcler:innen aktiv einbinden, bieten eine gute Grundlage. Der Schwerpunkt bei diesen Programmen sollte darauf liegen, dass jeder mit einbezogen wird und Heterogenit\u00e4t als Realit\u00e4t angesehen wird.<\/p>\n<p>Literatur:<\/p>\n<p><strong>Roth, H.-J. (2002):<\/strong> Kultur und Kommunikation. Systematische und theoriegeschichtliche Umrisse Interkultureller P\u00e4dagogik. Wiesbaden: Springer, S.44.<\/p>\n<p><strong>Prengel, A. (2006):<\/strong> P\u00e4dagogik der Vielfalt. Verschiedenheit und Gleichberechtigung Interkultureller, Feministischer und Integrativer P\u00e4dagogik. 3. Auflage. Wiesbaden: VS Verlag f\u00fcr Sozialwissenschaften. S.13.<\/p>\n<p>&nbsp;<\/p>\n","protected":false},"excerpt":{"rendered":"<p>1)In meiner Schulzeit gab es sowohl Angebote f\u00fcr die Eltern sowie f\u00fcr die Sch\u00fcler:innen in Bezug auf den Umgang mit soziokultureller Heterogenit\u00e4t. Im Tandem wurde die Schulung von Eltern und Kindern im Bereich der Kommunikation angeboten. Es wurden dabei wichtige Themen angesprochen, die im Alltag aufgrund von Sprachbarrieren untergehen k\u00f6nnen. Hier steht nicht nur die [&hellip;]<\/p>\n","protected":false},"author":17113,"featured_media":0,"comment_status":"open","ping_status":"open","sticky":false,"template":"","format":"standard","meta":{"_bbp_topic_count":0,"_bbp_reply_count":0,"_bbp_total_topic_count":0,"_bbp_total_reply_count":0,"_bbp_voice_count":0,"_bbp_anonymous_reply_count":0,"_bbp_topic_count_hidden":0,"_bbp_reply_count_hidden":0,"_bbp_forum_subforum_count":0,"footnotes":""},"categories":[1],"tags":[3],"class_list":["post-170","post","type-post","status-publish","format-standard","hentry","category-allgemein","tag-rv02"],"_links":{"self":[{"href":"https:\/\/blogs.uni-bremen.de\/umhetbipeb2026\/wp-json\/wp\/v2\/posts\/170","targetHints":{"allow":["GET"]}}],"collection":[{"href":"https:\/\/blogs.uni-bremen.de\/umhetbipeb2026\/wp-json\/wp\/v2\/posts"}],"about":[{"href":"https:\/\/blogs.uni-bremen.de\/umhetbipeb2026\/wp-json\/wp\/v2\/types\/post"}],"author":[{"embeddable":true,"href":"https:\/\/blogs.uni-bremen.de\/umhetbipeb2026\/wp-json\/wp\/v2\/users\/17113"}],"replies":[{"embeddable":true,"href":"https:\/\/blogs.uni-bremen.de\/umhetbipeb2026\/wp-json\/wp\/v2\/comments?post=170"}],"version-history":[{"count":1,"href":"https:\/\/blogs.uni-bremen.de\/umhetbipeb2026\/wp-json\/wp\/v2\/posts\/170\/revisions"}],"predecessor-version":[{"id":171,"href":"https:\/\/blogs.uni-bremen.de\/umhetbipeb2026\/wp-json\/wp\/v2\/posts\/170\/revisions\/171"}],"wp:attachment":[{"href":"https:\/\/blogs.uni-bremen.de\/umhetbipeb2026\/wp-json\/wp\/v2\/media?parent=170"}],"wp:term":[{"taxonomy":"category","embeddable":true,"href":"https:\/\/blogs.uni-bremen.de\/umhetbipeb2026\/wp-json\/wp\/v2\/categories?post=170"},{"taxonomy":"post_tag","embeddable":true,"href":"https:\/\/blogs.uni-bremen.de\/umhetbipeb2026\/wp-json\/wp\/v2\/tags?post=170"}],"curies":[{"name":"wp","href":"https:\/\/api.w.org\/{rel}","templated":true}]}}