{"id":160,"date":"2026-04-27T18:53:50","date_gmt":"2026-04-27T16:53:50","guid":{"rendered":"https:\/\/blogs.uni-bremen.de\/umhetbipeb2026\/?p=160"},"modified":"2026-04-27T18:53:50","modified_gmt":"2026-04-27T16:53:50","slug":"rv03-prof-dagmar-boenig-integrierte-fruehfoerderung-von-sprache-und-mathematik","status":"publish","type":"post","link":"https:\/\/blogs.uni-bremen.de\/umhetbipeb2026\/2026\/04\/27\/rv03-prof-dagmar-boenig-integrierte-fruehfoerderung-von-sprache-und-mathematik\/","title":{"rendered":"RV03 \/\/ Prof. Dagmar B\u00f6nig \/\/ Integrierte Fr\u00fchf\u00f6rderung von Sprache und Mathematik"},"content":{"rendered":"<p><span style=\"color: #ff6600;font-family: arial, helvetica, sans-serif\">Bitte beachten Sie die Vorgaben zum Erstellen von Beitr\u00e4gen (siehe unten).<\/span><\/p>\n<ol style=\"font-weight: 400\">\n<li><span style=\"font-family: arial, helvetica, sans-serif\">Einige Elemente des vorgestellten F\u00f6rderkonzepts \u201eEntdecken und Erz\u00e4hlen\u201c (Enter) f\u00fcr die Kita lassen sich auf den schulischen Kontext \u00fcbertragen. Welche w\u00e4ren aus Ihrer Sicht sinnvoll \u00fcbertragbar (mit kurzer Begr\u00fcndung)?<\/span><\/li>\n<li><span style=\"font-family: arial, helvetica, sans-serif\">Konkretisieren Sie die verschiedenen Funktionen der Sprache jeweils an einem konkreten Beispiel in einem Ihrer Unterrichtsf\u00e4cher.<\/span><\/li>\n<li><span style=\"font-family: arial, helvetica, sans-serif\">Formulieren Sie zwei f\u00fcr Sie bedeutsame Beobachtungsfragen zum Thema \u201eSprachf\u00f6rderung im Mathematikunterricht\u201c f\u00fcr kommende Praktika.\u00a0<\/span><\/li>\n<\/ol>\n<p style=\"font-weight: 400\">\n<p><span style=\"font-family: arial, helvetica, sans-serif;color: #ff0000\"><strong>Schlagwort: rv03<\/strong><\/span><\/p>\n","protected":false},"excerpt":{"rendered":"<p>Bitte beachten Sie die Vorgaben zum Erstellen von Beitr\u00e4gen (siehe unten). Einige Elemente des vorgestellten F\u00f6rderkonzepts \u201eEntdecken und Erz\u00e4hlen\u201c (Enter) f\u00fcr die Kita lassen sich auf den schulischen Kontext \u00fcbertragen. Welche w\u00e4ren aus Ihrer Sicht sinnvoll \u00fcbertragbar (mit kurzer Begr\u00fcndung)? Konkretisieren Sie die verschiedenen Funktionen der Sprache jeweils an einem konkreten Beispiel in einem Ihrer [&hellip;]<\/p>\n","protected":false},"author":15560,"featured_media":0,"comment_status":"open","ping_status":"open","sticky":false,"template":"","format":"standard","meta":{"_bbp_topic_count":0,"_bbp_reply_count":0,"_bbp_total_topic_count":0,"_bbp_total_reply_count":0,"_bbp_voice_count":0,"_bbp_anonymous_reply_count":0,"_bbp_topic_count_hidden":0,"_bbp_reply_count_hidden":0,"_bbp_forum_subforum_count":0,"footnotes":""},"categories":[1],"tags":[],"class_list":["post-160","post","type-post","status-publish","format-standard","hentry","category-allgemein"],"_links":{"self":[{"href":"https:\/\/blogs.uni-bremen.de\/umhetbipeb2026\/wp-json\/wp\/v2\/posts\/160","targetHints":{"allow":["GET"]}}],"collection":[{"href":"https:\/\/blogs.uni-bremen.de\/umhetbipeb2026\/wp-json\/wp\/v2\/posts"}],"about":[{"href":"https:\/\/blogs.uni-bremen.de\/umhetbipeb2026\/wp-json\/wp\/v2\/types\/post"}],"author":[{"embeddable":true,"href":"https:\/\/blogs.uni-bremen.de\/umhetbipeb2026\/wp-json\/wp\/v2\/users\/15560"}],"replies":[{"embeddable":true,"href":"https:\/\/blogs.uni-bremen.de\/umhetbipeb2026\/wp-json\/wp\/v2\/comments?post=160"}],"version-history":[{"count":1,"href":"https:\/\/blogs.uni-bremen.de\/umhetbipeb2026\/wp-json\/wp\/v2\/posts\/160\/revisions"}],"predecessor-version":[{"id":161,"href":"https:\/\/blogs.uni-bremen.de\/umhetbipeb2026\/wp-json\/wp\/v2\/posts\/160\/revisions\/161"}],"wp:attachment":[{"href":"https:\/\/blogs.uni-bremen.de\/umhetbipeb2026\/wp-json\/wp\/v2\/media?parent=160"}],"wp:term":[{"taxonomy":"category","embeddable":true,"href":"https:\/\/blogs.uni-bremen.de\/umhetbipeb2026\/wp-json\/wp\/v2\/categories?post=160"},{"taxonomy":"post_tag","embeddable":true,"href":"https:\/\/blogs.uni-bremen.de\/umhetbipeb2026\/wp-json\/wp\/v2\/tags?post=160"}],"curies":[{"name":"wp","href":"https:\/\/api.w.org\/{rel}","templated":true}]}}