{"id":19,"date":"2024-07-05T12:01:55","date_gmt":"2024-07-05T10:01:55","guid":{"rendered":"https:\/\/blogs.uni-bremen.de\/karim\/?p=19"},"modified":"2024-07-05T12:16:18","modified_gmt":"2024-07-05T10:16:18","slug":"klassismus-und-mobbing","status":"publish","type":"post","link":"https:\/\/blogs.uni-bremen.de\/karim\/2024\/07\/05\/klassismus-und-mobbing\/","title":{"rendered":"Klassismus und Mobbing"},"content":{"rendered":"<p>1. Erkl\u00e4ren Sie: Was meint der Begriff Doing Class bzw. Doing Underclass?<\/p>\n<p>&#8222;Doing Class&#8220; und &#8222;Doing Underclass&#8220; sind soziologische Begriffe, die beschreiben, wie soziale Klassenunterschiede durch allt\u00e4gliche Interaktionen und Praktiken aktiv hergestellt und reproduziert werden (Karl August Chasse, 2016). Statt nur durch \u00f6konomische und soziale Faktoren bestimmt zu sein, dr\u00fccken Menschen ihre Zugeh\u00f6rigkeit zu einer bestimmten Klasse durch Verhalten, Sprache, Kleidung und andere kulturelle Eigenschaften aus. &#8222;Doing Underclass&#8220; bezieht sich speziell auf die Unterklasse, die durch Armut und soziale Ausgrenzung gekennzeichnet ist und wie diese Merkmale durch t\u00e4gliche Handlungen (z.B. Mobbing) verst\u00e4rkt werden.<\/p>\n<p>2. Das meritokratische Versprechen der Schule besagt, dass alle Sch\u00fcler* innern bei gleicher Leistung den gleichen Bildungserfolg haben. Diskutieren Sie dieses Versprechen kritisch anhand der Vorlesungsinhalte.<\/p>\n<p>Das meritokratische Versprechen h\u00f6rt sich erstmal sehr gut und erstrebenswert an. Allerdings sieht die Realit\u00e4t ganz anders aus. Grundlegend sind n\u00e4mlich die Ausgangsbedingungen (Familieneinkommen, Bildungsstandard der Eltern, Migrationshintergrund usw.) der Sch\u00fcler ungleich und damit ist die gleiche Leistung zu erbringen f\u00fcr zwei Sch\u00fcler unterschiedlich schwer\/leicht. Nach dem meritokratischen Versprechen d\u00fcrfen keine Unterschiede zwischen Sch\u00fclerInnen wegen ihrer sozialen Herkunft gemacht werden.\u00a0 Allerdings macht alleine schon der Name der Sch\u00fcler einen Unterschied bei der Bewertung, wie eine Studie von Dickh\u00e4user und Bonefeld aus dem Jahr 2018 gezeigt hat (Dickh\u00e4user und Bonefeld, 2018).<\/p>\n<p>3. Inwiefern hat Ihnen die Vorlesungssitzung neue Erkenntnisse bez\u00fcglich selbst in der Schule beobachteter oder erlebter Situationen vermittelt? Bitte nehmen Sie dabei auf theoretische Inhalte der Vorlesung Bezug und verwenden Sie \u2013 wenn m\u00f6glich \u2013 ein konkretes Beispiel.<\/p>\n<p>Die Vorlesungssitzung gab mir neue Einblicke bez\u00fcglich in der Schule beobachteter Situationen. Ich selber habe einen leichten Migrationshintergund und habe h\u00e4ufig ungleiche und unfaire Bewertungen erlebt. Ich habe h\u00e4ufig erlebt wie ein Kumpel von mir, welcher ebenfalls einen Migrationshintergund besitzt, und ich von den Lehrern ins Visier genommen wurden, nur weil wir nicht komplett deutsch waren. Dies f\u00e4ngt leider wirklich oft schon beim Namen an. Das Thema Mobbing wurde an meiner Schule sehr ernst genommen und es wurden alle Mobbingvorf\u00e4lle intensiv und ausf\u00fchrlich mit der Lehrperson gekl\u00e4rt und zuk\u00fcnftige Mobbingvorf\u00e4lle verhindert bzw. unterbunden. Dementsprechend w\u00e4re die Zahl von 35% an Lehrkr\u00e4ften die bei Mobbing einschreiten an meiner Schule zu gering gewesen.<\/p>\n<p>Quellen:<br \/>\nKarl August Chass\u00e9 (2016): &lt;span;&gt;https:\/\/link.springer.com\/chapter\/10.1007\/978-3-658-14047-2_3<\/p>\n<p>Hadjar, A. (2008): Meritokratie als Legitimationsprinzip. Die Entwicklung der Akzeptanz sozialer Ungleichheit im Zuge der Bildungsexpansion. Wiesbaden: VS Verlag f\u00fcr Sozialwissenschaften.<\/p>\n<p>Bonefeld, M., Dickh\u00e4user, O. (2018): (Biased) Grading of Students\u2019 Performance: Students\u2019 Names, Performance Level, and Implicit Attitudes. In: Front. Psychol. 9 (481).<\/p>\n<p>Fereidooni, Karim; Zeoli, Antonietta P. (2016): Eine Analyse der Gestaltungsprinzipien des deutschen Schulwesens. Gelten Objektivit\u00e4t, Aufstiegsmobilit\u00e4t und Individualit\u00e4t f\u00fcr Kinder mit und ohne \u201eMigrationshintergrund\u201c in gleichem Ma\u00dfe? In: Karim Fereidooni und Antonietta P. Zeoli (Hg.): Managing Diversity. Die diversit\u00e4tsbewusste Ausrichtung des Bildungs- und Kulturwesens, der Wirtschaft und Verwaltung. Wiesbaden: Springer VS, S. 137-154<!--\/data\/user\/0\/com.samsung.android.app.notes\/files\/clipdata\/clipdata_bodytext_240705_115907_045.sdocx--><\/p>\n","protected":false},"excerpt":{"rendered":"<p>1. Erkl\u00e4ren Sie: Was meint der Begriff Doing Class bzw. Doing Underclass? &#8222;Doing Class&#8220; und &#8222;Doing Underclass&#8220; sind soziologische Begriffe, die beschreiben, wie soziale Klassenunterschiede durch allt\u00e4gliche Interaktionen und Praktiken aktiv hergestellt und reproduziert werden (Karl August Chasse, 2016). Statt nur durch \u00f6konomische und soziale Faktoren bestimmt zu sein, dr\u00fccken Menschen ihre Zugeh\u00f6rigkeit zu einer [&hellip;]<\/p>\n","protected":false},"author":15483,"featured_media":0,"comment_status":"open","ping_status":"open","sticky":false,"template":"","format":"standard","meta":{"_bbp_topic_count":0,"_bbp_reply_count":0,"_bbp_total_topic_count":0,"_bbp_total_reply_count":0,"_bbp_voice_count":0,"_bbp_anonymous_reply_count":0,"_bbp_topic_count_hidden":0,"_bbp_reply_count_hidden":0,"_bbp_forum_subforum_count":0,"footnotes":""},"categories":[1],"tags":[7],"class_list":["post-19","post","type-post","status-publish","format-standard","hentry","category-allgemein","tag-rv14"],"_links":{"self":[{"href":"https:\/\/blogs.uni-bremen.de\/karim\/wp-json\/wp\/v2\/posts\/19","targetHints":{"allow":["GET"]}}],"collection":[{"href":"https:\/\/blogs.uni-bremen.de\/karim\/wp-json\/wp\/v2\/posts"}],"about":[{"href":"https:\/\/blogs.uni-bremen.de\/karim\/wp-json\/wp\/v2\/types\/post"}],"author":[{"embeddable":true,"href":"https:\/\/blogs.uni-bremen.de\/karim\/wp-json\/wp\/v2\/users\/15483"}],"replies":[{"embeddable":true,"href":"https:\/\/blogs.uni-bremen.de\/karim\/wp-json\/wp\/v2\/comments?post=19"}],"version-history":[{"count":3,"href":"https:\/\/blogs.uni-bremen.de\/karim\/wp-json\/wp\/v2\/posts\/19\/revisions"}],"predecessor-version":[{"id":24,"href":"https:\/\/blogs.uni-bremen.de\/karim\/wp-json\/wp\/v2\/posts\/19\/revisions\/24"}],"wp:attachment":[{"href":"https:\/\/blogs.uni-bremen.de\/karim\/wp-json\/wp\/v2\/media?parent=19"}],"wp:term":[{"taxonomy":"category","embeddable":true,"href":"https:\/\/blogs.uni-bremen.de\/karim\/wp-json\/wp\/v2\/categories?post=19"},{"taxonomy":"post_tag","embeddable":true,"href":"https:\/\/blogs.uni-bremen.de\/karim\/wp-json\/wp\/v2\/tags?post=19"}],"curies":[{"name":"wp","href":"https:\/\/api.w.org\/{rel}","templated":true}]}}