{"id":19,"date":"2017-05-11T08:21:25","date_gmt":"2017-05-11T06:21:25","guid":{"rendered":"https:\/\/blogs.uni-bremen.de\/internetstudium\/?p=19"},"modified":"2017-05-11T08:37:27","modified_gmt":"2017-05-11T06:37:27","slug":"alles-geplant-oder-was","status":"publish","type":"post","link":"https:\/\/blogs.uni-bremen.de\/internetstudium\/2017\/05\/11\/alles-geplant-oder-was\/","title":{"rendered":"Alles geplant, oder was?"},"content":{"rendered":"<p><img loading=\"lazy\" decoding=\"async\" class=\"alignnone  wp-image-21\" src=\"https:\/\/blogs.uni-bremen.de\/internetstudium\/files\/2017\/05\/Bildschirmfoto-2017-05-11-um-08.17.22-300x190.png\" alt=\"\" width=\"548\" height=\"347\" srcset=\"https:\/\/blogs.uni-bremen.de\/internetstudium\/files\/2017\/05\/Bildschirmfoto-2017-05-11-um-08.17.22-300x190.png 300w, https:\/\/blogs.uni-bremen.de\/internetstudium\/files\/2017\/05\/Bildschirmfoto-2017-05-11-um-08.17.22-768x487.png 768w, https:\/\/blogs.uni-bremen.de\/internetstudium\/files\/2017\/05\/Bildschirmfoto-2017-05-11-um-08.17.22.png 876w\" sizes=\"auto, (max-width: 548px) 100vw, 548px\" \/><\/p>\n<p>Dieser Wochenplan ist durchgeplant. Abends wird geputzt, Geburtstag gefeiert oder gelernt, zwei Tage in der Woche sind freigehalten. Ausschlafen scheint aber ein wichtiger Faktor zu sein, denn nur am Samstag wird f\u00fcr den Job um sieben Uhr ausnahmsweise der Tag begonnen. Am Freitag und am Sonntag sind &#8222;Lernkampftage&#8220;, am Freitag mit sieben Stunden am St\u00fcck wohl mehr eine Wunschvorstellung, denn realistisch ist so etwas nicht. Auff\u00e4llig auch die soziale Komponente, denn nur am Dienstag sind ein paar Stunden f\u00fcr Freunde eingeplant. Und genau da setze ich mich mit meiner Beurteilung an: Kann man so etwas verplanen? Kann man genau vorhersagen, wie lange man sich mit Freunden trifft, kann man genau festlegen, wie lange man f\u00fcr etwas lernt? Meine Meinung: Es gibt feste Termine wie Seminare, Sport und Sprechstunden, die ber\u00fccksichtigt werden m\u00fcssen. Danach muss genug Freiraum sein f\u00fcr das soziale Leben, Freunde und Familie. An n\u00e4chster Stelle steht dann das Berufliche, hierf\u00fcr w\u00fcrde ich flexibel und je nach Lernphase pro Tag eine bis zwei Stunden einplanen. Hat man eigene Kinder, dann kann ich mir noch so viele Pl\u00e4ne machen, da ist Flexibilit\u00e4t vonn\u00f6ten, und die sehe ich bei diesem Plan nicht.<\/p>\n<p>Gehe ich von mir aus, w\u00fcrde ein typischer Tag so aussehen:<\/p>\n<p>06:00-08:00 Kinder fertig machen f\u00fcr Schule und Kindergarten<br \/>\n08:00-12:00 Uni, Vorlesungen, Seminare<br \/>\n12:00-14:00 Mittagessen, Hausaufgaben, Nachmittagsprogramm planen<br \/>\n14:00-18:00 Uni, Job, Einkaufen<br \/>\n18:00-20:00 Abendessen, mit den Kindern spielen und ins Bett bringen<br \/>\n20:00-22:00 Nachbearbeitung des Tages, Absprachen f\u00fcr den Folgetag<\/p>\n<p>Wird dann eines der Kinder krank, verschiebt sich der gesamte Tag. H\u00e4tte ich keine Kinder, w\u00fcrde mein normaler Arbeitstag so aussehen:<\/p>\n<p>06:00-08:00 Fr\u00fchst\u00fcck, Festlegen der Tagesplanung<br \/>\n08:00-12:00 Arbeit, Uni<br \/>\n12:00-13:00 Mittagessen mit Kollegen oder Freunden<br \/>\n13:00-17:00 Arbeit, Uni<br \/>\n17:00-22:00 Treffen mit Freunden, Freizeit, Sport<\/p>\n<p>Das sieht zwar ziemlich nach Alltagsroutine aus, kann aber auch flexibel gehandhabt werden. Und das Wochenende w\u00fcrde ich nur sehr bedingt planen, es muss auch mal Tage geben, wo nichts anliegt.<\/p>\n","protected":false},"excerpt":{"rendered":"<p>Dieser Wochenplan ist durchgeplant. Abends wird geputzt, Geburtstag gefeiert oder gelernt, zwei Tage in der Woche sind freigehalten. Ausschlafen scheint aber ein wichtiger Faktor zu sein, denn nur am Samstag wird f\u00fcr den Job um sieben Uhr ausnahmsweise der Tag begonnen. Am Freitag und am Sonntag sind &#8222;Lernkampftage&#8220;, am Freitag mit sieben Stunden am St\u00fcck [&hellip;]<\/p>\n","protected":false},"author":3587,"featured_media":0,"comment_status":"open","ping_status":"open","sticky":false,"template":"","format":"standard","meta":{"_bbp_topic_count":0,"_bbp_reply_count":0,"_bbp_total_topic_count":0,"_bbp_total_reply_count":0,"_bbp_voice_count":0,"_bbp_anonymous_reply_count":0,"_bbp_topic_count_hidden":0,"_bbp_reply_count_hidden":0,"_bbp_forum_subforum_count":0,"footnotes":""},"categories":[207],"tags":[29728],"class_list":["post-19","post","type-post","status-publish","format-standard","hentry","category-allgemein","tag-modul_b-r"],"_links":{"self":[{"href":"https:\/\/blogs.uni-bremen.de\/internetstudium\/wp-json\/wp\/v2\/posts\/19","targetHints":{"allow":["GET"]}}],"collection":[{"href":"https:\/\/blogs.uni-bremen.de\/internetstudium\/wp-json\/wp\/v2\/posts"}],"about":[{"href":"https:\/\/blogs.uni-bremen.de\/internetstudium\/wp-json\/wp\/v2\/types\/post"}],"author":[{"embeddable":true,"href":"https:\/\/blogs.uni-bremen.de\/internetstudium\/wp-json\/wp\/v2\/users\/3587"}],"replies":[{"embeddable":true,"href":"https:\/\/blogs.uni-bremen.de\/internetstudium\/wp-json\/wp\/v2\/comments?post=19"}],"version-history":[{"count":3,"href":"https:\/\/blogs.uni-bremen.de\/internetstudium\/wp-json\/wp\/v2\/posts\/19\/revisions"}],"predecessor-version":[{"id":27,"href":"https:\/\/blogs.uni-bremen.de\/internetstudium\/wp-json\/wp\/v2\/posts\/19\/revisions\/27"}],"wp:attachment":[{"href":"https:\/\/blogs.uni-bremen.de\/internetstudium\/wp-json\/wp\/v2\/media?parent=19"}],"wp:term":[{"taxonomy":"category","embeddable":true,"href":"https:\/\/blogs.uni-bremen.de\/internetstudium\/wp-json\/wp\/v2\/categories?post=19"},{"taxonomy":"post_tag","embeddable":true,"href":"https:\/\/blogs.uni-bremen.de\/internetstudium\/wp-json\/wp\/v2\/tags?post=19"}],"curies":[{"name":"wp","href":"https:\/\/api.w.org\/{rel}","templated":true}]}}