{"id":75,"date":"2012-02-21T19:20:26","date_gmt":"2012-02-21T19:20:26","guid":{"rendered":"http:\/\/blogs.uni-bremen.de\/glasgow\/?p=75"},"modified":"2012-02-21T19:20:26","modified_gmt":"2012-02-21T19:20:26","slug":"alcest-konzert-in-glasgow","status":"publish","type":"post","link":"https:\/\/blogs.uni-bremen.de\/glasgow\/2012\/02\/21\/alcest-konzert-in-glasgow\/","title":{"rendered":"Alcest Konzert in Glasgow"},"content":{"rendered":"<p>Gestern war ich auf dem Alcest Konzert hier in Glasgow! Ich hab schon eeeeewig drauf gewartet sie mal zu sehen, und es war einfach der HAMMER! Eines der besten Konzerte auf denen ich je war^^<\/p>\n<p>Das Konzert fand im Stereo statt, was ich ohne Hilfe niemals gefunden h\u00e4tte, vor allem weil es so ne richtig noble Bar war, und man durch gehen musste um in den KEller zu gelangen, der absolut abgeranzt aussah&#8230;Au\u00dferdem habe ich, glaube ich, noch nie ein Konzert geh\u00f6rt, bei dem der Sound so schlecht war&#8230;Aber die Stimmung war super, au\u00dferdem waren nich allzu viele Leute da, sodass man einfach nach vorne schlendern konnte:)<\/p>\n<p>Die erste Support Band h\u00f6rte sich ein wenig nach Oldschool- Gothic an, und der S\u00e4nger hatte eine Art zerfetztes Bettlaken an, aber war ganz okay \ud83d\ude00 Die zweite Support Band waren &#8222;Les Discrets&#8220; die ich bisher noch nciht kannte, aber bei der Neige auch irgendwie schon mitgespielt hat. Als \u00dcberraschung haben die ein Lied von Amesoeurs gespielt(die sich ja schon aufgel\u00f6st haben) und ich bin regelrecht ausgelippt \ud83d\ude00 Ich h\u00e4tte niemals gedacht, dass ich jemals ein Lied von denen live h\u00f6ren werde!! Zwischen &#8222;Les Discrets&#8220; und Alcest wurde als\u00a0 \u00dcberbr\u00fcckung dann noch S\u00f3lstafir gespielt und ich dachte, dass es einfach nich besser werden k\u00f6nnte \ud83d\ude00 Alcest haben dann als zweites mein absolutes Lieblingslied gespielt und ich stand sp\u00e4ter noch in der ersten Reihe..Perfekt \ud83d\ude00 Ich h\u00e4tte zwischendurch einfach heulen k\u00f6nnen, weil das Konzert so unglaublich wundersch\u00f6n war&#8230;einfach zauberhaft \ud83d\ude09 Nach dem Konzert habe ich mir dann noch ein T- Shirt geholt und da ich kein Kleingeld hatte habe ich das Poster sogar umsonst bekommen*hehe*<\/p>\n<p>Dann wollte ich grade rausgehen und ahbe Neige auf der Treppe getroffen und mich noch kurz mit ihm unterhalten und ein Bild gemacht \ud83d\ude00 Es ist einfach unglaublich, was f\u00fcr Musik dieser brilliante Mensch kreiert!<\/p>\n<p><a href=\"http:\/\/blogs.uni-bremen.de\/glasgow\/files\/2012\/02\/DSC07828.jpg\" data-rel=\"lightbox-image-0\" data-rl_title=\"\" data-rl_caption=\"\" title=\"\"><img loading=\"lazy\" decoding=\"async\" class=\"alignnone size-medium wp-image-77\" src=\"http:\/\/blogs.uni-bremen.de\/glasgow\/files\/2012\/02\/DSC07828-300x225.jpg\" alt=\"\" width=\"300\" height=\"225\" srcset=\"https:\/\/blogs.uni-bremen.de\/glasgow\/files\/2012\/02\/DSC07828-300x225.jpg 300w, https:\/\/blogs.uni-bremen.de\/glasgow\/files\/2012\/02\/DSC07828-1024x768.jpg 1024w, https:\/\/blogs.uni-bremen.de\/glasgow\/files\/2012\/02\/DSC07828-400x300.jpg 400w\" sizes=\"auto, (max-width: 300px) 100vw, 300px\" \/><\/a><a href=\"http:\/\/blogs.uni-bremen.de\/glasgow\/files\/2012\/02\/DSC07832-e1329851946445.jpg\" data-rel=\"lightbox-image-1\" data-rl_title=\"\" data-rl_caption=\"\" title=\"\"><img loading=\"lazy\" decoding=\"async\" class=\"alignnone size-medium wp-image-79\" src=\"http:\/\/blogs.uni-bremen.de\/glasgow\/files\/2012\/02\/DSC07832-e1329851946445-225x300.jpg\" alt=\"\" width=\"225\" height=\"300\" srcset=\"https:\/\/blogs.uni-bremen.de\/glasgow\/files\/2012\/02\/DSC07832-e1329851946445-225x300.jpg 225w, https:\/\/blogs.uni-bremen.de\/glasgow\/files\/2012\/02\/DSC07832-e1329851946445-768x1024.jpg 768w, https:\/\/blogs.uni-bremen.de\/glasgow\/files\/2012\/02\/DSC07832-e1329851946445.jpg 1944w\" sizes=\"auto, (max-width: 225px) 100vw, 225px\" \/><\/a><a href=\"http:\/\/blogs.uni-bremen.de\/glasgow\/files\/2012\/02\/DSC07835.jpg\" data-rel=\"lightbox-image-2\" data-rl_title=\"\" data-rl_caption=\"\" title=\"\"><img loading=\"lazy\" decoding=\"async\" class=\"alignnone size-medium wp-image-80\" src=\"http:\/\/blogs.uni-bremen.de\/glasgow\/files\/2012\/02\/DSC07835-300x225.jpg\" alt=\"\" width=\"300\" height=\"225\" srcset=\"https:\/\/blogs.uni-bremen.de\/glasgow\/files\/2012\/02\/DSC07835-300x225.jpg 300w, https:\/\/blogs.uni-bremen.de\/glasgow\/files\/2012\/02\/DSC07835-1024x768.jpg 1024w, https:\/\/blogs.uni-bremen.de\/glasgow\/files\/2012\/02\/DSC07835-400x300.jpg 400w\" sizes=\"auto, (max-width: 300px) 100vw, 300px\" \/><\/a><a href=\"http:\/\/blogs.uni-bremen.de\/glasgow\/files\/2012\/02\/DSC07831.jpg\" data-rel=\"lightbox-image-3\" data-rl_title=\"\" data-rl_caption=\"\" title=\"\"><img loading=\"lazy\" decoding=\"async\" class=\"alignnone size-medium wp-image-78\" src=\"http:\/\/blogs.uni-bremen.de\/glasgow\/files\/2012\/02\/DSC07831-300x225.jpg\" alt=\"\" width=\"300\" height=\"225\" srcset=\"https:\/\/blogs.uni-bremen.de\/glasgow\/files\/2012\/02\/DSC07831-300x225.jpg 300w, https:\/\/blogs.uni-bremen.de\/glasgow\/files\/2012\/02\/DSC07831-1024x768.jpg 1024w, https:\/\/blogs.uni-bremen.de\/glasgow\/files\/2012\/02\/DSC07831-400x300.jpg 400w\" sizes=\"auto, (max-width: 300px) 100vw, 300px\" \/><\/a><\/p>\n<p>Einfach ein perfekter Abend!<\/p>\n<p>&nbsp;<\/p>\n","protected":false},"excerpt":{"rendered":"<p>Gestern war ich auf dem Alcest Konzert hier in Glasgow! Ich hab schon eeeeewig drauf gewartet sie mal zu sehen, und es war einfach der HAMMER! Eines der besten Konzerte auf denen ich je war^^ Das Konzert fand im Stereo &hellip; <a href=\"https:\/\/blogs.uni-bremen.de\/glasgow\/2012\/02\/21\/alcest-konzert-in-glasgow\/\">Weiterlesen <span class=\"meta-nav\">&rarr;<\/span><\/a><\/p>\n","protected":false},"author":546,"featured_media":0,"comment_status":"open","ping_status":"open","sticky":false,"template":"","format":"standard","meta":{"_bbp_topic_count":0,"_bbp_reply_count":0,"_bbp_total_topic_count":0,"_bbp_total_reply_count":0,"_bbp_voice_count":0,"_bbp_anonymous_reply_count":0,"_bbp_topic_count_hidden":0,"_bbp_reply_count_hidden":0,"_bbp_forum_subforum_count":0,"footnotes":""},"categories":[207],"tags":[],"class_list":["post-75","post","type-post","status-publish","format-standard","hentry","category-allgemein"],"_links":{"self":[{"href":"https:\/\/blogs.uni-bremen.de\/glasgow\/wp-json\/wp\/v2\/posts\/75","targetHints":{"allow":["GET"]}}],"collection":[{"href":"https:\/\/blogs.uni-bremen.de\/glasgow\/wp-json\/wp\/v2\/posts"}],"about":[{"href":"https:\/\/blogs.uni-bremen.de\/glasgow\/wp-json\/wp\/v2\/types\/post"}],"author":[{"embeddable":true,"href":"https:\/\/blogs.uni-bremen.de\/glasgow\/wp-json\/wp\/v2\/users\/546"}],"replies":[{"embeddable":true,"href":"https:\/\/blogs.uni-bremen.de\/glasgow\/wp-json\/wp\/v2\/comments?post=75"}],"version-history":[{"count":0,"href":"https:\/\/blogs.uni-bremen.de\/glasgow\/wp-json\/wp\/v2\/posts\/75\/revisions"}],"wp:attachment":[{"href":"https:\/\/blogs.uni-bremen.de\/glasgow\/wp-json\/wp\/v2\/media?parent=75"}],"wp:term":[{"taxonomy":"category","embeddable":true,"href":"https:\/\/blogs.uni-bremen.de\/glasgow\/wp-json\/wp\/v2\/categories?post=75"},{"taxonomy":"post_tag","embeddable":true,"href":"https:\/\/blogs.uni-bremen.de\/glasgow\/wp-json\/wp\/v2\/tags?post=75"}],"curies":[{"name":"wp","href":"https:\/\/api.w.org\/{rel}","templated":true}]}}