{"id":19,"date":"2014-06-16T08:24:45","date_gmt":"2014-06-16T06:24:45","guid":{"rendered":"http:\/\/blogs.uni-bremen.de\/forumsdiskussion\/?p=19"},"modified":"2014-06-26T22:58:10","modified_gmt":"2014-06-26T20:58:10","slug":"wilfried-bos-stellt-in-der-begleituntersuchung-zu-iglu-2003-fest-dass-jungen-sich-in-der-tendenz-im-vergleich-mit-der-weiblichen-gleichaltrigengruppe-signifikant-weniger-sicher-in-schule-fuehlen","status":"publish","type":"post","link":"https:\/\/blogs.uni-bremen.de\/forumsdiskussion\/2014\/06\/16\/wilfried-bos-stellt-in-der-begleituntersuchung-zu-iglu-2003-fest-dass-jungen-sich-in-der-tendenz-im-vergleich-mit-der-weiblichen-gleichaltrigengruppe-signifikant-weniger-sicher-in-schule-fuehlen\/","title":{"rendered":"Wilfried Bos stellt in der Begleituntersuchung zu IGLU 2003 fest, dass Jungen sich in der Tendenz \u2013 im Vergleich mit der weiblichen Gleichaltrigengruppe \u2013 signifikant weniger sicher in Schule f\u00fchlen, deutlich weniger gerne zur Schule gehen und eindeutig h\u00e4ufiger das Gef\u00fchl haben, dass sich die Lehrkr\u00e4fte nicht\/wenig um sie k\u00fcmmern. Wie erkl\u00e4ren Sie sich diese Ergebnisse und wie k\u00f6nnte man diese Situation verbessern?"},"content":{"rendered":"<p>Wilfried Bos (IGLU 2003) zeigt durch seine Studie, dass Jungen im Vergleich zu M\u00e4dchen weniger gerne zur Schule gehen. Zum einen sind viele der j\u00fcngeren Sch\u00fcler, meiner Meinung nach, sehr sch\u00fcchtern und\/oder manche k\u00f6nnen sich nicht \u00fcber einen l\u00e4ngeren Zeitraum auf eine bestimmte Sache konzentrieren. Dieses Verhalten ist charakteristisch f\u00fcr viele Jungen. Die meisten k\u00f6nnen trotzdem den Unterricht gut folgen, nur wenige k\u00f6nnen die geforderten Leistungen nicht erf\u00fcllen. Dieses wird in den Leistungen nicht viel ausmachen, da sie trotzdem dem Unterricht folgen k\u00f6nnen, einige Jungen jedoch bleiben vielleicht in bestimmten Bereichen auf der Strecke. Ein Grund daf\u00fcr k\u00f6nnte sein, dass Jungen sich eher langweilen. Sie f\u00fchlen sich auch nicht gut betreut und haben auch manchmal andere Interessen. Sie f\u00fchlen sich manchmal ungerecht behandelt und auch benachteiligt. Die Lehrkraft verlangt vom Sch\u00fcler Disziplin und erwartet, dass Regeln eingehalten werden. Die M\u00e4dchen gelten \u00fcberwiegend als besser angepasst, sie sind disziplinierter und damit auch ruhiger. Nach meiner Erfahrung sind Lehrerinnen in den ersten Klassen besser geeignet f\u00fcr Jungen und Lehrer f\u00fcr M\u00e4dchen.<br \/>\nEine klare L\u00f6sung ist meiner Meinung nach schwer zu finden. Vielleicht sollte mehr auf ein spezielles Programm f\u00fcr Jungen gesetzt werden: Werkunterricht, Fu\u00dfball, Musik, Tanzen. Wichtig ist dass, jeder Sch\u00fcler gerne zur Schule geht (Motivation). Jeder Sch\u00fcler an sich ist einzigartig. Die Leistungen beider Geschlechter sollten gleichberechtigt bewerten werden. Man muss Ihnen gleiche Bildungsm\u00f6glichkeiten und Bildungschance bieten.<\/p>\n<p>&nbsp;<\/p>\n","protected":false},"excerpt":{"rendered":"<p>Wilfried Bos (IGLU 2003) zeigt durch seine Studie, dass Jungen im Vergleich zu M\u00e4dchen weniger gerne zur Schule gehen. Zum einen sind viele der j\u00fcngeren Sch\u00fcler, meiner Meinung nach, sehr sch\u00fcchtern und\/oder manche k\u00f6nnen sich nicht \u00fcber einen l\u00e4ngeren Zeitraum auf eine bestimmte Sache konzentrieren. Dieses Verhalten ist charakteristisch f\u00fcr viele Jungen. Die meisten k\u00f6nnen &hellip; <a href=\"https:\/\/blogs.uni-bremen.de\/forumsdiskussion\/2014\/06\/16\/wilfried-bos-stellt-in-der-begleituntersuchung-zu-iglu-2003-fest-dass-jungen-sich-in-der-tendenz-im-vergleich-mit-der-weiblichen-gleichaltrigengruppe-signifikant-weniger-sicher-in-schule-fuehlen\/\" class=\"more-link\"><span class=\"screen-reader-text\">Wilfried Bos stellt in der Begleituntersuchung zu IGLU 2003 fest, dass Jungen sich in der Tendenz \u2013 im Vergleich mit der weiblichen Gleichaltrigengruppe \u2013 signifikant weniger sicher in Schule f\u00fchlen, deutlich weniger gerne zur Schule gehen und eindeutig h\u00e4ufiger das Gef\u00fchl haben, dass sich die Lehrkr\u00e4fte nicht\/wenig um sie k\u00fcmmern. Wie erkl\u00e4ren Sie sich diese Ergebnisse und wie k\u00f6nnte man diese Situation verbessern?<\/span> weiterlesen <span class=\"meta-nav\">&rarr;<\/span><\/a><\/p>\n","protected":false},"author":2690,"featured_media":0,"comment_status":"open","ping_status":"open","sticky":false,"template":"","format":"standard","meta":{"_bbp_topic_count":0,"_bbp_reply_count":0,"_bbp_total_topic_count":0,"_bbp_total_reply_count":0,"_bbp_voice_count":0,"_bbp_anonymous_reply_count":0,"_bbp_topic_count_hidden":0,"_bbp_reply_count_hidden":0,"_bbp_forum_subforum_count":0,"footnotes":""},"categories":[207],"tags":[23848],"class_list":["post-19","post","type-post","status-publish","format-standard","hentry","category-allgemein","tag-rv08"],"_links":{"self":[{"href":"https:\/\/blogs.uni-bremen.de\/forumsdiskussion\/wp-json\/wp\/v2\/posts\/19","targetHints":{"allow":["GET"]}}],"collection":[{"href":"https:\/\/blogs.uni-bremen.de\/forumsdiskussion\/wp-json\/wp\/v2\/posts"}],"about":[{"href":"https:\/\/blogs.uni-bremen.de\/forumsdiskussion\/wp-json\/wp\/v2\/types\/post"}],"author":[{"embeddable":true,"href":"https:\/\/blogs.uni-bremen.de\/forumsdiskussion\/wp-json\/wp\/v2\/users\/2690"}],"replies":[{"embeddable":true,"href":"https:\/\/blogs.uni-bremen.de\/forumsdiskussion\/wp-json\/wp\/v2\/comments?post=19"}],"version-history":[{"count":0,"href":"https:\/\/blogs.uni-bremen.de\/forumsdiskussion\/wp-json\/wp\/v2\/posts\/19\/revisions"}],"wp:attachment":[{"href":"https:\/\/blogs.uni-bremen.de\/forumsdiskussion\/wp-json\/wp\/v2\/media?parent=19"}],"wp:term":[{"taxonomy":"category","embeddable":true,"href":"https:\/\/blogs.uni-bremen.de\/forumsdiskussion\/wp-json\/wp\/v2\/categories?post=19"},{"taxonomy":"post_tag","embeddable":true,"href":"https:\/\/blogs.uni-bremen.de\/forumsdiskussion\/wp-json\/wp\/v2\/tags?post=19"}],"curies":[{"name":"wp","href":"https:\/\/api.w.org\/{rel}","templated":true}]}}