{"id":15,"date":"2014-05-31T22:47:38","date_gmt":"2014-05-31T20:47:38","guid":{"rendered":"http:\/\/blogs.uni-bremen.de\/forumsdiskussion\/?p=15"},"modified":"2014-05-31T22:48:57","modified_gmt":"2014-05-31T20:48:57","slug":"skizzieren-sie-fuer-eines-ihrer-unterrichtsfaecher-ein-beispiel-fuer-innere-differenzierung-genauer-das-sie-auf-drei-von-ihnen-zu-waehlende-felder-von-thaler-anwenden","status":"publish","type":"post","link":"https:\/\/blogs.uni-bremen.de\/forumsdiskussion\/2014\/05\/31\/skizzieren-sie-fuer-eines-ihrer-unterrichtsfaecher-ein-beispiel-fuer-innere-differenzierung-genauer-das-sie-auf-drei-von-ihnen-zu-waehlende-felder-von-thaler-anwenden\/","title":{"rendered":"Skizzieren Sie f\u00fcr eines Ihrer Unterrichtsf\u00e4cher ein Beispiel f\u00fcr innere Differenzierung genauer, das Sie auf drei (von Ihnen zu w\u00e4hlende) Felder von Thaler anwenden."},"content":{"rendered":"<p><span style=\"font-family: 'Times New Roman', serif\"><span lang=\"de-DE\">Um die Aufgabe gut <\/span><span lang=\"de-DE\">fertig zu stellen<\/span><span lang=\"de-DE\"> m\u00fcssen wir erst <\/span><span lang=\"de-DE\">einmal<\/span><span lang=\"de-DE\"> verstehen was de<\/span><span lang=\"de-DE\">r<\/span><span lang=\"de-DE\"> Begriff Heterogenit\u00e4t bedeutet. <\/span><span lang=\"de-DE\">Man muss<\/span><span lang=\"de-DE\"> verstehen, dass Heterogenit\u00e4t nicht nur mit Sprachkompetenz zu tun hat. Kultur, Erfahrung <\/span><span lang=\"de-DE\">und<\/span><span lang=\"de-DE\"> sozial <\/span><span lang=\"de-DE\">K<\/span><span lang=\"de-DE\">lasse sind auch <\/span><span lang=\"de-DE\">Faktoren, die einen Einfluss haben<\/span><span lang=\"de-DE\">. Im Folgenden werde ich <\/span><span lang=\"de-DE\">mich mit<\/span><span lang=\"de-DE\"> den Begriff am Beispiel des Unterrichtsfaches Franz\u00f6sisch ausei<\/span><span lang=\"de-DE\">n<\/span><span lang=\"de-DE\">ander setzten. Fremdsprach<\/span><span lang=\"de-DE\">en<\/span><span lang=\"de-DE\">unterricht f\u00fchr<\/span><span lang=\"de-DE\">t<\/span><span lang=\"de-DE\"> mehr zu <\/span><span lang=\"de-DE\">einer <\/span><span lang=\"de-DE\">heterogene<\/span><span lang=\"de-DE\">n<\/span><span lang=\"de-DE\"> Situation. Alle <\/span><span lang=\"de-DE\">Sch\u00fcler<\/span><span lang=\"de-DE\"> lernen eine neue Sprache bzw. eine neue Kultur kennen. Hier hat jede Sch\u00fcler\/-in die M\u00f6glichkeit von seiner Kultur, Erfahrung <\/span><span lang=\"de-DE\">und<\/span><span lang=\"de-DE\"> Familie zu reden. Das hei\u00dft <\/span><span lang=\"de-DE\">s<\/span><span lang=\"de-DE\">ie werden selber merken wie <\/span><span lang=\"de-DE\">u<\/span><span lang=\"de-DE\">nterschiedlich wir Menschen sind. Beispielsweise <\/span><span lang=\"de-DE\">ist <\/span><span lang=\"de-DE\">das Thema Familie effektiv in eine<\/span><span lang=\"de-DE\">r<\/span><span lang=\"de-DE\">h<\/span><span lang=\"de-DE\">eterogene<\/span><span lang=\"de-DE\">n<\/span><span lang=\"de-DE\"> Klasse. Hier ist es zu sehen, dass jede<\/span><span lang=\"de-DE\">r<\/span><span lang=\"de-DE\"> Sch\u00fcler die M\u00f6glichkeit <\/span><span lang=\"de-DE\">hat<\/span><span lang=\"de-DE\"> sich zu \u00e4u\u00dfern. Was Familie in Deutschland bedeutet ist bestimmt nicht dasselbe in Ost<\/span><span lang=\"de-DE\">e<\/span><span lang=\"de-DE\">uropa oder S\u00fcd<\/span><span lang=\"de-DE\">e<\/span><span lang=\"de-DE\">uropa oder <\/span><span lang=\"de-DE\">sogar<\/span><span lang=\"de-DE\"> in Afrika. Durch diese<\/span><span lang=\"de-DE\">s<\/span><span lang=\"de-DE\"> k<\/span><span lang=\"de-DE\">\u00f6nnen die Felder von <\/span><span lang=\"de-DE\">Thaler angewendet werden. Endlich k<\/span><span lang=\"de-DE\">\u00f6n<\/span><span lang=\"de-DE\">n<\/span><span lang=\"de-DE\">en<\/span><span lang=\"de-DE\"> durch Aufgaben nun Sch\u00fcler <\/span><span lang=\"de-DE\">sich<\/span><span lang=\"de-DE\"> mit Hilfe von Lehrer<\/span><span lang=\"de-DE\">n<\/span><span lang=\"de-DE\"> oder <\/span><span lang=\"de-DE\">L<\/span><span lang=\"de-DE\">ehrmaterial<\/span><span lang=\"de-DE\">i<\/span><span lang=\"de-DE\">en mit dem Thema auseinandersetzen. Ein weiteres Beispiel ist das Pl<\/span><span lang=\"de-DE\">enum<\/span><span lang=\"de-DE\"> oder <\/span><span lang=\"de-DE\">die <\/span><span lang=\"de-DE\">Gruppen<\/span><span lang=\"de-DE\">a<\/span><span lang=\"de-DE\">rbeit<\/span><span lang=\"de-DE\">, da sie<\/span><span lang=\"de-DE\"> ein Zugang zu Toler<\/span><span lang=\"de-DE\">a<\/span><span lang=\"de-DE\">nz und Umgang mit Heterogenit\u00e4t <\/span><span lang=\"de-DE\">sind<\/span><span lang=\"de-DE\">.<\/span><\/span><\/p>\n<p><span style=\"font-family: 'Times New Roman', serif\"><em><span lang=\"de-DE\">2. Fassen Sie in Ihren eigenen Worten kurz zentrale Unterschiede zwischen den Konzepten des interkulturellen und des transkulturellen Lernens. Setzen Sie diese in Bezug zum Konzept der Interkulturellen Bildung. Diskutieren Sie im Anschluss, welche Implikationen diese Unterschiede f\u00fcr den im Zusammenhang mit beiden Konzepten zentralen Heterogenit\u00e4tsbegriff haben.<\/span><\/em><\/span><\/p>\n<p><span style=\"font-family: 'Times New Roman', serif\"><span lang=\"de-DE\">Interkulturelles Lernen ist das Lernen zwischen Kulturen, was mit dem Aufeinandertreffen von mehreren Kulturen verbunden ist. Transkulturalit\u00e4t ist von dem Begriff der Globalisierung gepr\u00e4gt worden und bevorzugt die Vernetzung verschiedener Kulturen. Also die Unterschiede <\/span><span lang=\"de-DE\">kommen daher<\/span><span lang=\"de-DE\">, <\/span><span lang=\"de-DE\">dass<\/span><span lang=\"de-DE\"> es keinen passenden Weg gefunden w<\/span><span lang=\"de-DE\">urde<\/span><span lang=\"de-DE\">, um die Probleme zu beheben. Hier geht es um <\/span><span lang=\"de-DE\">i<\/span><span lang=\"de-DE\">nterkulturelle Kompetenz. Sch\u00fclerinnen und Sch\u00fcler mit gleicher <\/span><span lang=\"de-DE\">k<\/span><span lang=\"de-DE\">ultureller Herkunft werden nicht in homogene Gruppen <\/span><span lang=\"de-DE\">und<\/span><span lang=\"de-DE\"> feste Kulturen kategorisiert, sondern das Konzept basiert auf der Pers\u00f6nlichkeit, der Identit\u00e4t <\/span><span lang=\"de-DE\">und<\/span><span lang=\"de-DE\"> unabh\u00e4ngig von kultureller Herkunft. Die Gemeinsamkeiten der einzelnen Individ<\/span><span lang=\"de-DE\">u<\/span><span lang=\"de-DE\">en <\/span><span lang=\"de-DE\">sind<\/span><span lang=\"de-DE\">o<\/span><span lang=\"de-DE\">hne Diskriminierung <\/span><span lang=\"de-DE\">zu <\/span><span lang=\"de-DE\">sehe<\/span><span lang=\"de-DE\">n<\/span><span lang=\"de-DE\">. Wi<\/span><span lang=\"de-DE\">r<\/span><span lang=\"de-DE\"> leben in einer <\/span><span lang=\"de-DE\">g<\/span><span lang=\"de-DE\">lobalisierten Welt, <\/span><span lang=\"de-DE\">bei<\/span><span lang=\"de-DE\"> de<\/span><span lang=\"de-DE\">r<\/span><span lang=\"de-DE\"> jede Kultur ein Teil <\/span><span lang=\"de-DE\">davon<\/span><span lang=\"de-DE\"> ist und eine Rolle spielt.<\/span><\/span><\/p>\n","protected":false},"excerpt":{"rendered":"<p>Um die Aufgabe gut fertig zu stellen m\u00fcssen wir erst einmal verstehen was der Begriff Heterogenit\u00e4t bedeutet. Man muss verstehen, dass Heterogenit\u00e4t nicht nur mit Sprachkompetenz zu tun hat. Kultur, Erfahrung und sozial Klasse sind auch Faktoren, die einen Einfluss haben. Im Folgenden werde ich mich mit den Begriff am Beispiel des Unterrichtsfaches Franz\u00f6sisch auseinander &hellip; <a href=\"https:\/\/blogs.uni-bremen.de\/forumsdiskussion\/2014\/05\/31\/skizzieren-sie-fuer-eines-ihrer-unterrichtsfaecher-ein-beispiel-fuer-innere-differenzierung-genauer-das-sie-auf-drei-von-ihnen-zu-waehlende-felder-von-thaler-anwenden\/\" class=\"more-link\"><span class=\"screen-reader-text\">Skizzieren Sie f\u00fcr eines Ihrer Unterrichtsf\u00e4cher ein Beispiel f\u00fcr innere Differenzierung genauer, das Sie auf drei (von Ihnen zu w\u00e4hlende) Felder von Thaler anwenden.<\/span> weiterlesen <span class=\"meta-nav\">&rarr;<\/span><\/a><\/p>\n","protected":false},"author":2690,"featured_media":0,"comment_status":"open","ping_status":"open","sticky":false,"template":"","format":"standard","meta":{"_bbp_topic_count":0,"_bbp_reply_count":0,"_bbp_total_topic_count":0,"_bbp_total_reply_count":0,"_bbp_voice_count":0,"_bbp_anonymous_reply_count":0,"_bbp_topic_count_hidden":0,"_bbp_reply_count_hidden":0,"_bbp_forum_subforum_count":0,"footnotes":""},"categories":[207],"tags":[23843],"class_list":["post-15","post","type-post","status-publish","format-standard","hentry","category-allgemein","tag-rv03"],"_links":{"self":[{"href":"https:\/\/blogs.uni-bremen.de\/forumsdiskussion\/wp-json\/wp\/v2\/posts\/15","targetHints":{"allow":["GET"]}}],"collection":[{"href":"https:\/\/blogs.uni-bremen.de\/forumsdiskussion\/wp-json\/wp\/v2\/posts"}],"about":[{"href":"https:\/\/blogs.uni-bremen.de\/forumsdiskussion\/wp-json\/wp\/v2\/types\/post"}],"author":[{"embeddable":true,"href":"https:\/\/blogs.uni-bremen.de\/forumsdiskussion\/wp-json\/wp\/v2\/users\/2690"}],"replies":[{"embeddable":true,"href":"https:\/\/blogs.uni-bremen.de\/forumsdiskussion\/wp-json\/wp\/v2\/comments?post=15"}],"version-history":[{"count":0,"href":"https:\/\/blogs.uni-bremen.de\/forumsdiskussion\/wp-json\/wp\/v2\/posts\/15\/revisions"}],"wp:attachment":[{"href":"https:\/\/blogs.uni-bremen.de\/forumsdiskussion\/wp-json\/wp\/v2\/media?parent=15"}],"wp:term":[{"taxonomy":"category","embeddable":true,"href":"https:\/\/blogs.uni-bremen.de\/forumsdiskussion\/wp-json\/wp\/v2\/categories?post=15"},{"taxonomy":"post_tag","embeddable":true,"href":"https:\/\/blogs.uni-bremen.de\/forumsdiskussion\/wp-json\/wp\/v2\/tags?post=15"}],"curies":[{"name":"wp","href":"https:\/\/api.w.org\/{rel}","templated":true}]}}