{"id":25,"date":"2016-04-29T15:09:49","date_gmt":"2016-04-29T13:09:49","guid":{"rendered":"https:\/\/blogs.uni-bremen.de\/ewlgo3d\/?p=25"},"modified":"2016-04-29T15:09:49","modified_gmt":"2016-04-29T13:09:49","slug":"episode-2-teilaufgabe-3","status":"publish","type":"post","link":"https:\/\/blogs.uni-bremen.de\/ewlgo3d\/2016\/04\/29\/episode-2-teilaufgabe-3\/","title":{"rendered":"Episode 2: Teilaufgabe 3"},"content":{"rendered":"<p>Ich habe die Studie: &#8222;Medienkompetenz in der Schule- Integration von Medien in den weiterf\u00fchrenden Schulen in Nordrhein-Westfalen&#8220;, von Andreas Breiter, Stefan Welling, Bj\u00f6rn Eric Stolpmann, gew\u00e4hlt. Sie ist im Jahr 2010 erschienen (VISTAS Verlag, Berlin).<\/p>\n<p>Zu finden ist sie unter dem Link:<\/p>\n<p>https:\/\/www.lfm-nrw.de\/fileadmin\/lfm-nrw\/Forschung\/LfM-Band-64.pdf<\/p>\n<p>&nbsp;<\/p>\n<p>Zusammenfassung:<\/p>\n<p>Diese Studie betont die zentralle Rolle von Schule in der Aneignung von Medienkompetenz. Unter dem Begriff von &#8222;Medienintegration&#8220; stellt sie ein Konzept vor, um Medien nachhaltig in den UNterricht einzubauen. Es werden f\u00fcnf Schwerpunkt-Bereiche identifiziert, anhand derer sich die Medienintegration beschreiben l\u00e4sst, wobeib die Medien- und Unterrichtspraxis (aus Sicht der Lehrkr\u00e4fte) den Kernbereich der Medienintegration bildet.<\/p>\n<div><\/div>\n<div>Im zweiten Teil werden die Medien selber thematisiert, wobei herauskommt, dass die Zeitung und der Fernseher immer noch die Leitmedien sind. Vergleichsweise neu dazu kommen auch Wikipedia, Youtube und andere Internetportale.<\/div>\n<div>Alles in allem wird in der Studie deutlich, dass Medienintegration ein aktuelles, relevantes Thema ist und einen langfristigen Prozess darstellt, der gemeinsam auf allen Ebenen von Schule und Gesellschaft vorangetrieben werden sollte.<\/div>\n","protected":false},"excerpt":{"rendered":"<p>Ich habe die Studie: &#8222;Medienkompetenz in der Schule- Integration von Medien in den weiterf\u00fchrenden Schulen in Nordrhein-Westfalen&#8220;, von Andreas Breiter, Stefan Welling, Bj\u00f6rn Eric Stolpmann, gew\u00e4hlt. Sie ist im Jahr 2010 erschienen (VISTAS Verlag, Berlin). Zu finden ist sie unter dem Link: https:\/\/www.lfm-nrw.de\/fileadmin\/lfm-nrw\/Forschung\/LfM-Band-64.pdf &nbsp; Zusammenfassung: Diese Studie betont die zentralle Rolle von Schule in der &hellip; <a href=\"https:\/\/blogs.uni-bremen.de\/ewlgo3d\/2016\/04\/29\/episode-2-teilaufgabe-3\/\" class=\"more-link\"><span class=\"screen-reader-text\">Episode 2: Teilaufgabe 3<\/span> weiterlesen<\/a><\/p>\n","protected":false},"author":918,"featured_media":0,"comment_status":"open","ping_status":"open","sticky":false,"template":"","format":"standard","meta":{"_bbp_topic_count":0,"_bbp_reply_count":0,"_bbp_total_topic_count":0,"_bbp_total_reply_count":0,"_bbp_voice_count":0,"_bbp_anonymous_reply_count":0,"_bbp_topic_count_hidden":0,"_bbp_reply_count_hidden":0,"_bbp_forum_subforum_count":0,"footnotes":""},"categories":[207],"tags":[150852],"class_list":["post-25","post","type-post","status-publish","format-standard","hentry","category-allgemein","tag-eteachrkw16"],"_links":{"self":[{"href":"https:\/\/blogs.uni-bremen.de\/ewlgo3d\/wp-json\/wp\/v2\/posts\/25","targetHints":{"allow":["GET"]}}],"collection":[{"href":"https:\/\/blogs.uni-bremen.de\/ewlgo3d\/wp-json\/wp\/v2\/posts"}],"about":[{"href":"https:\/\/blogs.uni-bremen.de\/ewlgo3d\/wp-json\/wp\/v2\/types\/post"}],"author":[{"embeddable":true,"href":"https:\/\/blogs.uni-bremen.de\/ewlgo3d\/wp-json\/wp\/v2\/users\/918"}],"replies":[{"embeddable":true,"href":"https:\/\/blogs.uni-bremen.de\/ewlgo3d\/wp-json\/wp\/v2\/comments?post=25"}],"version-history":[{"count":1,"href":"https:\/\/blogs.uni-bremen.de\/ewlgo3d\/wp-json\/wp\/v2\/posts\/25\/revisions"}],"predecessor-version":[{"id":27,"href":"https:\/\/blogs.uni-bremen.de\/ewlgo3d\/wp-json\/wp\/v2\/posts\/25\/revisions\/27"}],"wp:attachment":[{"href":"https:\/\/blogs.uni-bremen.de\/ewlgo3d\/wp-json\/wp\/v2\/media?parent=25"}],"wp:term":[{"taxonomy":"category","embeddable":true,"href":"https:\/\/blogs.uni-bremen.de\/ewlgo3d\/wp-json\/wp\/v2\/categories?post=25"},{"taxonomy":"post_tag","embeddable":true,"href":"https:\/\/blogs.uni-bremen.de\/ewlgo3d\/wp-json\/wp\/v2\/tags?post=25"}],"curies":[{"name":"wp","href":"https:\/\/api.w.org\/{rel}","templated":true}]}}