{"id":14373,"date":"2026-03-27T15:27:44","date_gmt":"2026-03-27T14:27:44","guid":{"rendered":"https:\/\/blogs.uni-bremen.de\/europablog\/?p=14373"},"modified":"2026-03-27T15:27:44","modified_gmt":"2026-03-27T14:27:44","slug":"die-neue-your-party-in-der-uk-grossbritanniens-weg-zur-wiedergeburt-einer-klassenpartei","status":"publish","type":"post","link":"https:\/\/blogs.uni-bremen.de\/europablog\/2026\/03\/27\/die-neue-your-party-in-der-uk-grossbritanniens-weg-zur-wiedergeburt-einer-klassenpartei\/","title":{"rendered":"Die neue \u201eYour Party\u201c in der UK &#8211; Gro\u00dfbritanniens Weg zur Wiedergeburt einer Klassenpartei?"},"content":{"rendered":"\r\n\r\n<div class=\"et_pb_section_0 et_pb_section et_section_regular et_block_section\">\r\n\r\n<div class=\"et_pb_row_0 et_pb_row et_block_row\">\r\n\r\n<div class=\"et_pb_column_0 et_pb_column et_pb_column_4_4 et-last-child et_block_column et_pb_css_mix_blend_mode_passthrough\">\r\n\r\n<div class=\"et_pb_text_0 et_pb_text et_pb_bg_layout_light et_pb_module et_flex_module\"><div class=\"et_pb_text_inner\"><p><span>Im Jahr 2024 fanden Parlamentswahlen im Vereinigten K\u00f6nigreich statt, bei welchen die Conservative Party, umgangssprachlich auch die \u201eTories\u201c genannt, nach 14 Jahren abgew\u00e4hlt wurden, besonders wegen ihrer Durchsetzung des Brexits. Seitdem regiert wieder die Labour Party, Gro\u00dfbritanniens sozialdemokratische Arbeiterpartei, mit Keir Starmer als Prime Minister. Unter ihm schl\u00e4gt Labour einen tendenziell konservativeren Kurs ein, zu dem Sozialstaatsk\u00fcrzungen und restriktivere Legislaturen geh\u00f6ren. Daraus entstand eine neue Abspaltung der Labour Party, welche es sich zum Ziel gemacht hat, eine neue Klassenpartei und linke Alternative zu werden, die \u201eYour Party\u201c.<\/span><\/p>\n<\/div><\/div><\/div><\/div>\r\n\r\n<div class=\"et_pb_row_1 et_pb_row et_flex_row\">\r\n\r\n<div class=\"et_pb_column_1 et_pb_column et_flex_column et_pb_css_mix_blend_mode_passthrough et_flex_column_18_24 et_flex_column_18_24_tablet et_flex_column_24_24_phone\">\r\n\r\n<div class=\"et_pb_text_1 et_pb_text et_pb_bg_layout_light et_pb_module et_flex_module\"><div class=\"et_pb_text_inner\"><p><span>Die Abgeordnete des britischen Unterhauses, Zarah Sultana, verk\u00fcndete im Juli 2025, nachdem sie aus der Labour Fraktion ausgeschlossen wurde, zusammen mit dem ehemaligen Londoner Labour-Politiker Jeremy Corbyn und einigen weiteren unabh\u00e4ngigen Abgeordneten, eine neue Partei zu gr\u00fcnden. Am 24.07.2025 posteten Sultana und Corbyn beide einen Link auf X, ehemals Twitter, auf dem man zu einer Website weitergeleitet wurde, auf der man sich f\u00fcr einen Newsletter f\u00fcr die neue Partei \u201eYour Party\u201c anmelden konnte. Bis zum Ende des Monats stieg die Anzahl der Unterst\u00fctzer*innen auf 800.000 Menschen, obwohl sich die Partei noch nicht offiziell gegr\u00fcndet hatte.<\/span><\/p>\n<\/div><\/div><\/div>\r\n\r\n<div class=\"et_pb_column_2 et_pb_column et-last-child et_flex_column et_pb_css_mix_blend_mode_passthrough et_flex_column_6_24 et_flex_column_6_24_tablet et_flex_column_24_24_phone\">\r\n\r\n<div class=\"et_pb_image_0 et_pb_image et_pb_module et_flex_module\"><span class=\"et_pb_image_wrap\"><img loading=\"lazy\" decoding=\"async\" src=\"https:\/\/blogs.uni-bremen.de\/europablog\/files\/IMG_1145.png\" title=\"IMG_1145\" width=\"640\" height=\"545\" srcset=\"https:\/\/blogs.uni-bremen.de\/europablog\/files\/IMG_1145.png 640w, https:\/\/blogs.uni-bremen.de\/europablog\/files\/IMG_1145-480x409.png 480w\" sizes=\"(min-width: 0px) and (max-width: 480px) 480px, (min-width: 481px) 640px, 100vw\" class=\"wp-image-14377\" \/><\/span><\/div><\/div><\/div>\r\n\r\n<div class=\"et_pb_row_2 et_pb_row et_flex_row\">\r\n\r\n<div class=\"et_pb_column_3 et_pb_column et-last-child et_flex_column et_pb_css_mix_blend_mode_passthrough et_flex_column_24_24 et_flex_column_24_24_tablet et_flex_column_24_24_phone\">\r\n\r\n<div class=\"et_pb_text_2 et_pb_text et_pb_bg_layout_light et_pb_module et_flex_module\"><div class=\"et_pb_text_inner\"><p><span>Die Parteigr\u00fcndung lief die n\u00e4chsten Monate etwas holprig, da sich unterschiedliche ideologische Ausrichtungen an der Spitze der Partei deutlich machen. W\u00e4hrend Jeremy Corbyn f\u00fcr eine Partei links der Labour streitet, die sich reformorientiert auf den parlamentarischen Politikbetrieb fokussiert, fordert Zarah Sultana eine Partei, die sich k\u00e4mpferisch und sozialistisch ausrichtet, um Politik von unten zu betreiben. Durch diese unterschiedlichen Visionen kam es dazu, dass die Parteigr\u00fcndung um einige Zeit nach hinten verschoben wurde.<span class=\"Apple-converted-space\">\u00a0<\/span><\/span><\/p>\n<\/div><\/div><\/div><\/div>\r\n\r\n<div class=\"et_pb_row_3 et_pb_row et_flex_row\">\r\n\r\n<div class=\"et_pb_column_4 et_pb_column et_flex_column et_pb_css_mix_blend_mode_passthrough et_flex_column_1_5 et_flex_column_1_5_tablet et_flex_column_24_24_phone\">\r\n\r\n<div class=\"et_pb_image_1 et_pb_image et_pb_module et_flex_module\"><span class=\"et_pb_image_wrap\"><img loading=\"lazy\" decoding=\"async\" src=\"https:\/\/blogs.uni-bremen.de\/europablog\/files\/IMG_1148.jpeg\" title=\"IMG_1148\" width=\"640\" height=\"960\" srcset=\"https:\/\/blogs.uni-bremen.de\/europablog\/files\/IMG_1148.jpeg 640w, https:\/\/blogs.uni-bremen.de\/europablog\/files\/IMG_1148-480x720.jpeg 480w\" sizes=\"(min-width: 0px) and (max-width: 480px) 480px, (min-width: 481px) 640px, 100vw\" class=\"wp-image-14378\" \/><\/span>\r\n\r\n<div class=\"et_pb_text_3 et_pb_text et_pb_bg_layout_light et_pb_module et_flex_module\"><\/div><\/div><\/div>\r\n\r\n<div class=\"et_pb_column_5 et_pb_column et_flex_column et_pb_css_mix_blend_mode_passthrough et_flex_column_3_5 et_flex_column_3_5_tablet et_flex_column_24_24_phone\">\r\n\r\n<div class=\"et_pb_text_4 et_pb_text et_pb_bg_layout_light et_pb_module et_flex_module\"><div class=\"et_pb_text_inner\"><p><span>Am 30.11.2025 fand ein Gr\u00fcndungskongress statt, bei welchem die Organisationsstrukturen und Programmpunkte festgelegt wurden. Die Leitung der Partei bestehe nun aus einem Komitee, das aus 24 Mitgliedern bestehen solle. Zudem erlaubt die Partei eine Doppel-Mitgliedschaft, damit Mitglieder aus anderen Parteien simultan Mitglied in ihrer eigenen und der \u201eYour Party\u201c seien k\u00f6nnen. Inhaltlich fordert die Partei den Stopp des Sozialabbaus, der durch Umverteilung, Verstaatlichung von Lebensgrundlagen, sozialen Wohnungsbau und gegen die Privatisierung des \u00f6ffentlichen Gesundheitssystems (NHS) realisiert werden soll, sowie mehr Klimaschutz, keine Waffenlieferungen an Israel und den Schutz der Versammlungsfreiheit.<\/span><\/p>\n<\/div><\/div><\/div>\r\n\r\n<div class=\"et_pb_column_6 et_pb_column et-last-child et_flex_column et_pb_css_mix_blend_mode_passthrough et_flex_column_1_5 et_flex_column_1_5_tablet et_flex_column_24_24_phone\">\r\n\r\n<div class=\"et_pb_image_2 et_pb_image et_pb_module et_flex_module\"><span class=\"et_pb_image_wrap\"><img loading=\"lazy\" decoding=\"async\" src=\"https:\/\/blogs.uni-bremen.de\/europablog\/files\/IMG_1149.jpeg\" title=\"IMG_1149\" width=\"640\" height=\"960\" srcset=\"https:\/\/blogs.uni-bremen.de\/europablog\/files\/IMG_1149.jpeg 640w, https:\/\/blogs.uni-bremen.de\/europablog\/files\/IMG_1149-480x720.jpeg 480w\" sizes=\"(min-width: 0px) and (max-width: 480px) 480px, (min-width: 481px) 640px, 100vw\" class=\"wp-image-14379\" \/><\/span><\/div><\/div><\/div>\r\n\r\n<div class=\"et_pb_row_4 et_pb_row et_flex_row\">\r\n\r\n<div class=\"et_pb_column_7 et_pb_column et-last-child et_flex_column et_pb_css_mix_blend_mode_passthrough et_flex_column_24_24 et_flex_column_24_24_tablet et_flex_column_24_24_phone\">\r\n\r\n<div class=\"et_pb_text_5 et_pb_text et_pb_bg_layout_light et_pb_module et_flex_module\"><div class=\"et_pb_text_inner\"><p><span>Des Weiteren steht die Partei nicht nur als Alternative zu Starmers konservativerer Labour Party, sondern auch gegen die Partei \u201eReform UK\u201c, eine anstrebende Rechtsau\u00dfen-Partei im Vereinigten K\u00f6nigreich. Die Partei um Nigel Farage erh\u00e4lt seit der neuen Regierung 2024 in vielen Teilen der UK mehr und mehr Zuspruch, besonders in Regionen, die vom sozialen Abstieg betroffen sind, und ehemaligen Schwerindustrieregionen, die fr\u00fcher Hochburgen der Labour Party waren. \u00c4hnlich wie beispielsweise bei der AfD in Deutschland wird an der \u201eReform UK\u201c kritisiert, dass sie xenophobe Forderungen wie massenhafte Abschiebungen ausl\u00e4ndischer Personen \u00e4u\u00dfert, in ihrem Programm jedoch kaum etwas drinsteht, was der Mehrheit der britischen Bev\u00f6lkerung zugute kommen w\u00fcrde.<span class=\"Apple-converted-space\">\u00a0<\/span><\/span><\/p>\n<\/div><\/div><\/div><\/div>\r\n\r\n<div class=\"et_pb_row_5 et_pb_row et_flex_row\">\r\n\r\n<div class=\"et_pb_column_8 et_pb_column et_flex_column et_pb_css_mix_blend_mode_passthrough et_flex_column_2_5 et_flex_column_2_5_tablet et_flex_column_24_24_phone\">\r\n\r\n<div class=\"et_pb_image_3 et_pb_image et_pb_module et_flex_module\"><span class=\"et_pb_image_wrap\"><img loading=\"lazy\" decoding=\"async\" src=\"https:\/\/blogs.uni-bremen.de\/europablog\/files\/IMG_1150.jpeg\" title=\"IMG_1150\" width=\"640\" height=\"430\" srcset=\"https:\/\/blogs.uni-bremen.de\/europablog\/files\/IMG_1150.jpeg 640w, https:\/\/blogs.uni-bremen.de\/europablog\/files\/IMG_1150-480x323.jpeg 480w\" sizes=\"(min-width: 0px) and (max-width: 480px) 480px, (min-width: 481px) 640px, 100vw\" class=\"wp-image-14380\" \/><\/span><\/div><\/div>\r\n\r\n<div class=\"et_pb_column_9 et_pb_column et-last-child et_flex_column et_pb_css_mix_blend_mode_passthrough et_flex_column_3_5 et_flex_column_3_5_tablet et_flex_column_24_24_phone\">\r\n\r\n<div class=\"et_pb_text_6 et_pb_text et_pb_bg_layout_light et_pb_module et_flex_module\"><div class=\"et_pb_text_inner\"><p><span>Ob sich die \u201eYour Party\u201c in der UK als Alternative zur Labour und als Gegenbewegung gegen die \u201eReform UK\u201c durchsetzen wird, kann man aktuell noch nicht sagen. Die Partei z\u00e4hlte bis Ende 2025 ungef\u00e4hr 65.000 Mitglieder, und die Parteif\u00fchrung und -strukturen stehen, mit Jeremy Corbyn und 13 seiner reformistischen \u201eThe Many\u201c-Fraktion, und Zarah Sultana und sechs ihrer eher k\u00e4mpferisch orientierten \u201eGrassroots Lefts\u201c-Fraktion als Parteivorstand. Zudem wird erwartet, dass die Partei viel mit sozialen Bewegungen zusammenarbeiten soll, es stehen zum Beispiel die \u201eTogether Allience Marches\u201c im gesamten Land am 28.03. an, die sich als Opposition gegen den aufstrebenden Faschismus der \u201eReform UK\u201c stellen. Der Fokus der Partei steht fest: Sie m\u00f6chte im gesamten Gro\u00dfbritannien eine Stimme gegen Austerit\u00e4t, Faschismus und Imperialismus, sowie eine Partei des Zusammenhalts, der Selbstorganisation und der Solidarit\u00e4t sein.<span class=\"Apple-converted-space\">\u00a0<\/span><\/span><\/p>\n<\/div><\/div><\/div><\/div><\/div>\r\n\r\n<div class=\"et_pb_section_1 et_pb_section et_section_regular et_flex_section\">\r\n\r\n<div class=\"et_pb_row_6 et_pb_row et_flex_row\">\r\n\r\n<div class=\"et_pb_column_10 et_pb_column et-last-child et_flex_column et_pb_css_mix_blend_mode_passthrough et_flex_column_24_24 et_flex_column_24_24_tablet et_flex_column_24_24_phone\">\r\n\r\n<div class=\"et_pb_text_7 et_pb_text et_pb_bg_layout_light et_pb_module et_flex_module\"><div class=\"et_pb_text_inner\"><p><span>Quellen:<span class=\"Apple-converted-space\">\u00a0<\/span><\/span><\/p>\n<p><span><\/span><\/p>\n<p><span><a href=\"https:\/\/de.wikipedia.org\/wiki\/Your_Party\">https:\/\/de.wikipedia.org\/wiki\/Your_Party<\/a><\/span><span><span class=\"Apple-converted-space\">\u00a0<\/span><\/span><\/p>\n<p><span><\/span><\/p>\n<p><span><a href=\"https:\/\/www.bbc.com\/news\/articles\/cx2rxddwykno\">https:\/\/www.bbc.com\/news\/articles\/cx2rxddwykno<\/a><\/span><span><span class=\"Apple-converted-space\">\u00a0<\/span><\/span><\/p>\n<p><span><\/span><\/p>\n<p><span><a href=\"https:\/\/socialistworker.co.uk\/anti-racism\/weve-all-got-to-march-against-far-right-your-party-members-join-together-demo\/\">https:\/\/socialistworker.co.uk\/anti-racism\/weve-all-got-to-march-against-far-right-your-party-members-join-together-demo\/<\/a><\/span><span><span class=\"Apple-converted-space\">\u00a0<\/span><\/span><\/p>\n<p><span><\/span><\/p>\n<p><span>Zeitschrift, <\/span><span>sozialismus.info<\/span><span>; Claus Ludwig; Neue Linkspartei in Gro\u00dfbritannien, <\/span><span>Das Ringen um Your Party<\/span><span>; Nr. 98, Januar-Februar 2026; <\/span><span>Zeitschrift der Sozialistischen Alternative<\/span><span>; K\u00f6ln<\/span><\/p>\n<\/div><\/div><\/div><\/div><\/div>","protected":false},"excerpt":{"rendered":"","protected":false},"author":16656,"featured_media":14375,"comment_status":"open","ping_status":"open","sticky":false,"template":"","format":"standard","meta":{"_bbp_topic_count":0,"_bbp_reply_count":0,"_bbp_total_topic_count":0,"_bbp_total_reply_count":0,"_bbp_voice_count":0,"_bbp_anonymous_reply_count":0,"_bbp_topic_count_hidden":0,"_bbp_reply_count_hidden":0,"_bbp_forum_subforum_count":0,"footnotes":""},"categories":[207,1013813,547280,1013781,1013827,1013707],"tags":[1013830,255,1013720,849378],"class_list":["post-14373","post","type-post","status-publish","format-standard","has-post-thumbnail","hentry","category-allgemein","category-antifaschismus","category-debatte-europa","category-demokratie","category-internationales","category-politik","tag-debatte-europa","tag-politik","tag-protest","tag-uk"],"_links":{"self":[{"href":"https:\/\/blogs.uni-bremen.de\/europablog\/wp-json\/wp\/v2\/posts\/14373","targetHints":{"allow":["GET"]}}],"collection":[{"href":"https:\/\/blogs.uni-bremen.de\/europablog\/wp-json\/wp\/v2\/posts"}],"about":[{"href":"https:\/\/blogs.uni-bremen.de\/europablog\/wp-json\/wp\/v2\/types\/post"}],"author":[{"embeddable":true,"href":"https:\/\/blogs.uni-bremen.de\/europablog\/wp-json\/wp\/v2\/users\/16656"}],"replies":[{"embeddable":true,"href":"https:\/\/blogs.uni-bremen.de\/europablog\/wp-json\/wp\/v2\/comments?post=14373"}],"version-history":[{"count":13,"href":"https:\/\/blogs.uni-bremen.de\/europablog\/wp-json\/wp\/v2\/posts\/14373\/revisions"}],"predecessor-version":[{"id":14429,"href":"https:\/\/blogs.uni-bremen.de\/europablog\/wp-json\/wp\/v2\/posts\/14373\/revisions\/14429"}],"wp:featuredmedia":[{"embeddable":true,"href":"https:\/\/blogs.uni-bremen.de\/europablog\/wp-json\/wp\/v2\/media\/14375"}],"wp:attachment":[{"href":"https:\/\/blogs.uni-bremen.de\/europablog\/wp-json\/wp\/v2\/media?parent=14373"}],"wp:term":[{"taxonomy":"category","embeddable":true,"href":"https:\/\/blogs.uni-bremen.de\/europablog\/wp-json\/wp\/v2\/categories?post=14373"},{"taxonomy":"post_tag","embeddable":true,"href":"https:\/\/blogs.uni-bremen.de\/europablog\/wp-json\/wp\/v2\/tags?post=14373"}],"curies":[{"name":"wp","href":"https:\/\/api.w.org\/{rel}","templated":true}]}}