{"id":14336,"date":"2026-03-23T01:20:36","date_gmt":"2026-03-23T00:20:36","guid":{"rendered":"https:\/\/blogs.uni-bremen.de\/europablog\/?p=14336"},"modified":"2026-03-23T01:20:36","modified_gmt":"2026-03-23T00:20:36","slug":"nouveau-front-populaire-frankreichs-antifaschistisches-parteienbuendnis-als-antwort-auf-den-aufstrebenden-rechtsextremismus","status":"publish","type":"post","link":"https:\/\/blogs.uni-bremen.de\/europablog\/2026\/03\/23\/nouveau-front-populaire-frankreichs-antifaschistisches-parteienbuendnis-als-antwort-auf-den-aufstrebenden-rechtsextremismus\/","title":{"rendered":"Nouveau Front Populaire &#8211; Frankreichs antifaschistisches Parteienb\u00fcndnis als Antwort auf den aufstrebenden Rechtsextremismus"},"content":{"rendered":"\r\n\r\n<div class=\"et_pb_section_0 et_pb_section et_section_regular et_block_section\">\r\n\r\n<div class=\"et_pb_row_0 et_pb_row et_block_row\">\r\n\r\n<div class=\"et_pb_column_0 et_pb_column et_pb_column_4_4 et-last-child et_block_column et_pb_css_mix_blend_mode_passthrough\">\r\n\r\n<div class=\"et_pb_text_0 et_pb_text et_pb_bg_layout_light et_pb_module et_flex_module\"><div class=\"et_pb_text_inner\"><p><span>Am 09.06.2024 l\u00f6ste der franz\u00f6sische Pr\u00e4sident Emmanuel Macron nach den Ergebnissen der Europawahl das franz\u00f6sische Parlament auf und k\u00fcndigte Neuwahlen an. Dies geschah, weil die rechte Partei Rassemblement National unter den franz\u00f6sischen Parteien die meisten Stimmen erhielt. Infolgedessen mussten innerhalb weniger Tage die Kandidaturen bekanntgeben werden, um zur Wahl zugelassen zu werden, was dazu f\u00fchrte, dass sich ein Parteienb\u00fcndnis vieler linksorientierter Parteien ergab, das den Namen \u201eNouveau Front Populaire\u201c tr\u00e4gt. Wie kam es dazu, und welche Herausforderungen und Erfolge konnte es erleben?<\/span><\/p>\n<\/div><\/div><\/div><\/div>\r\n\r\n<div class=\"et_pb_row_1 et_pb_row et_flex_row\">\r\n\r\n<div class=\"et_pb_column_1 et_pb_column et_flex_column et_pb_css_mix_blend_mode_passthrough et_flex_column_8_24 et_flex_column_8_24_tablet et_flex_column_24_24_phone\">\r\n\r\n<div class=\"et_pb_image_0 et_pb_image et_pb_module et_flex_module\"><span class=\"et_pb_image_wrap\"><img loading=\"lazy\" decoding=\"async\" src=\"https:\/\/blogs.uni-bremen.de\/europablog\/files\/IMG_1142.png\" title=\"IMG_1142\" width=\"640\" height=\"488\" srcset=\"https:\/\/blogs.uni-bremen.de\/europablog\/files\/IMG_1142.png 640w, https:\/\/blogs.uni-bremen.de\/europablog\/files\/IMG_1142-480x366.png 480w\" sizes=\"(min-width: 0px) and (max-width: 480px) 480px, (min-width: 481px) 640px, 100vw\" class=\"wp-image-14340\" \/><\/span><\/div><\/div>\r\n\r\n<div class=\"et_pb_column_2 et_pb_column et-last-child et_flex_column et_pb_css_mix_blend_mode_passthrough et_flex_column_16_24 et_flex_column_16_24_tablet et_flex_column_24_24_phone\">\r\n\r\n<div class=\"et_pb_text_1 et_pb_text et_pb_bg_layout_light et_pb_module et_flex_module\"><div class=\"et_pb_text_inner\"><p><span>Frankreichs Wahlsystem l\u00e4sst sich als Mehrheitswahlrecht klassifizieren. Parlamentswahlen finden in zwei Wahlg\u00e4ngen statt, im ersten w\u00e4hlt man f\u00fcr eine*n Kandidat*in einer Partei, im zweiten Wahlgang kommt es meist zu einer Stichwahl zwischen den beiden meist Gew\u00e4hlten. Dies hat zur Folge, dass man als Partei viele Stimmen in einem Wahlkreis erhalten muss, um Aussichten auf einen Sitz in der Nationalversammlung haben zu k\u00f6nnen.<\/span><\/p>\n<\/div><\/div><\/div><\/div>\r\n\r\n<div class=\"et_pb_row_2 et_pb_row et_flex_row\">\r\n\r\n<div class=\"et_pb_column_3 et_pb_column et-last-child et_flex_column et_pb_css_mix_blend_mode_passthrough et_flex_column_24_24 et_flex_column_24_24_tablet et_flex_column_24_24_phone\">\r\n\r\n<div class=\"et_pb_text_2 et_pb_text et_pb_bg_layout_light et_pb_module et_flex_module\"><div class=\"et_pb_text_inner\"><p><span>Daraus resultierte, dass sich verschiedene linksorientierte Parteien in Frankreich zusammenschlossen, um die Wahrscheinlichkeit, dass das Rassemblement National viele Sitze erhalten k\u00f6nnte, einzud\u00e4mmen. Dieses B\u00fcndnis besteht einerseits aus den gr\u00f6\u00dferen Parteien, namentlich der Parti socialiste, die eine reformorientierte sozialdemokratische Partei ist, den Les \u00c9cologistes, welche eine Gr\u00fcne Partei sind, der La France insoumise, welche eine Anti-Establishment-orientierte Linkspartei sind, und der Parti communiste fran\u00e7ais, welche eine kommunistische Partei ist, sowie verschiedenen linken Kleinparteien, die mit den Gro\u00dfparteien sympathisieren. Die am 13.06.2024 neu gegr\u00fcndete \u201eNouveau Front Populaire\u201c entstand aus dem Zeitgeist der \u201eFront Populaire\u201c-Regierung der 1930ern.<span class=\"Apple-converted-space\">\u00a0<\/span><\/span><\/p>\n<\/div><\/div><\/div><\/div>\r\n\r\n<div class=\"et_pb_row_3 et_pb_row et_flex_row\">\r\n\r\n<div class=\"et_pb_column_4 et_pb_column et_flex_column et_pb_css_mix_blend_mode_passthrough et_flex_column_18_24 et_flex_column_18_24_tablet et_flex_column_24_24_phone\">\r\n\r\n<div class=\"et_pb_text_3 et_pb_text et_pb_bg_layout_light et_pb_module et_flex_module\"><div class=\"et_pb_text_inner\"><p><span>Programmatisch einigten sich die Parteien auf ein gemeinsames Wahlprogramm, dass verschiedene reformistische, \u00f6kologische und progressive Inhalte b\u00fcndelt. Zu ihren Forderungen geh\u00f6ren unter anderem ein h\u00f6herer Mindestlohn, ein kostenloses Mittagessen in Schulen, besser ausgebaute Infrastruktur, Frieden in Nahost und die Bek\u00e4mpfung der extremen Rechten. Durch ihre Aufstellung als Parteienb\u00fcndnis konnten sie somit die Bedingungen des Mehrheitswahlrechtes f\u00fcr sich zum Vorteil nutzen, und erhielten nach dem zweiten Wahlgang 193 von 577 Sitzen, wodurch ihnen 33% der zu vergebenen Sitze zustehen. Dadurch, dass es in vielen Stichwahlen im zweiten Wahlgang gegen eine Kandidatur eines Mitgliedes des Rassemblement National ging, entschieden sich viele Menschen in Frankreich anschlie\u00dfend f\u00fcr die Kandidatur des Linksb\u00fcndnisses oder Macrons Mitteb\u00fcndnisses, welches zur Folge hatte, dass obwohl die rechtsextreme Partei im ersten Wahlgang vielerorts einen deutlichen Vorsprung hatte, den Wahlkreis im zweiten Wahlgang trotzdem nicht erhielt.<span class=\"Apple-converted-space\">\u00a0<\/span><\/span><\/p>\n<\/div><\/div><\/div>\r\n\r\n<div class=\"et_pb_column_5 et_pb_column et-last-child et_flex_column et_pb_css_mix_blend_mode_passthrough et_flex_column_6_24 et_flex_column_6_24_tablet et_flex_column_24_24_phone\">\r\n\r\n<div class=\"et_pb_image_1 et_pb_image et_pb_module et_flex_module\"><span class=\"et_pb_image_wrap\"><img loading=\"lazy\" decoding=\"async\" src=\"https:\/\/blogs.uni-bremen.de\/europablog\/files\/IMG_1141.jpeg\" title=\"IMG_1141\" width=\"640\" height=\"427\" srcset=\"https:\/\/blogs.uni-bremen.de\/europablog\/files\/IMG_1141.jpeg 640w, https:\/\/blogs.uni-bremen.de\/europablog\/files\/IMG_1141-480x320.jpeg 480w\" sizes=\"(min-width: 0px) and (max-width: 480px) 480px, (min-width: 481px) 640px, 100vw\" class=\"wp-image-14339\" \/><\/span><\/div><\/div><\/div>\r\n\r\n<div class=\"et_pb_row_4 et_pb_row et_flex_row\">\r\n\r\n<div class=\"et_pb_column_6 et_pb_column et-last-child et_flex_column et_pb_css_mix_blend_mode_passthrough et_flex_column_24_24 et_flex_column_24_24_tablet et_flex_column_24_24_phone\">\r\n\r\n<div class=\"et_pb_text_4 et_pb_text et_pb_bg_layout_light et_pb_module et_flex_module\"><div class=\"et_pb_text_inner\"><p><span>Zudem b\u00fcndelt das Linksb\u00fcndnis den Zeitgeist der letzten Jahre an Protestbewegungen in Frankreich. Zum einen z\u00e4hlen dazu die Arbeitsmarktreformen des Jahres 2016, die feministische #MeToo-Bewegung, umweltpolitische Proteste gegen die Agrarindustrie, die von Macron vorgesto\u00dfenen Rentenreformen 2023 und die Aufst\u00e4nde migrantischer Jugendlicher gegen\u00fcber Polizeigewalt. Der Philosoph \u00c9tienne Balibar bezeichnet die neu entstandene antifaschistische Politikentwicklung als \u201eVolk der Widerst\u00e4ndigen\u201c. Dabei habe es das B\u00fcndnis nicht einfach, als seri\u00f6ser Mitentscheider im politischen System betrachtet zu werden, Macron bezeichnete sie als linksextremistisch, und setzt sie mit Le Pens Partei gleich, welche offiziell als rechtsextrem bezeichnet werden darf, die \u201eNouveau Front Populaire\u201c jedoch nur als links.<span class=\"Apple-converted-space\">\u00a0<\/span><\/span><\/p>\n<\/div><\/div><\/div><\/div>\r\n\r\n<div class=\"et_pb_row_5 et_pb_row et_flex_row\">\r\n\r\n<div class=\"et_pb_column_7 et_pb_column et_flex_column et_pb_css_mix_blend_mode_passthrough et_flex_column_6_24 et_flex_column_6_24_tablet et_flex_column_24_24_phone\">\r\n\r\n<div class=\"et_pb_image_2 et_pb_image et_pb_module et_flex_module\"><span class=\"et_pb_image_wrap\"><img loading=\"lazy\" decoding=\"async\" src=\"https:\/\/blogs.uni-bremen.de\/europablog\/files\/IMG_1143.jpeg\" title=\"IMG_1143\" width=\"640\" height=\"919\" srcset=\"https:\/\/blogs.uni-bremen.de\/europablog\/files\/IMG_1143.jpeg 640w, https:\/\/blogs.uni-bremen.de\/europablog\/files\/IMG_1143-480x689.jpeg 480w\" sizes=\"(min-width: 0px) and (max-width: 480px) 480px, (min-width: 481px) 640px, 100vw\" class=\"wp-image-14341\" \/><\/span><\/div><\/div>\r\n\r\n<div class=\"et_pb_column_8 et_pb_column et-last-child et_flex_column et_pb_css_mix_blend_mode_passthrough et_flex_column_18_24 et_flex_column_18_24_tablet et_flex_column_24_24_phone\">\r\n\r\n<div class=\"et_pb_text_5 et_pb_text et_pb_bg_layout_light et_pb_module et_flex_module\"><div class=\"et_pb_text_inner\"><p><span>In der aktuellen Nationalversammlung sitzen die Parteien der \u201eNouveau Front Populaire\u201c in eigenen getrennten Fraktionen, anstatt als eine geb\u00fcndelte Fraktion. Grund daf\u00fcr seien \u00fcberwiegend ideologische und politikbereichliche Unterschiede zwischen ihnen. Zum einen polarisiert der Spitzenkandidat der Wahl, Jean-Luc M\u00e9lenchon, Mitglied der Partei La France insoumise, mit seinen Positionen zu Israel und Pal\u00e4stina. Ihm wird vorgeworfen, die Hamas nicht stark genug zu verurteilen, und zu radikale L\u00f6sungsvorschl\u00e4ge zu \u00e4u\u00dfern, hiermit trifft er auf Hemmungen innerhalb seines Parteienb\u00fcndnisses, sowie auch von anderen Parteien in Frankreich.<span class=\"Apple-converted-space\">\u00a0<\/span><\/span><\/p>\n<\/div><\/div><\/div><\/div>\r\n\r\n<div class=\"et_pb_row_6 et_pb_row et_flex_row\">\r\n\r\n<div class=\"et_pb_column_9 et_pb_column et-last-child et_flex_column et_pb_css_mix_blend_mode_passthrough et_flex_column_24_24 et_flex_column_24_24_tablet et_flex_column_24_24_phone\">\r\n\r\n<div class=\"et_pb_text_6 et_pb_text et_pb_bg_layout_light et_pb_module et_flex_module\"><div class=\"et_pb_text_inner\"><p><span>Eines l\u00e4sst sich jedoch feststellen: Frankreich hat es geschafft, sich auf parlamentarischer Ebene eine entschlossene Gegenfront gegen den erstarkenden Faschismus zu bauen, in welcher neben gemeinsamen Forderungen auch Platz f\u00fcr Differenzen und Schwerpunkte ist. Vielleicht sollten sich andere europ\u00e4ische L\u00e4nder ein Vorbild an Frankreich nehmen, um den Einfluss extrem rechter Parteien und Akteure eind\u00e4mmen zu k\u00f6nnen.<span class=\"Apple-converted-space\">\u00a0<\/span><\/span><\/p>\n<\/div><\/div><\/div><\/div><\/div>\r\n\r\n<div class=\"et_pb_section_1 et_pb_section et_section_regular et_flex_section\">\r\n\r\n<div class=\"et_pb_row_7 et_pb_row et_flex_row\">\r\n\r\n<div class=\"et_pb_column_10 et_pb_column et-last-child et_flex_column et_pb_css_mix_blend_mode_passthrough et_flex_column_24_24 et_flex_column_24_24_tablet et_flex_column_24_24_phone\">\r\n\r\n<div class=\"et_pb_text_7 et_pb_text et_pb_bg_layout_light et_pb_module et_flex_module\"><div class=\"et_pb_text_inner\"><p><span>Quellen:<span class=\"Apple-converted-space\">\u00a0<\/span><\/span><\/p>\n<p><span><\/span><\/p>\n<p><span><a href=\"https:\/\/de.wikipedia.org\/wiki\/Nouveau_Front_populaire\">https:\/\/de.wikipedia.org\/wiki\/Nouveau_Front_populaire<\/a><\/span><span><span class=\"Apple-converted-space\">\u00a0<\/span><\/span><\/p>\n<p><span><\/span><\/p>\n<p><span><a href=\"https:\/\/www.lpb-bw.de\/das-franzoesische-wahlsystem\">https:\/\/www.lpb-bw.de\/das-franzoesische-wahlsystem<\/a><\/span><span><span class=\"Apple-converted-space\">\u00a0<\/span><\/span><\/p>\n<p><span><\/span><\/p>\n<p><span><a href=\"https:\/\/www.nd-aktuell.de\/artikel\/1183675.nouveau-front-populaire-frankreich-volksfront-gegen-rechts-und-mitte.html\">https:\/\/www.nd-aktuell.de\/artikel\/1183675.nouveau-front-populaire-frankreich-volksfront-gegen-rechts-und-mitte.html<\/a><\/span><span><span class=\"Apple-converted-space\">\u00a0<\/span><\/span><\/p>\n<p><span><\/span><\/p>\n<p><span><a href=\"https:\/\/taz.de\/Kommunalwahlen-in-Frankreich\/!6163664\/\">https:\/\/taz.de\/Kommunalwahlen-in-Frankreich\/!6163664\/<\/a><\/span><span><span class=\"Apple-converted-space\">\u00a0<\/span><\/span><\/p>\n<p><span><\/span><\/p>\n<p><span><a href=\"https:\/\/www.zeit.de\/politik\/ausland\/2024-06\/nouveau-front-populaire-frankreich-wahl-ueberzeugung\">https:\/\/www.zeit.de\/politik\/ausland\/2024-06\/nouveau-front-populaire-frankreich-wahl-ueberzeugung<\/a><\/span><span><span class=\"Apple-converted-space\">\u00a0<\/span><\/span><\/p>\n<p>&nbsp;<\/p>\n<\/div><\/div><\/div><\/div><\/div>","protected":false},"excerpt":{"rendered":"","protected":false},"author":16656,"featured_media":14338,"comment_status":"open","ping_status":"open","sticky":false,"template":"","format":"standard","meta":{"_bbp_topic_count":0,"_bbp_reply_count":0,"_bbp_total_topic_count":0,"_bbp_total_reply_count":0,"_bbp_voice_count":0,"_bbp_anonymous_reply_count":0,"_bbp_topic_count_hidden":0,"_bbp_reply_count_hidden":0,"_bbp_forum_subforum_count":0,"footnotes":""},"categories":[207,1013813,547280,1013781,1013814,1013707],"tags":[52097,255,1013720],"class_list":["post-14336","post","type-post","status-publish","format-standard","has-post-thumbnail","hentry","category-allgemein","category-antifaschismus","category-debatte-europa","category-demokratie","category-frankreich","category-politik","tag-frankreich","tag-politik","tag-protest"],"_links":{"self":[{"href":"https:\/\/blogs.uni-bremen.de\/europablog\/wp-json\/wp\/v2\/posts\/14336","targetHints":{"allow":["GET"]}}],"collection":[{"href":"https:\/\/blogs.uni-bremen.de\/europablog\/wp-json\/wp\/v2\/posts"}],"about":[{"href":"https:\/\/blogs.uni-bremen.de\/europablog\/wp-json\/wp\/v2\/types\/post"}],"author":[{"embeddable":true,"href":"https:\/\/blogs.uni-bremen.de\/europablog\/wp-json\/wp\/v2\/users\/16656"}],"replies":[{"embeddable":true,"href":"https:\/\/blogs.uni-bremen.de\/europablog\/wp-json\/wp\/v2\/comments?post=14336"}],"version-history":[{"count":9,"href":"https:\/\/blogs.uni-bremen.de\/europablog\/wp-json\/wp\/v2\/posts\/14336\/revisions"}],"predecessor-version":[{"id":14364,"href":"https:\/\/blogs.uni-bremen.de\/europablog\/wp-json\/wp\/v2\/posts\/14336\/revisions\/14364"}],"wp:featuredmedia":[{"embeddable":true,"href":"https:\/\/blogs.uni-bremen.de\/europablog\/wp-json\/wp\/v2\/media\/14338"}],"wp:attachment":[{"href":"https:\/\/blogs.uni-bremen.de\/europablog\/wp-json\/wp\/v2\/media?parent=14336"}],"wp:term":[{"taxonomy":"category","embeddable":true,"href":"https:\/\/blogs.uni-bremen.de\/europablog\/wp-json\/wp\/v2\/categories?post=14336"},{"taxonomy":"post_tag","embeddable":true,"href":"https:\/\/blogs.uni-bremen.de\/europablog\/wp-json\/wp\/v2\/tags?post=14336"}],"curies":[{"name":"wp","href":"https:\/\/api.w.org\/{rel}","templated":true}]}}