{"id":557,"date":"2011-12-08T16:02:12","date_gmt":"2011-12-08T15:02:12","guid":{"rendered":"http:\/\/blogs.uni-bremen.de\/eule\/?p=557"},"modified":"2021-09-07T02:28:49","modified_gmt":"2021-09-07T00:28:49","slug":"kurz-notiert-40-jahre-uni-bremen-schafft-die-uni-sich-selbst-ab","status":"publish","type":"post","link":"https:\/\/blogs.uni-bremen.de\/eule\/2011\/12\/08\/kurz-notiert-40-jahre-uni-bremen-schafft-die-uni-sich-selbst-ab\/","title":{"rendered":"kurz notiert: 40 Jahre Uni Bremen &#8211; Schafft die Uni sich selbst ab?!"},"content":{"rendered":"<p><strong>Ich habe es euch im Video zur Unifeier angedeutet, jetzt gehe ich wirklich einen Schritt weiter. Die LiSA veranstaltet entsprechend ihrer Kampagne &#8222;40 Jahre Uni Bremen, ein Schritt vor, zwei zur\u00fcck&#8220; Veranstaltungen, welche sich mit Themen besch\u00e4ftigen, die von den Studierenden an der Uni kritisiert werden. Aber bevor ich mein Mund aufmache w\u00fcrd ich gerne erstmal auf eine der Veranstaltungen verweisen.<\/strong><\/p>\n<p><!--more-->Ihr konntet es bisher mittlerweile gut hier auf dem EULe Blog verfolgen. <strong><a href=\"http:\/\/blogs.uni-bremen.de\/eule\/2011\/11\/26\/vorgestellt-live-dabei-40-jahre-uni-feier\/\">Hier<\/a><\/strong> konntet ihr schonmal sehen, wie die Universit\u00e4t offiziell ihr 40tes Jubil\u00e4um gefeiert hat und <strong><a href=\"http:\/\/blogs.uni-bremen.de\/eule\/2011\/12\/04\/kurz-notiert-unbequeme-fragen-stellen\/\">Arne hat in seinem Beitrag<\/a><\/strong> schon auf die Veranstaltung &#8222;Unbequeme Fragen stellen?!&#8220; verwiesen.\u00a0 Ich habe am Ende des Videos \u00fcber die Feier angesprochen, dass es anscheinend nicht &#8222;nur&#8220; zu feiern gibt, auch gilt es etwas zu kritisieren. Aber was sind die Probleme an der Universit\u00e4t, womit besch\u00e4ftigen sich die Studierenden, die versuchen die Universit\u00e4t mitzugestalten? Ich pers\u00f6nlich find es wirklich interessant mir mal anzuschauen, wor\u00fcber aktuell diskutiert wird. Ich will nichts blau\u00e4ugig abnicken, wenn etwas passiert, was mir nicht gef\u00e4llt. Aber stumpf etwas mitkritisieren und verurteilen liegt mir auch nicht, wenn ich nicht genau wei\u00df, was ich da eigentlich kritisiere.<\/p>\n<p>Deswegen werde ich selber die Veranstaltung &#8222;Schafft die Uni sich selbst ab?!&#8220; besuchen und mich schlau machen, was die &#8222;Hot Topics&#8220; unserer Universit\u00e4t sind. Mal schauen, was ich so alles da erfahren werde und was die LiSA zu sagen hat. Gespannt bin ich auf jeden Fall und werde euch meinen Eindruck in einem &#8222;Vorgestellt&#8220; n\u00e4chste Woche mal erl\u00e4utern. Was will uns die LiSA an uns bringen, was sagen die Studierenden so, dies alles wird von mir ein wenig beleuchtet werden.<\/p>\n<p>Wenn ihr Lust habt, auch dorthin zu gehen, dann seid ihr von den Veranstaltern herzlich eingeladen! Die Podiumsdiskussion ist am <strong>14. Dezember<\/strong> und findet um <strong>19 Uhr<\/strong> im <strong>MZH 1470<\/strong> statt. Diskussionsteilnehmer sind Johannes Beck (ehemaliger Dozent an der Uni Bremen), Heidi Schelhowe (unsere Konrektorin f\u00fcr Lehre) und Gerhard Vinnai (ehemaliger Prof der Uni Bremen, Kritische Theorie).<\/p>\n","protected":false},"excerpt":{"rendered":"<p>Ich habe es euch im Video zur Unifeier angedeutet, jetzt gehe ich wirklich einen Schritt weiter. Die LiSA veranstaltet entsprechend ihrer Kampagne &#8222;40 Jahre Uni Bremen, ein Schritt vor, zwei zur\u00fcck&#8220; Veranstaltungen, welche sich mit Themen besch\u00e4ftigen, die von den Studierenden an der Uni kritisiert werden. Aber bevor ich mein Mund aufmache w\u00fcrd ich gerne [&hellip;]<\/p>\n","protected":false},"author":486,"featured_media":16350,"comment_status":"open","ping_status":"open","sticky":false,"template":"","format":"standard","meta":{"_bbp_topic_count":0,"_bbp_reply_count":0,"_bbp_total_topic_count":0,"_bbp_total_reply_count":0,"_bbp_voice_count":0,"_bbp_anonymous_reply_count":0,"_bbp_topic_count_hidden":0,"_bbp_reply_count_hidden":0,"_bbp_forum_subforum_count":0,"footnotes":""},"categories":[10841],"tags":[21057,21089,18494,15748,21076],"class_list":["post-557","post","type-post","status-publish","format-standard","has-post-thumbnail","hentry","category-campus-aktuell","tag-40-jahre-uni-bremen","tag-heidi-schelhowe","tag-kritik","tag-lisa","tag-universitat-bremen"],"_links":{"self":[{"href":"https:\/\/blogs.uni-bremen.de\/eule\/wp-json\/wp\/v2\/posts\/557","targetHints":{"allow":["GET"]}}],"collection":[{"href":"https:\/\/blogs.uni-bremen.de\/eule\/wp-json\/wp\/v2\/posts"}],"about":[{"href":"https:\/\/blogs.uni-bremen.de\/eule\/wp-json\/wp\/v2\/types\/post"}],"author":[{"embeddable":true,"href":"https:\/\/blogs.uni-bremen.de\/eule\/wp-json\/wp\/v2\/users\/486"}],"replies":[{"embeddable":true,"href":"https:\/\/blogs.uni-bremen.de\/eule\/wp-json\/wp\/v2\/comments?post=557"}],"version-history":[{"count":2,"href":"https:\/\/blogs.uni-bremen.de\/eule\/wp-json\/wp\/v2\/posts\/557\/revisions"}],"predecessor-version":[{"id":16382,"href":"https:\/\/blogs.uni-bremen.de\/eule\/wp-json\/wp\/v2\/posts\/557\/revisions\/16382"}],"wp:featuredmedia":[{"embeddable":true,"href":"https:\/\/blogs.uni-bremen.de\/eule\/wp-json\/wp\/v2\/media\/16350"}],"wp:attachment":[{"href":"https:\/\/blogs.uni-bremen.de\/eule\/wp-json\/wp\/v2\/media?parent=557"}],"wp:term":[{"taxonomy":"category","embeddable":true,"href":"https:\/\/blogs.uni-bremen.de\/eule\/wp-json\/wp\/v2\/categories?post=557"},{"taxonomy":"post_tag","embeddable":true,"href":"https:\/\/blogs.uni-bremen.de\/eule\/wp-json\/wp\/v2\/tags?post=557"}],"curies":[{"name":"wp","href":"https:\/\/api.w.org\/{rel}","templated":true}]}}