{"id":514,"date":"2011-11-19T15:52:01","date_gmt":"2011-11-19T14:52:01","guid":{"rendered":"http:\/\/blogs.uni-bremen.de\/eule\/?p=514"},"modified":"2021-09-07T02:23:54","modified_gmt":"2021-09-07T00:23:54","slug":"kurz-notiert-40-jahre-das-will-die-uni-feiern","status":"publish","type":"post","link":"https:\/\/blogs.uni-bremen.de\/eule\/2011\/11\/19\/kurz-notiert-40-jahre-das-will-die-uni-feiern\/","title":{"rendered":"kurz notiert: 40 Jahre &#8211; Das will die Uni feiern"},"content":{"rendered":"<p><strong>Oh, ein Jubil\u00e4um! Da fange ich doch gleich an \u00fcber vergangene Zeiten zu gr\u00fcbeln. Aber bitte, ich bin gerade mal seit einem Jahr in der Uni, deshalb feiere ich gerade 1 Jahr Uni Bremen. Nicht ganz so spannend, f\u00fcr wahr. Also, die Universit\u00e4t ist 40 Jahre alt geworden und alle Universit\u00e4tsangeh\u00f6rigen fangen an zu res\u00fcmieren. Das gelingt am Besten bei guter Musik und viel Tanz in der Mensa. Also gibt die Universit\u00e4t eine Feier.<\/strong><\/p>\n<p><!--more--><\/p>\n<p>Am Freitag, dem 25. November findet um 19 Uhr in der Mensa eine Feierlichkeit zum Jubil\u00e4um statt. Dass die Universit\u00e4t da einiges an Programm auff\u00e4hrt ist kaum verwunderlich, denn die geneigten Studierenden sollen sich ja mit der Universit\u00e4t gemeinsam freuen. Moderiert wird der Abend von Dirk B\u00f6hling, welcher als Schauspieler\/Autor und Regisseur an vielen deutschen Produktionen t\u00e4tig war. Alle Achtung, das klingt doch sympatisch. Viel Musik soll nat\u00fcrlich auch gespielt werden. So finden sich unter anderem Coldplay, Dirk Busch und K.Twin Kemini feat. Die Akademiker ein. Um 19:30 soll das Programm starten und Richtung Mitternacht soll es dann mit DJ Andy B stimmungsvoll weitergehen. Kulinarisch wird mit einem Buffet aufgewartet.<\/p>\n<p>Mich pers\u00f6nlich interessiert es ja wie die Mensa f\u00fcr diesen Zweck umgestaltet wird. Wird der DJ hinter der Essen 1 Theke rocken? Wird das verliebte P\u00e4rchen romantisch die Gl\u00e4ser erheben und sich am gigantischen Mensa See erg\u00f6tzen? Ich bin mir sicher dass die Mensa einen tollen Raum bietet um einen interessanten Abend zu gestalten. Aber wenn ich mir vorstelle wie ich dort jeden Tag tr\u00f6delnd die Essenspl\u00e4ne entlang studiere und dann meine Wegroute durch den Mensabereich berechne, dann finde ich es wieder am\u00fcsant dass dort nun eine Jubil\u00e4umsfeier abgehalten wird. Also ich hab keine Lust all diese Tische und St\u00fchle abzutragen und sp\u00e4ter wieder aufzustellen.<\/p>\n<p>Aber irgendwie habe ich Lust zu diesem Abend. Die Karten sind hei\u00df umk\u00e4mpft und wahrscheinlich schon l\u00e4ngst in den H\u00e4nden der Interessenten. Ich versuche mich mal als Reporter der j\u00fcngsten G\u00fcte und schaue ob ich noch in die Feier hereinkomme. Wie das alles ausgeht k\u00f6nnt ihr dann auf dem Blog lesen!<\/p>\n","protected":false},"excerpt":{"rendered":"<p>Oh, ein Jubil\u00e4um! Da fange ich doch gleich an \u00fcber vergangene Zeiten zu gr\u00fcbeln. Aber bitte, ich bin gerade mal seit einem Jahr in der Uni, deshalb feiere ich gerade 1 Jahr Uni Bremen. Nicht ganz so spannend, f\u00fcr wahr. Also, die Universit\u00e4t ist 40 Jahre alt geworden und alle Universit\u00e4tsangeh\u00f6rigen fangen an zu res\u00fcmieren. [&hellip;]<\/p>\n","protected":false},"author":486,"featured_media":16350,"comment_status":"open","ping_status":"open","sticky":false,"template":"","format":"standard","meta":{"_bbp_topic_count":0,"_bbp_reply_count":0,"_bbp_total_topic_count":0,"_bbp_total_reply_count":0,"_bbp_voice_count":0,"_bbp_anonymous_reply_count":0,"_bbp_topic_count_hidden":0,"_bbp_reply_count_hidden":0,"_bbp_forum_subforum_count":0,"footnotes":""},"categories":[10841],"tags":[21057,21060,21058,21059,13872],"class_list":["post-514","post","type-post","status-publish","format-standard","has-post-thumbnail","hentry","category-campus-aktuell","tag-40-jahre-uni-bremen","tag-eule-vor-ort","tag-geburtstagsfeier","tag-mensa","tag-party"],"_links":{"self":[{"href":"https:\/\/blogs.uni-bremen.de\/eule\/wp-json\/wp\/v2\/posts\/514","targetHints":{"allow":["GET"]}}],"collection":[{"href":"https:\/\/blogs.uni-bremen.de\/eule\/wp-json\/wp\/v2\/posts"}],"about":[{"href":"https:\/\/blogs.uni-bremen.de\/eule\/wp-json\/wp\/v2\/types\/post"}],"author":[{"embeddable":true,"href":"https:\/\/blogs.uni-bremen.de\/eule\/wp-json\/wp\/v2\/users\/486"}],"replies":[{"embeddable":true,"href":"https:\/\/blogs.uni-bremen.de\/eule\/wp-json\/wp\/v2\/comments?post=514"}],"version-history":[{"count":1,"href":"https:\/\/blogs.uni-bremen.de\/eule\/wp-json\/wp\/v2\/posts\/514\/revisions"}],"predecessor-version":[{"id":16375,"href":"https:\/\/blogs.uni-bremen.de\/eule\/wp-json\/wp\/v2\/posts\/514\/revisions\/16375"}],"wp:featuredmedia":[{"embeddable":true,"href":"https:\/\/blogs.uni-bremen.de\/eule\/wp-json\/wp\/v2\/media\/16350"}],"wp:attachment":[{"href":"https:\/\/blogs.uni-bremen.de\/eule\/wp-json\/wp\/v2\/media?parent=514"}],"wp:term":[{"taxonomy":"category","embeddable":true,"href":"https:\/\/blogs.uni-bremen.de\/eule\/wp-json\/wp\/v2\/categories?post=514"},{"taxonomy":"post_tag","embeddable":true,"href":"https:\/\/blogs.uni-bremen.de\/eule\/wp-json\/wp\/v2\/tags?post=514"}],"curies":[{"name":"wp","href":"https:\/\/api.w.org\/{rel}","templated":true}]}}