{"id":3127,"date":"2015-12-08T21:02:23","date_gmt":"2015-12-08T20:02:23","guid":{"rendered":"https:\/\/blogs.uni-bremen.de\/eule\/?p=3127"},"modified":"2021-09-17T13:12:26","modified_gmt":"2021-09-17T11:12:26","slug":"was-isst-die-uni-2nd-round-intro","status":"publish","type":"post","link":"https:\/\/blogs.uni-bremen.de\/eule\/2015\/12\/08\/was-isst-die-uni-2nd-round-intro\/","title":{"rendered":"Das isst die Uni &#8211; 2nd Round (Intro)"},"content":{"rendered":"<p style=\"text-align: justify\"><strong>Alle Studierende pflegen wie auch jeder andere eine gesunde Pausenkultur. Nun, besser ist dies so, schlie\u00dflich kann man sich nicht non-stop konzentrieren und mit dem Schreibtisch verwachsen. Gut so! Der kleine Lauf zur Cafeteria oder zur Mensa tut gut. Aber neben den Betrieben des Studentenwerks gibt es noch weitere gastronomische Einrichtungen. die ihr auf dem Campus finden k\u00f6nnt. In einer Artikelserie wollen wir diese mal ganz subjektiv bewerten.<\/strong><\/p>\n<p style=\"text-align: justify\"><!--more--><\/p>\n<p style=\"text-align: justify\">Schon knapp drei Jahre ist es her dass die EULe die verschiedenen Caf\u00e9s hier auf dem Campus mit einem Test bedacht hat. \u201eDas isst die Uni\u201c geht nun in die zweite Runde um zu schauen, wie sich die verschiedenen Gastronomien gehalten haben. W\u00e4hrend sich damals noch mein Kollege Hagen sich dieser angenommen hat, werde nun diesmal ich diese \u201eleckere\u201c Pflicht aufnehmen und eventuell die Kritik- oder Lobeskeule schwingen. Aber erst einmal ein Blick aufs Studentenwerk mit der Uni Mensa und der Cafeteria im GW2.<\/p>\n<p style=\"text-align: justify\">Nun, eins kann gesagt werden, als Studierende sind die Preise unschlagbar. Selber Br\u00f6tchen machen ist nat\u00fcrlich immer um Gr\u00f6\u00dfen g\u00fcnstiger, aber wer eine warme Mahlzeit zu sich nehmen m\u00f6chte, der kommt bei der Mensa g\u00fcnstig weg. Kein Bistro oder Cafe k\u00f6nnte da jemals das Wasser reichen und somit ist die Mensa immer eine solide Entscheidung. Die Mensa hat von 11:30 \u2013 14:15 offen und auch wenn ihr noch eine Veranstaltung bis 13:45 besuchen m\u00fcsst, k\u00f6nnt ihr bei der Mensa noch vorbeischauen. Wem der Stundenplan selbst diese Zeit nicht verg\u00f6nnt, der kann noch bis 17 Uhr im Cafe Central direkt nebenan noch etwas zu Essen bekommen. Das Essen ist zumeist gut, als Bremer Studierende kann man da meiner Meinung nach nicht klagen, gerade preislich betrachtet.<\/p>\n<p style=\"text-align: justify\">Essen 2, welches immer eine leichtere kleinere Portion zum kleinen Preis ist, ist immerzu vegetarisch und manchmal vegan. Dies ist nur am Mittwoch nicht so, denn da tauschen Essen 1 und Essen 2 die Rollen und ihr bekommt etwas vegetarisches bei Essen 1 stattdessen. Aber ansonsten auch so bietet die Mensa eine Salatbar als auch eine vegetarische Theke. Neuerdings gibt es auch standardm\u00e4\u00dfig ein veganes Angebot, obwohl ich hier nicht beurteilen kann, ob dies wirklich den Anspr\u00fcchen entspricht. Aber bez\u00fcglich der veganen K\u00fcche nehmen Studierende meist selbst die Dinge in die Hand und laden des\u00f6fteren zum veganen Kochen ein.<\/p>\n<p style=\"text-align: justify\">Auch in der Cafeteria im GW2 bekommt ihr warmes Essen, Pizza meistens noch in den Nachmittag hinein. Die anderen Theken sind schlie\u00dfen schon fr\u00fcher. Belegte Br\u00f6tchen, auch mal dicker belegt, bekommt ihr noch bis abends. Es lohnt also auch mal den Speiseplan der Cafeteria zu checken, wenn das Mensa-Angebot vielleicht mal nicht zusagt.<\/p>\n<p style=\"text-align: justify\">Das Studentenwerk bietet g\u00fcnstig und ausreichend an und dies von morgens bis abends. Nicht jedes Gericht ist von gleicher Qualit\u00e4t, aber recht oft kommt man ges\u00e4ttigt und zufrieden aus der Mensa raus. Manchmal schleichen sich hier und da aber auch mal Preissteigerung ein, wie Essen 1 oder Hei\u00dfgetr\u00e4nke wie Kaffee.<\/p>\n<p style=\"text-align: justify\">Beim n\u00e4chsten Mal besuche ich das Cafe Unique und schaue mir an, was es dort so zu essen gibt und wie es mit dem Ambiente und drumunddran und sowieso steht. Bis dahin, frohes Kauen!<\/p>\n","protected":false},"excerpt":{"rendered":"<p>Alle Studierende pflegen wie auch jeder andere eine gesunde Pausenkultur. Nun, besser ist dies so, schlie\u00dflich kann man sich nicht non-stop konzentrieren und mit dem Schreibtisch verwachsen. Gut so! Der kleine Lauf zur Cafeteria oder zur Mensa tut gut. Aber neben den Betrieben des Studentenwerks gibt es noch weitere gastronomische Einrichtungen. die ihr auf dem [&hellip;]<\/p>\n","protected":false},"author":486,"featured_media":16350,"comment_status":"open","ping_status":"open","sticky":false,"template":"","format":"standard","meta":{"_bbp_topic_count":0,"_bbp_reply_count":0,"_bbp_total_topic_count":0,"_bbp_total_reply_count":0,"_bbp_voice_count":0,"_bbp_anonymous_reply_count":0,"_bbp_topic_count_hidden":0,"_bbp_reply_count_hidden":0,"_bbp_forum_subforum_count":0,"footnotes":""},"categories":[10841],"tags":[125661,21051,17837,21059,26160,26147,26162],"class_list":["post-3127","post","type-post","status-publish","format-standard","has-post-thumbnail","hentry","category-campus-aktuell","tag-cafe","tag-cafeteria","tag-essen","tag-mensa","tag-studentenwerk","tag-vegan","tag-vegetarisch"],"_links":{"self":[{"href":"https:\/\/blogs.uni-bremen.de\/eule\/wp-json\/wp\/v2\/posts\/3127","targetHints":{"allow":["GET"]}}],"collection":[{"href":"https:\/\/blogs.uni-bremen.de\/eule\/wp-json\/wp\/v2\/posts"}],"about":[{"href":"https:\/\/blogs.uni-bremen.de\/eule\/wp-json\/wp\/v2\/types\/post"}],"author":[{"embeddable":true,"href":"https:\/\/blogs.uni-bremen.de\/eule\/wp-json\/wp\/v2\/users\/486"}],"replies":[{"embeddable":true,"href":"https:\/\/blogs.uni-bremen.de\/eule\/wp-json\/wp\/v2\/comments?post=3127"}],"version-history":[{"count":3,"href":"https:\/\/blogs.uni-bremen.de\/eule\/wp-json\/wp\/v2\/posts\/3127\/revisions"}],"predecessor-version":[{"id":16544,"href":"https:\/\/blogs.uni-bremen.de\/eule\/wp-json\/wp\/v2\/posts\/3127\/revisions\/16544"}],"wp:featuredmedia":[{"embeddable":true,"href":"https:\/\/blogs.uni-bremen.de\/eule\/wp-json\/wp\/v2\/media\/16350"}],"wp:attachment":[{"href":"https:\/\/blogs.uni-bremen.de\/eule\/wp-json\/wp\/v2\/media?parent=3127"}],"wp:term":[{"taxonomy":"category","embeddable":true,"href":"https:\/\/blogs.uni-bremen.de\/eule\/wp-json\/wp\/v2\/categories?post=3127"},{"taxonomy":"post_tag","embeddable":true,"href":"https:\/\/blogs.uni-bremen.de\/eule\/wp-json\/wp\/v2\/tags?post=3127"}],"curies":[{"name":"wp","href":"https:\/\/api.w.org\/{rel}","templated":true}]}}