{"id":19713,"date":"2025-11-16T22:21:37","date_gmt":"2025-11-16T21:21:37","guid":{"rendered":"https:\/\/blogs.uni-bremen.de\/eule\/?p=19713"},"modified":"2025-11-16T22:41:46","modified_gmt":"2025-11-16T21:41:46","slug":"stars-und-sternchen-ueber-ein-paar-der-beruehmtesten-ehemaligen-unserer-uni","status":"publish","type":"post","link":"https:\/\/blogs.uni-bremen.de\/eule\/2025\/11\/16\/stars-und-sternchen-ueber-ein-paar-der-beruehmtesten-ehemaligen-unserer-uni\/","title":{"rendered":"Stars und Sternchen -\u00dcber ein paar der ber\u00fchmtesten  Ehemaligen unserer Uni"},"content":{"rendered":"<p style=\"text-align: justify\">Das GW2, das SFG und MZH, der Boulevard und der Glaskasten\u2026 vor uns sind schon auch viele andere Studierende die Wege des Campus abgelaufen. Unter ihnen auch einige Personen, die w\u00e4hrend oder nach ihrem Studium Ber\u00fchmtheit erlangten. In diesem Artikel m\u00f6chte ich euch drei recht bekannte Personen kurz und knapp vorstellen, die an der Uni Bremen studiert haben.<\/p>\n<p>&nbsp;<\/p>\n<p style=\"text-align: justify\"><strong>Kathrin Fricke alias <em>Coldmirror<\/em><\/strong><\/p>\n<p style=\"text-align: justify\"><img loading=\"lazy\" decoding=\"async\" class=\"alignleft \" src=\"https:\/\/images.noz-mhn.de\/img\/44347935\/crop\/cbase_16_9-w1820-h1022\/483692406\/1839482116\/kathrin-fricke-spitzname-kaddi-ist-vielen-unter-ihrem-pseudonym-coldmirror-bekannt.webp\" width=\"392\" height=\"220\" \/>Kathrin Fricke -geboren am 13.10.1984 in Bremen- ist eher bekannt unter ihrem Pseudonym \u201eColdmirror\u201c unter dem sie auf unterschiedlichen Kan\u00e4len, wie besonders YouTube, Videos ver\u00f6ffentlicht. Harry Potter half ihr durch eine schwere Depression in ihrer Jugend und zeichnet sich auch heute noch als ein h\u00e4ufiges Thema und Motiv in ihrem Content ab. Besonders durch ihre Harry Potter Neusynchronistationen wie \u201eHarry Potter und ein Stein\u201c sowie einigen anderen Filmen der beliebten Filmreihe. Nachdem ihr Account im Oktober 2006 online ging, entwickelte sich dieser zu einer der beliebtesten deutschsprachigen YouTube-Kan\u00e4len. 2010 schloss sie ihr Studium an der Uni Bremen mit einem Bachelor ab. Studiert hatte sie Kunstwissenschaft und Philosophie. Seit 2016 arbeitet sie gemeinsam mit funk.<\/p>\n<p>&nbsp;<\/p>\n<p style=\"text-align: justify\"><strong>Florian Kohfeldt<\/strong><\/p>\n<p style=\"text-align: justify\"><img loading=\"lazy\" decoding=\"async\" class=\"alignright \" src=\"https:\/\/img.a.transfermarkt.technology\/portrait\/big\/16013-1752056707.jpg?lm=1\" width=\"193\" height=\"251\" \/>Werder-Fans aufgepasst: Florian Kohfeldt war zum einen Trainer der Bundesliga Fu\u00dfballmannschaft von Werder Bremen, aber einige Jahre zuvor auch Student der Uni Bremen. 2013 beendete Kohfeldt sein Studium in Sportwissenschaften und Public Health mit einem Master. Zwei Jahre sp\u00e4ter legte er noch die DFB-Ausbildung zum Fu\u00dfballtrainer nach, w\u00e4hrend er bereits als Assistent des damaligen Werder-Cheftrainer Viktor Skripnik arbeitete. 2017 dann der Durchbruch: Nach der Freistellung von Alexander Nouri wurde Kohfeldt erst zu Interimstrainer und sp\u00e4ter zum Cheftrainer der Werder Bremen Erstliga-Mannschaft. Dort arbeitete er bis 2021, bevor nach Wolfsburg und sp\u00e4ter zu Darmstadt wechselte.<\/p>\n<p>&nbsp;<\/p>\n<p style=\"text-align: justify\"><strong>Andreas Bovenschulte<\/strong><\/p>\n<p style=\"text-align: justify\"><img loading=\"lazy\" decoding=\"async\" class=\" alignleft\" src=\"https:\/\/www.bundesrat.de\/SharedDocs\/bilder\/personen\/laender\/hb\/bovenschulte.jpg?__blob=normal&amp;v=10\" width=\"181\" height=\"242\" \/>Dieser Name ist wahrscheinlich den meisten ein Begriff. Der B\u00fcrgermeister von Bremen studierte von 1987 bis 1994 Rechtswissenschaften an der Uni Bremen bis zum ersten Staatsexamen. Im Anschluss arbeitete er von 1995 bis 1998 als wissenschaftlicher Mitarbeiter der Uni Bremen. Im weiteren Verlauf machte Bovenschulte unter anderem ein Referendariat am Hanseatischen Oberlandesgericht Bremen, sein zweites Staatsexamen und arbeitete als Referent f\u00fcr materielle Rechtspr\u00fcfung, \u00f6ffentliches Recht und Datenschutz beim Senator f\u00fcr Justiz in Bremen. Nach seiner politischen Laufbahn im Gemeinderat und als B\u00fcrgermeister in Weyhe, kehrte er nach Bremen zur\u00fcck und f\u00fchrte seine politische Karriere im Senat und als B\u00fcrgermeister in Bremen fort.<\/p>\n<p>&nbsp;<\/p>\n<p style=\"text-align: justify\">Alle drei vorgestellte Personen arbeiten heute in ganz verschiedenen Bereichen -Medien, Sport und Politik- und das war erst der erste Einblick. Ich denke auch heute laufen bereits einige Menschen mit uns \u00fcber den Campus, die in einigen Jahren selbst Teil dieser Liste werden.<\/p>\n<p>&nbsp;<\/p>\n<p><em>Bildquellen<\/em><\/p>\n<p style=\"text-align: left\">Coldmirror:\u00a0<a href=\"https:\/\/images.noz-mhn.de\/img\/44347935\/crop\/cbase_16_9-w1820-h1022\/483692406\/1839482116\/kathrin-fricke-spitzname-kaddi-ist-vielen-unter-ihrem-pseudonym-coldmirror-bekannt.webp\" data-rel=\"lightbox-image-0\" data-rl_title=\"\" data-rl_caption=\"\" title=\"\">https:\/\/images.noz-mhn.de\/img\/44347935\/crop\/cbase_16_9-w1820-h1022\/483692406\/1839482116\/kathrin-fricke-spitzname-kaddi-ist-vielen-unter-ihrem-pseudonym-coldmirror-bekannt.webp<\/a><\/p>\n<p style=\"text-align: left\">Florian Kohfeldt:\u00a0<a href=\"https:\/\/img.a.transfermarkt.technology\/portrait\/big\/16013-1752056707.jpg?lm=1\">https:\/\/img.a.transfermarkt.technology\/portrait\/big\/16013-1752056707.jpg?lm=1<\/a><\/p>\n<p style=\"text-align: left\">Andreas Bovenschulte:\u00a0<a href=\"https:\/\/www.bundesrat.de\/SharedDocs\/bilder\/personen\/laender\/hb\/bovenschulte.jpg?__blob=normal&amp;v=10\">https:\/\/www.bundesrat.de\/SharedDocs\/bilder\/personen\/laender\/hb\/bovenschulte.jpg?__blob=normal&amp;v=10<\/a><\/p>\n","protected":false},"excerpt":{"rendered":"<p>Etliche ehemalige Studierende hat die Uni Bremen schon hervorgebracht. Kein Wunder also, dass auch einige Ber\u00fchmtheiten unter ihnen zu finden sind. In diesem Artikel werden euch drei dieser prominenten Ehemaligen aus verschiedenen T\u00e4tigkeitsfeldern vorgestellt. <\/p>\n","protected":false},"author":16177,"featured_media":19714,"comment_status":"open","ping_status":"open","sticky":false,"template":"","format":"standard","meta":{"_bbp_topic_count":0,"_bbp_reply_count":0,"_bbp_total_topic_count":0,"_bbp_total_reply_count":0,"_bbp_voice_count":0,"_bbp_anonymous_reply_count":0,"_bbp_topic_count_hidden":0,"_bbp_reply_count_hidden":0,"_bbp_forum_subforum_count":0,"footnotes":""},"categories":[10841],"tags":[580302,1023317,1023318],"class_list":["post-19713","post","type-post","status-publish","format-standard","has-post-thumbnail","hentry","category-campus-aktuell","tag-campus-eule","tag-ehemalige","tag-promis"],"_links":{"self":[{"href":"https:\/\/blogs.uni-bremen.de\/eule\/wp-json\/wp\/v2\/posts\/19713","targetHints":{"allow":["GET"]}}],"collection":[{"href":"https:\/\/blogs.uni-bremen.de\/eule\/wp-json\/wp\/v2\/posts"}],"about":[{"href":"https:\/\/blogs.uni-bremen.de\/eule\/wp-json\/wp\/v2\/types\/post"}],"author":[{"embeddable":true,"href":"https:\/\/blogs.uni-bremen.de\/eule\/wp-json\/wp\/v2\/users\/16177"}],"replies":[{"embeddable":true,"href":"https:\/\/blogs.uni-bremen.de\/eule\/wp-json\/wp\/v2\/comments?post=19713"}],"version-history":[{"count":8,"href":"https:\/\/blogs.uni-bremen.de\/eule\/wp-json\/wp\/v2\/posts\/19713\/revisions"}],"predecessor-version":[{"id":19732,"href":"https:\/\/blogs.uni-bremen.de\/eule\/wp-json\/wp\/v2\/posts\/19713\/revisions\/19732"}],"wp:featuredmedia":[{"embeddable":true,"href":"https:\/\/blogs.uni-bremen.de\/eule\/wp-json\/wp\/v2\/media\/19714"}],"wp:attachment":[{"href":"https:\/\/blogs.uni-bremen.de\/eule\/wp-json\/wp\/v2\/media?parent=19713"}],"wp:term":[{"taxonomy":"category","embeddable":true,"href":"https:\/\/blogs.uni-bremen.de\/eule\/wp-json\/wp\/v2\/categories?post=19713"},{"taxonomy":"post_tag","embeddable":true,"href":"https:\/\/blogs.uni-bremen.de\/eule\/wp-json\/wp\/v2\/tags?post=19713"}],"curies":[{"name":"wp","href":"https:\/\/api.w.org\/{rel}","templated":true}]}}