{"id":19476,"date":"2025-07-09T14:46:54","date_gmt":"2025-07-09T12:46:54","guid":{"rendered":"https:\/\/blogs.uni-bremen.de\/eule\/?p=19476"},"modified":"2025-07-09T14:50:55","modified_gmt":"2025-07-09T12:50:55","slug":"alle-jahre-breminale","status":"publish","type":"post","link":"https:\/\/blogs.uni-bremen.de\/eule\/2025\/07\/09\/alle-jahre-breminale\/","title":{"rendered":"Alle Jahre &#8211; Breminale!"},"content":{"rendered":"<p style=\"text-align: justify\">Wenn abends auch der Osterdeich noch voller Lichter ist und Musik und der Duft von k\u00f6stlichstem Essen Bremerinnen und Bremer in den Bann zieht, dann ist es wieder so weit: Die Breminale!<\/p>\n<p style=\"text-align: justify\">Vom 09. &#8211; 13. Juli findet wieder das kostenlose Open-Air Festival am Osterdeich statt und sorgt neben ausreichend Verpflegung auch durch ein vielf\u00e4ltiges Programm f\u00fcr ordentlich Unterhaltung:<\/p>\n<p><img loading=\"lazy\" decoding=\"async\" class=\"wp-image-19479 alignright\" src=\"https:\/\/blogs.uni-bremen.de\/eule\/files\/imm017_18-300x200.jpg\" alt=\"\" width=\"360\" height=\"240\" srcset=\"https:\/\/blogs.uni-bremen.de\/eule\/files\/imm017_18-300x200.jpg 300w, https:\/\/blogs.uni-bremen.de\/eule\/files\/imm017_18-1030x687.jpg 1030w, https:\/\/blogs.uni-bremen.de\/eule\/files\/imm017_18-768x512.jpg 768w, https:\/\/blogs.uni-bremen.de\/eule\/files\/imm017_18-1500x1000.jpg 1500w, https:\/\/blogs.uni-bremen.de\/eule\/files\/imm017_18-705x470.jpg 705w, https:\/\/blogs.uni-bremen.de\/eule\/files\/imm017_18.jpg 1536w\" sizes=\"auto, (max-width: 360px) 100vw, 360px\" \/><\/p>\n<p style=\"text-align: justify\">Musikalisch findet ihr auf den neun B\u00fchnen diverse DJ Sets, Hip Hop und Alternative Rock. Auch einige Acts im Bereich Jazz, Techno, Metal, Afrobeat, Indie, House, Pop oder oder oder\u2026 sind zu finden. Es ist also f\u00fcr jeden Musikgeschmack etwas dabei!<\/p>\n<p style=\"text-align: justify\">Wer hingegen selbst aktiv werden m\u00f6chte, kann nat\u00fcrlich auch einen Tanz-Crashkurs oder den Anwohner:innen-Flohmarkt besuchen oder an einem Festivalquiz teilnehmen. Es gibt Karaoke, viele verschiedene Workshops, Bingo und Ausstellungen, sodass es zu jeder Zeit und an jeder Ecke etwas zu erleben gibt. Zu finden sind au\u00dferdem spezielle Programmpunkte f\u00fcr Kinder wie ein Puppentheater, Kinderschminken oder eine Kids-Disco. Oder aber ihr kn\u00fcpft beim Speed-Dating neue (romantische) Kontakte. Bei diesen Aktivit\u00e4ten solltet ihr einmal vorher schauen, ob gegebenenfalls ein paar Kosten anfallen :)<\/p>\n<p style=\"text-align: justify\">Ihr seht also: Die M\u00f6glichkeiten, sich die Zeit auf der Breminale zu vertreiben, sind scheinbar endlos. Wer sich noch einmal einen genaueren \u00dcberblick \u00fcber alle Acts und Aktionen holen m\u00f6chte, schaut am besten mal bei der Breminale-Seite vorbei und st\u00f6bert sich durch die Acts: <a href=\"https:\/\/breminale-festival.de\/acts\">https:\/\/breminale-festival.de\/acts<\/a>. Wer das Programm f\u00fcr einen bestimmten Tag wissen m\u00f6chte schaut am besten einmal bei dieser \u00dcbersicht vorbei: <a href=\"https:\/\/breminale-festival.de\/programm\">https:\/\/breminale-festival.de\/programm<\/a> .<\/p>\n<p style=\"text-align: justify\"><img loading=\"lazy\" decoding=\"async\" class=\" wp-image-19480 alignleft\" src=\"https:\/\/blogs.uni-bremen.de\/eule\/files\/respekt-logo-1800x-300x120.jpg\" alt=\"\" width=\"328\" height=\"131\" srcset=\"https:\/\/blogs.uni-bremen.de\/eule\/files\/respekt-logo-1800x-300x120.jpg 300w, https:\/\/blogs.uni-bremen.de\/eule\/files\/respekt-logo-1800x-1030x412.jpg 1030w, https:\/\/blogs.uni-bremen.de\/eule\/files\/respekt-logo-1800x-768x307.jpg 768w, https:\/\/blogs.uni-bremen.de\/eule\/files\/respekt-logo-1800x-1536x614.jpg 1536w, https:\/\/blogs.uni-bremen.de\/eule\/files\/respekt-logo-1800x-1500x600.jpg 1500w, https:\/\/blogs.uni-bremen.de\/eule\/files\/respekt-logo-1800x-705x282.jpg 705w, https:\/\/blogs.uni-bremen.de\/eule\/files\/respekt-logo-1800x.jpg 1800w\" sizes=\"auto, (max-width: 328px) 100vw, 328px\" \/>Wenn ihr vor Ort seid, dann achtet auch gerne mal auf das RESPEKT Logo. Damit kennzeichnet die Breminale die Bereiche, in denen sie sowohl ihr soziales, als auch ihr \u00f6kologisches und nachhaltiges Engagement weiterentwickelt. Die Breminale ist sehr bem\u00fcht, offen und zug\u00e4nglich f\u00fcr alle zu sein und arbeitet stets daran so barrierearm wie m\u00f6glich zu sein. Die Veranstalter setzen immer mehr auf Mehrweg, energiesparende Leuchtmittel und regelm\u00e4\u00dfige Reinigungen des Gel\u00e4ndes, wodurch auch ein \u00f6kologischer Beitrag geleistet wird. Es gibt sowohl ein Konzept f\u00fcr den Umgang mit der Nachbarschaft, als auch ein ausgefeiltes Awareness-Konzept, sodass sich sowohl Anwohner:innen, als auch Besucher:innen sicher und wohl f\u00fchlen k\u00f6nnen.<\/p>\n<p style=\"text-align: justify\"><img loading=\"lazy\" decoding=\"async\" class=\" wp-image-19478 alignright\" src=\"https:\/\/blogs.uni-bremen.de\/eule\/files\/imm013_14-300x200.jpg\" alt=\"\" width=\"351\" height=\"234\" srcset=\"https:\/\/blogs.uni-bremen.de\/eule\/files\/imm013_14-300x200.jpg 300w, https:\/\/blogs.uni-bremen.de\/eule\/files\/imm013_14-1030x687.jpg 1030w, https:\/\/blogs.uni-bremen.de\/eule\/files\/imm013_14-768x512.jpg 768w, https:\/\/blogs.uni-bremen.de\/eule\/files\/imm013_14-1500x1000.jpg 1500w, https:\/\/blogs.uni-bremen.de\/eule\/files\/imm013_14-705x470.jpg 705w, https:\/\/blogs.uni-bremen.de\/eule\/files\/imm013_14.jpg 1536w\" sizes=\"auto, (max-width: 351px) 100vw, 351px\" \/>Doch wer \u00fcber die Breminale redet muss auch leider immer \u00fcber eins reden: Geld. Denn die Breminale hat besonders seit der Corona-Zeit ab 2020 zu wenig Geld, um ohne externe Hilfen \u00fcberleben zu k\u00f6nnen. Fehlende F\u00f6rdermittel und steigende Kosten erschweren dabei die Lage. Derzeit erzielt die Breminale einige Ums\u00e4tze aus der Gastronomie vor Ort, st\u00e4dtische F\u00f6rderungen durch den Senator f\u00fcr Kultur sowie Sponsorings und Programmbeitr\u00e4ge durch Partner:innen. Zudem gibt es sogenannte \u201eSoli-Tickets\u201c. Dabei handelt es sich nicht um Eintrittskarte f\u00fcr die Breminale, denn diese soll auch weiterhin kostenfrei f\u00fcr alle bleiben. Vielmehr sind die Soli-Tickets als symbolischer Akt der Solidarit\u00e4t zu verstehen, mit denen das Festival finanziell unterst\u00fctzt werden kann. Alternativ k\u00f6nnen nat\u00fcrlich auch \u201eklassische\u201c Spenden get\u00e4tigt werden. Aber auch Essen, Getr\u00e4nke oder Merch zu kaufen, ist bereits eine Unterst\u00fctzung, um das Festival am Osterdeich auch zuk\u00fcnftig zu sichern.<\/p>\n<p style=\"text-align: justify\">Also: Genehmigt euch eine kleine Auszeit von der Pr\u00fcfungsphase und schaut einmal vorbei! Ich muss jetzt n\u00e4mlich auch los: Die Breminale wartet!<\/p>\n<p>&nbsp;<\/p>\n<p><strong>Bildquellen:<\/strong><\/p>\n<ul>\n<li>Eigene Aufnahmen; analog (Jonah Lohse)<\/li>\n<li><a href=\"https:\/\/breminale-festival.de\/respekt\">https:\/\/breminale-festival.de\/respekt\u00a0<\/a><\/li>\n<\/ul>\n","protected":false},"excerpt":{"rendered":"<p>Es ist wieder soweit: Die Breminale findet vom 09. bis zum 13. Juli erneut auf dem Osterdeich statt. Freut euch neben Essen, Getr\u00e4nke und Musik auch auf ein vielf\u00e4ltiges Programm mit unterschiedlichen Aktionen! <\/p>\n","protected":false},"author":16177,"featured_media":19477,"comment_status":"open","ping_status":"open","sticky":false,"template":"","format":"standard","meta":{"_bbp_topic_count":0,"_bbp_reply_count":0,"_bbp_total_topic_count":0,"_bbp_total_reply_count":0,"_bbp_voice_count":0,"_bbp_anonymous_reply_count":0,"_bbp_topic_count_hidden":0,"_bbp_reply_count_hidden":0,"_bbp_forum_subforum_count":0,"footnotes":""},"categories":[10841,580333,1023066],"tags":[18524,580302,15815,619,1023226,704303],"class_list":["post-19476","post","type-post","status-publish","format-standard","has-post-thumbnail","hentry","category-campus-aktuell","category-studileben","category-uni-life","tag-breminale","tag-campus-eule","tag-festival","tag-musik","tag-open-air","tag-osterdeich"],"_links":{"self":[{"href":"https:\/\/blogs.uni-bremen.de\/eule\/wp-json\/wp\/v2\/posts\/19476","targetHints":{"allow":["GET"]}}],"collection":[{"href":"https:\/\/blogs.uni-bremen.de\/eule\/wp-json\/wp\/v2\/posts"}],"about":[{"href":"https:\/\/blogs.uni-bremen.de\/eule\/wp-json\/wp\/v2\/types\/post"}],"author":[{"embeddable":true,"href":"https:\/\/blogs.uni-bremen.de\/eule\/wp-json\/wp\/v2\/users\/16177"}],"replies":[{"embeddable":true,"href":"https:\/\/blogs.uni-bremen.de\/eule\/wp-json\/wp\/v2\/comments?post=19476"}],"version-history":[{"count":5,"href":"https:\/\/blogs.uni-bremen.de\/eule\/wp-json\/wp\/v2\/posts\/19476\/revisions"}],"predecessor-version":[{"id":19487,"href":"https:\/\/blogs.uni-bremen.de\/eule\/wp-json\/wp\/v2\/posts\/19476\/revisions\/19487"}],"wp:featuredmedia":[{"embeddable":true,"href":"https:\/\/blogs.uni-bremen.de\/eule\/wp-json\/wp\/v2\/media\/19477"}],"wp:attachment":[{"href":"https:\/\/blogs.uni-bremen.de\/eule\/wp-json\/wp\/v2\/media?parent=19476"}],"wp:term":[{"taxonomy":"category","embeddable":true,"href":"https:\/\/blogs.uni-bremen.de\/eule\/wp-json\/wp\/v2\/categories?post=19476"},{"taxonomy":"post_tag","embeddable":true,"href":"https:\/\/blogs.uni-bremen.de\/eule\/wp-json\/wp\/v2\/tags?post=19476"}],"curies":[{"name":"wp","href":"https:\/\/api.w.org\/{rel}","templated":true}]}}