{"id":19321,"date":"2025-04-11T21:19:56","date_gmt":"2025-04-11T19:19:56","guid":{"rendered":"https:\/\/blogs.uni-bremen.de\/eule\/?p=19321"},"modified":"2025-04-11T21:30:38","modified_gmt":"2025-04-11T19:30:38","slug":"neuzuwachs-bei-den-eulen-7","status":"publish","type":"post","link":"https:\/\/blogs.uni-bremen.de\/eule\/2025\/04\/11\/neuzuwachs-bei-den-eulen-7\/","title":{"rendered":"Neuzuwachs bei den Eulen"},"content":{"rendered":"<p style=\"text-align: justify\">Hey Zusammen :)<\/p>\n<p style=\"text-align: justify\">Ich hei\u00dfe Finja und freue mich riesig mich als neues Mitglied der Campus EULe in diesem Artikel einmal vorzustellen. Ich bin 22 Jahre alt und studiere seit Oktober 2024 an der Uni Bremen die F\u00e4cherkombi Kommunikations- und Medienwissenschaft (PF) mit Kunst-Medien-\u00c4sthetischer Bildung (KF).<\/p>\n<p style=\"text-align: justify\">Zu meinen gr\u00f6\u00dften Leidenschaften und Hobbies geh\u00f6rt super viel, weil ich mich einfach nie f\u00fcr nur eine Sache entscheiden kann. Ich mache gerne Sport, bin f\u00fcr Fotos oder Videos unterwegs, treffe mich gerne mit Freund*Innen, k\u00fcmmere mich um meine fast 25 Zimmerpflanzen, male oder versuche irgendetwas Neues zu erlernen.<\/p>\n<div id=\"attachment_19325\" style=\"width: 310px\" class=\"wp-caption alignleft\"><img loading=\"lazy\" decoding=\"async\" aria-describedby=\"caption-attachment-19325\" class=\"wp-image-19325 size-medium\" src=\"https:\/\/blogs.uni-bremen.de\/eule\/files\/HUT02638-300x200.jpg\" alt=\"\" width=\"300\" height=\"200\" srcset=\"https:\/\/blogs.uni-bremen.de\/eule\/files\/HUT02638-300x200.jpg 300w, https:\/\/blogs.uni-bremen.de\/eule\/files\/HUT02638-1030x687.jpg 1030w, https:\/\/blogs.uni-bremen.de\/eule\/files\/HUT02638-768x512.jpg 768w, https:\/\/blogs.uni-bremen.de\/eule\/files\/HUT02638-1536x1024.jpg 1536w, https:\/\/blogs.uni-bremen.de\/eule\/files\/HUT02638-2048x1365.jpg 2048w, https:\/\/blogs.uni-bremen.de\/eule\/files\/HUT02638-1500x1000.jpg 1500w, https:\/\/blogs.uni-bremen.de\/eule\/files\/HUT02638-705x470.jpg 705w\" sizes=\"auto, (max-width: 300px) 100vw, 300px\" \/><p id=\"caption-attachment-19325\" class=\"wp-caption-text\">Manchmal mache ich Fotos auch gerne auf meiner analogen Kamera<\/p><\/div>\n<p style=\"text-align: justify\">Vor meinem jetzigen Studium habe ich etwa zweieinhalb Semester Film- und Motion Design studiert, was mich zur Videographie und etwas\u00a0Fotographie gebracht hat. Besonderer Grund f\u00fcr das Studium war tats\u00e4chlich meine gro\u00dfe Vorliebe f\u00fcr absolute Trash-Filme und B-Movies. Seit dem \u201eFilm\u201c-Studium bin ich daher eben manchmal als Kamerafrau oder als Cutterin unterwegs. Es bereitet mir super viel Freude Bilder und Eindr\u00fccke mit der Kamera einzufangen und sp\u00e4ter selber in einem Video zu verarbeiten. Ich finde man kann sich dabei selbst sehr kreativ ausleben und ausdr\u00fccken. Alternativ lebe ich meine Kreativit\u00e4t auch gerne auf der Leinwand aus und male -am liebsten mit Acrylfarben- die verschiedensten Motive oder ich probiere mich daran kreative digitale Designs zu entwickeln und zu gestalten.<\/p>\n<p style=\"text-align: justify\">Beim Sport mache ich besonders gerne Judo, was ich vor etwa 18 Jahren angefangen habe\u2026 besonders weil ich bei jeglicher Art von Ballsport schon immer wirklich furchtbar schlecht war und ehrlich gesagt auch immer noch bin. Ich bin wirklich sehr stolz darauf seit rund 3 Jahren den schwarzen G\u00fcrtel (1.Dan) zu tragen und probiere -neben dem Studium und allem- mich irgendwie auf den n\u00e4chsten G\u00fcrtel weiter vorzubereiten. Ansonsten habe ich einen Trainer*innen-Schein und gebe daher auch selber gerne regelm\u00e4\u00dfig Training. Und obwohl Kinder manchmal sehr fies sein k\u00f6nnen, macht es mir unglaublich viel Spa\u00df!<\/p>\n<div id=\"attachment_19326\" style=\"width: 167px\" class=\"wp-caption alignright\"><img loading=\"lazy\" decoding=\"async\" aria-describedby=\"caption-attachment-19326\" class=\"wp-image-19326 \" src=\"https:\/\/blogs.uni-bremen.de\/eule\/files\/20240924_184739-e1744398542853-188x300.jpg\" alt=\"\" width=\"157\" height=\"251\" srcset=\"https:\/\/blogs.uni-bremen.de\/eule\/files\/20240924_184739-e1744398542853-188x300.jpg 188w, https:\/\/blogs.uni-bremen.de\/eule\/files\/20240924_184739-e1744398542853-647x1030.jpg 647w, https:\/\/blogs.uni-bremen.de\/eule\/files\/20240924_184739-e1744398542853-768x1223.jpg 768w, https:\/\/blogs.uni-bremen.de\/eule\/files\/20240924_184739-e1744398542853-965x1536.jpg 965w, https:\/\/blogs.uni-bremen.de\/eule\/files\/20240924_184739-e1744398542853-1286x2048.jpg 1286w, https:\/\/blogs.uni-bremen.de\/eule\/files\/20240924_184739-e1744398542853-942x1500.jpg 942w, https:\/\/blogs.uni-bremen.de\/eule\/files\/20240924_184739-e1744398542853-443x705.jpg 443w, https:\/\/blogs.uni-bremen.de\/eule\/files\/20240924_184739-e1744398542853.jpg 1302w\" sizes=\"auto, (max-width: 157px) 100vw, 157px\" \/><p id=\"caption-attachment-19326\" class=\"wp-caption-text\">Meine kleine Pflanzenecke :)<\/p><\/div>\n<p style=\"text-align: justify\">Ansonsten k\u00fcmmere ich mich wie gesagt gerne um meine Zimmerpflanzen, bei denen ich ehrlich gesagt immer wieder \u00fcberrascht bin, dass sie alle tats\u00e4chlich noch leben. Dar\u00fcber hinaus gehe ich super gerne auf Konzerte oder kleine Festivals. In Bremen darf dabei das Sommerfest Vorstra\u00dfe, die Breminale oder auch das Sommer Sounds auf keinen Fall fehlen! Auf Konzerte von allen meinen liebsten K\u00fcnstlerinnen und K\u00fcnstlern gehe ich auch gerne mehr als nur einmal, denn: Musik h\u00f6ren ist f\u00fcr mich ein sehr gro\u00dfer Teil meines Alltages und ich finde die Stimmung bei Live Veranstaltungen immer sehr sch\u00f6n, wenn alle die Texte krumm und schief mitsingen. Besonders freue ich mich immer solche Erlebnisse gemeinsam mit meinen Freundinnen und Freunden zu machen\u2026 ich freue mich aber auch \u00fcber jedes Kaffee trinken und schnacken.<\/p>\n<p style=\"text-align: justify\">Ich interessiere mich sehr f\u00fcr feministische Themen, Politik und alles rund um Gleichberechtigung. Ich mag das StudentInnen-Leben, sowie Tipps und Tricks diese besondere Zeit im Leben so einfach und spannend wie m\u00f6glich zu gestalten. Das Studium ist f\u00fcr alle eine Phase der Ver\u00e4nderungen und der neuen Entwicklungen und ich freue mich sehr euch zuk\u00fcnftig durch die Campus EULe in eurem Studi-Alltag zu begleiten und euch mit verschiedenen Artikeln und Beitr\u00e4gen \u00fcber die Vielfalt des Studierens, der wundersch\u00f6nen Stadt Bremen und anderen weiteren spannenden Themen ein kleines L\u00e4cheln zu schenken.<\/p>\n<p style=\"text-align: justify\">Ich freu mich drauf!<\/p>\n<p style=\"text-align: justify\">Eure Finja<\/p>\n","protected":false},"excerpt":{"rendered":"<p>Hey, ich bin Finja und ich darf mich euch in diesem Artikel als neue Eule vorstellen.<br \/>\nSchaut gerne rein :)<\/p>\n","protected":false},"author":16177,"featured_media":19333,"comment_status":"open","ping_status":"open","sticky":false,"template":"","format":"standard","meta":{"_bbp_topic_count":0,"_bbp_reply_count":0,"_bbp_total_topic_count":0,"_bbp_total_reply_count":0,"_bbp_voice_count":0,"_bbp_anonymous_reply_count":0,"_bbp_topic_count_hidden":0,"_bbp_reply_count_hidden":0,"_bbp_forum_subforum_count":0,"footnotes":""},"categories":[10841],"tags":[580302,580353,580355,1023254],"class_list":["post-19321","post","type-post","status-publish","format-standard","has-post-thumbnail","hentry","category-campus-aktuell","tag-campus-eule","tag-eule-redaktionsteam","tag-neue-eule","tag-vorstellungsartikel"],"_links":{"self":[{"href":"https:\/\/blogs.uni-bremen.de\/eule\/wp-json\/wp\/v2\/posts\/19321","targetHints":{"allow":["GET"]}}],"collection":[{"href":"https:\/\/blogs.uni-bremen.de\/eule\/wp-json\/wp\/v2\/posts"}],"about":[{"href":"https:\/\/blogs.uni-bremen.de\/eule\/wp-json\/wp\/v2\/types\/post"}],"author":[{"embeddable":true,"href":"https:\/\/blogs.uni-bremen.de\/eule\/wp-json\/wp\/v2\/users\/16177"}],"replies":[{"embeddable":true,"href":"https:\/\/blogs.uni-bremen.de\/eule\/wp-json\/wp\/v2\/comments?post=19321"}],"version-history":[{"count":2,"href":"https:\/\/blogs.uni-bremen.de\/eule\/wp-json\/wp\/v2\/posts\/19321\/revisions"}],"predecessor-version":[{"id":19334,"href":"https:\/\/blogs.uni-bremen.de\/eule\/wp-json\/wp\/v2\/posts\/19321\/revisions\/19334"}],"wp:featuredmedia":[{"embeddable":true,"href":"https:\/\/blogs.uni-bremen.de\/eule\/wp-json\/wp\/v2\/media\/19333"}],"wp:attachment":[{"href":"https:\/\/blogs.uni-bremen.de\/eule\/wp-json\/wp\/v2\/media?parent=19321"}],"wp:term":[{"taxonomy":"category","embeddable":true,"href":"https:\/\/blogs.uni-bremen.de\/eule\/wp-json\/wp\/v2\/categories?post=19321"},{"taxonomy":"post_tag","embeddable":true,"href":"https:\/\/blogs.uni-bremen.de\/eule\/wp-json\/wp\/v2\/tags?post=19321"}],"curies":[{"name":"wp","href":"https:\/\/api.w.org\/{rel}","templated":true}]}}