{"id":19250,"date":"2025-02-17T00:19:48","date_gmt":"2025-02-16T23:19:48","guid":{"rendered":"https:\/\/blogs.uni-bremen.de\/eule\/?p=19250"},"modified":"2025-02-17T00:27:08","modified_gmt":"2025-02-16T23:27:08","slug":"3-fruehlings-diys","status":"publish","type":"post","link":"https:\/\/blogs.uni-bremen.de\/eule\/2025\/02\/17\/3-fruehlings-diys\/","title":{"rendered":"3 Fr\u00fchlings-DIYs"},"content":{"rendered":"<p style=\"font-weight: 400\">Na, wem von euch h\u00e4ngt der Winter mittlerweile auch geh\u00f6rig aus dem Hals raus? Wenn es nach mir ginge, d\u00fcrfte der Dezember ruhig nahtlos in den Fr\u00fchling \u00fcbergehen \u2013 gibt es ein sch\u00f6neres Gef\u00fchl, als nach monatelanger Dunkelheit endlich wieder warme Sonnenstrahlen auf der Haut zu sp\u00fcren und das erste frische Gr\u00fcn aus der Erde sprie\u00dfen zu sehen?<\/p>\n<p style=\"font-weight: 400\">Aus meiner Sehnsucht nach etwas Leben und Frische habe ich mich an drei DIY-Projekte gesetzt, um meinem Zimmer einen kleinen Fr\u00fchlingskick zu verleihen und die Zeit bis zum Fr\u00fchjahrsanfang zu \u00fcberbr\u00fccken. Wenn es euch \u00e4hnlich geht und ihr euch gerne kreativ austobt, dann sind diese Ideen bestimmt auch etwas f\u00fcr euch!<\/p>\n<ol>\n<li><strong>Blumen-Bilderrahmen<\/strong><\/li>\n<\/ol>\n<p style=\"font-weight: 400\"><img loading=\"lazy\" decoding=\"async\" class=\"size-medium wp-image-19255 alignleft\" src=\"https:\/\/blogs.uni-bremen.de\/eule\/files\/14D239F8-20CC-4D3F-8F7D-9EFA16FFEE3F-223x300.jpeg\" alt=\"\" width=\"223\" height=\"300\" srcset=\"https:\/\/blogs.uni-bremen.de\/eule\/files\/14D239F8-20CC-4D3F-8F7D-9EFA16FFEE3F-223x300.jpeg 223w, https:\/\/blogs.uni-bremen.de\/eule\/files\/14D239F8-20CC-4D3F-8F7D-9EFA16FFEE3F-766x1030.jpeg 766w, https:\/\/blogs.uni-bremen.de\/eule\/files\/14D239F8-20CC-4D3F-8F7D-9EFA16FFEE3F-768x1032.jpeg 768w, https:\/\/blogs.uni-bremen.de\/eule\/files\/14D239F8-20CC-4D3F-8F7D-9EFA16FFEE3F-1143x1536.jpeg 1143w, https:\/\/blogs.uni-bremen.de\/eule\/files\/14D239F8-20CC-4D3F-8F7D-9EFA16FFEE3F-1116x1500.jpeg 1116w, https:\/\/blogs.uni-bremen.de\/eule\/files\/14D239F8-20CC-4D3F-8F7D-9EFA16FFEE3F-524x705.jpeg 524w, https:\/\/blogs.uni-bremen.de\/eule\/files\/14D239F8-20CC-4D3F-8F7D-9EFA16FFEE3F.jpeg 1205w\" sizes=\"auto, (max-width: 223px) 100vw, 223px\" \/>Die W\u00e4nde in deinem WG-Zimmer f\u00fchlen sich irgendwie nackt an, Bilder sind dir aber zu gew\u00f6hnlich? F\u00fcr ein bisschen fr\u00fchlingshaften Cottage-Charme kannst du ganz leicht ein sch\u00f6nes Dekost\u00fcck f\u00fcr deine Wand herstellen, indem du aus einem Bilderrahmen das Glas entfernst und an die R\u00fcckseite mithilfe von etwas starkem Klebeband getrocknete Blumen befestigst. Besonders gut eignet sich hierf\u00fcr Schleierkraut, da es auch getrocknet lange h\u00fcbsch aussieht, ihr k\u00f6nnt aber auch zu anderen Trockenblumen greifen.<\/p>\n<p style=\"font-weight: 400\">Wer es noch etwas verspielter m\u00f6chte, kann statt eines Bilderrahmens auch Stickrahmen verwenden. Besonders Jane Austen-Fans d\u00fcrfte bei dem englischen countryside-Stil, den das mit sich bringt, das Herz aufgehen!<\/p>\n<p style=\"font-weight: 400\"><strong>\u00a0<\/strong><\/p>\n<ol start=\"2\">\n<li><strong>Blumen-Perlenarmb\u00e4nder<\/strong><\/li>\n<\/ol>\n<p style=\"font-weight: 400\">Im Rahmen von Taylor Swifts Eras-Tour haben sie einen neuen Hype erlebt \u2013 <img loading=\"lazy\" decoding=\"async\" class=\"size-medium wp-image-19256 alignright\" src=\"https:\/\/blogs.uni-bremen.de\/eule\/files\/45C08502-B6EC-442A-BAC3-F4BD182CA64B-223x300.jpeg\" alt=\"\" width=\"223\" height=\"300\" srcset=\"https:\/\/blogs.uni-bremen.de\/eule\/files\/45C08502-B6EC-442A-BAC3-F4BD182CA64B-223x300.jpeg 223w, https:\/\/blogs.uni-bremen.de\/eule\/files\/45C08502-B6EC-442A-BAC3-F4BD182CA64B-766x1030.jpeg 766w, https:\/\/blogs.uni-bremen.de\/eule\/files\/45C08502-B6EC-442A-BAC3-F4BD182CA64B-768x1032.jpeg 768w, https:\/\/blogs.uni-bremen.de\/eule\/files\/45C08502-B6EC-442A-BAC3-F4BD182CA64B-1143x1536.jpeg 1143w, https:\/\/blogs.uni-bremen.de\/eule\/files\/45C08502-B6EC-442A-BAC3-F4BD182CA64B-1116x1500.jpeg 1116w, https:\/\/blogs.uni-bremen.de\/eule\/files\/45C08502-B6EC-442A-BAC3-F4BD182CA64B-524x705.jpeg 524w, https:\/\/blogs.uni-bremen.de\/eule\/files\/45C08502-B6EC-442A-BAC3-F4BD182CA64B.jpeg 1205w\" sizes=\"auto, (max-width: 223px) 100vw, 223px\" \/>Perlenarmb\u00e4nder sind voll im Trend und mit etwas Geduld und \u00dcbung schnell hergestellt. F\u00fcr einen fr\u00fchlingshaften Touch k\u00f6nnen statt einfacher Perlenfolgen ganz leicht kleine Bl\u00fcten geformt werden, und in Gr\u00f6\u00dfe und Farbe nach Belieben variiert werden.<\/p>\n<p style=\"font-weight: 400\">Wer es gerne einfach halten m\u00f6chte, kann als Band dehnbares Nylongarn verwenden und es zu einem geschlossenen Armband zusammenknoten, wer lieber einen richtigen Verschluss einarbeiten m\u00f6chte, sollte besser auf festes Garn zur\u00fcckgreifen.<\/p>\n<p style=\"font-weight: 400\"><strong>\u00a0<\/strong><\/p>\n<ol start=\"3\">\n<li><strong>Osterstrauch-Anh\u00e4nger<\/strong><\/li>\n<\/ol>\n<p style=\"font-weight: 400\"><strong>\u00a0<\/strong><\/p>\n<p style=\"font-weight: 400\"><img loading=\"lazy\" decoding=\"async\" class=\"size-medium wp-image-19257 alignleft\" src=\"https:\/\/blogs.uni-bremen.de\/eule\/files\/4B0FA46C-C014-47B4-BB64-AB5CC685EA2B-224x300.jpeg\" alt=\"\" width=\"224\" height=\"300\" srcset=\"https:\/\/blogs.uni-bremen.de\/eule\/files\/4B0FA46C-C014-47B4-BB64-AB5CC685EA2B-224x300.jpeg 224w, https:\/\/blogs.uni-bremen.de\/eule\/files\/4B0FA46C-C014-47B4-BB64-AB5CC685EA2B-767x1030.jpeg 767w, https:\/\/blogs.uni-bremen.de\/eule\/files\/4B0FA46C-C014-47B4-BB64-AB5CC685EA2B-768x1031.jpeg 768w, https:\/\/blogs.uni-bremen.de\/eule\/files\/4B0FA46C-C014-47B4-BB64-AB5CC685EA2B-1144x1536.jpeg 1144w, https:\/\/blogs.uni-bremen.de\/eule\/files\/4B0FA46C-C014-47B4-BB64-AB5CC685EA2B-1118x1500.jpeg 1118w, https:\/\/blogs.uni-bremen.de\/eule\/files\/4B0FA46C-C014-47B4-BB64-AB5CC685EA2B-525x705.jpeg 525w, https:\/\/blogs.uni-bremen.de\/eule\/files\/4B0FA46C-C014-47B4-BB64-AB5CC685EA2B.jpeg 1207w\" sizes=\"auto, (max-width: 224px) 100vw, 224px\" \/>Wer sich schonmal auf Ostern vorbereiten m\u00f6chte, kann auch schon sch\u00f6nen Schmuck f\u00fcr einen Osterstrauch vorbereiten. Schrumpffolie, die sehr leicht im Internet oder in Bastelgesch\u00e4ften zu bekommen ist, kann zu h\u00fcbschen Anh\u00e4ngern verarbeitet werden. Je nach Folienart kann sie entweder von Hand bemalt oder auch bedruckt werden. Dann ausschneiden, ein Loch hinein stanzen und f\u00fcr wenige Minuten im Backofen erw\u00e4rmen \u2013 fertig sind die s\u00fc\u00dfen Anh\u00e4nger, die sich an Weidenk\u00e4tzchen genau so gut machen wie an Obstbaumzweigen. Wer so lange nicht warten kann, kann sie auch gut als Schl\u00fcsselanh\u00e4nger verwenden!<\/p>\n","protected":false},"excerpt":{"rendered":"<p>Na, wem von euch h\u00e4ngt der Winter mittlerweile auch geh\u00f6rig aus dem Hals raus? Wenn es nach mir ginge, d\u00fcrfte der Dezember ruhig nahtlos in den Fr\u00fchling \u00fcbergehen \u2013 gibt es ein sch\u00f6neres Gef\u00fchl, als nach monatelanger Dunkelheit endlich wieder warme Sonnenstrahlen auf der Haut zu sp\u00fcren und das erste frische Gr\u00fcn aus der Erde [&hellip;]<\/p>\n","protected":false},"author":14611,"featured_media":19251,"comment_status":"open","ping_status":"open","sticky":false,"template":"","format":"standard","meta":{"_bbp_topic_count":0,"_bbp_reply_count":0,"_bbp_total_topic_count":0,"_bbp_total_reply_count":0,"_bbp_voice_count":0,"_bbp_anonymous_reply_count":0,"_bbp_topic_count_hidden":0,"_bbp_reply_count_hidden":0,"_bbp_forum_subforum_count":0,"footnotes":""},"categories":[10841],"tags":[13868,580302,338,15667,21521,169,469,509,21076],"class_list":["post-19250","post","type-post","status-publish","format-standard","has-post-thumbnail","hentry","category-campus-aktuell","tag-bremen","tag-campus-eule","tag-diy","tag-eule","tag-studentenleben","tag-studierende","tag-studium","tag-tipps","tag-universitat-bremen"],"_links":{"self":[{"href":"https:\/\/blogs.uni-bremen.de\/eule\/wp-json\/wp\/v2\/posts\/19250","targetHints":{"allow":["GET"]}}],"collection":[{"href":"https:\/\/blogs.uni-bremen.de\/eule\/wp-json\/wp\/v2\/posts"}],"about":[{"href":"https:\/\/blogs.uni-bremen.de\/eule\/wp-json\/wp\/v2\/types\/post"}],"author":[{"embeddable":true,"href":"https:\/\/blogs.uni-bremen.de\/eule\/wp-json\/wp\/v2\/users\/14611"}],"replies":[{"embeddable":true,"href":"https:\/\/blogs.uni-bremen.de\/eule\/wp-json\/wp\/v2\/comments?post=19250"}],"version-history":[{"count":3,"href":"https:\/\/blogs.uni-bremen.de\/eule\/wp-json\/wp\/v2\/posts\/19250\/revisions"}],"predecessor-version":[{"id":19254,"href":"https:\/\/blogs.uni-bremen.de\/eule\/wp-json\/wp\/v2\/posts\/19250\/revisions\/19254"}],"wp:featuredmedia":[{"embeddable":true,"href":"https:\/\/blogs.uni-bremen.de\/eule\/wp-json\/wp\/v2\/media\/19251"}],"wp:attachment":[{"href":"https:\/\/blogs.uni-bremen.de\/eule\/wp-json\/wp\/v2\/media?parent=19250"}],"wp:term":[{"taxonomy":"category","embeddable":true,"href":"https:\/\/blogs.uni-bremen.de\/eule\/wp-json\/wp\/v2\/categories?post=19250"},{"taxonomy":"post_tag","embeddable":true,"href":"https:\/\/blogs.uni-bremen.de\/eule\/wp-json\/wp\/v2\/tags?post=19250"}],"curies":[{"name":"wp","href":"https:\/\/api.w.org\/{rel}","templated":true}]}}