{"id":18732,"date":"2023-12-09T02:49:44","date_gmt":"2023-12-09T01:49:44","guid":{"rendered":"https:\/\/blogs.uni-bremen.de\/eule\/?p=18732"},"modified":"2023-12-09T09:59:18","modified_gmt":"2023-12-09T08:59:18","slug":"nikolaus-und-weihnachtsbraeuche-in-bremen-und-norddeutschland","status":"publish","type":"post","link":"https:\/\/blogs.uni-bremen.de\/eule\/2023\/12\/09\/nikolaus-und-weihnachtsbraeuche-in-bremen-und-norddeutschland\/","title":{"rendered":"Nikolaus- und Weihnachtsbr\u00e4uche in Bremen und Norddeutschland"},"content":{"rendered":"<p style=\"font-weight: 400\">Wenn es um Weihnachtsbr\u00e4uche geht, scheiden sich die Geister \u2013 vor allem geografisch bedingte Unterschiede sorgen oftmals f\u00fcr die ein oder andere Auseinandersetzung in Familien bei der Planung der Festivit\u00e4ten; w\u00e4hrend bei Mama immer das Christkind kam, ist Papa mit dem Weihnachtsmann aufgewachsen. Und wer von beiden soll nun an Weihnachten den gemeinsamen Kindern die Geschenke bringen?<\/p>\n<p style=\"font-weight: 400\">Auch Bremen hat nicht nur, ebenso wie andere nordische L\u00e4nder, ganz andere Traditionen als der tiefe S\u00fcden Deutschlands, sondern sogar einen ganz eigenen Brauch, der in dieser Form tats\u00e4chlich exklusiv bremisch ist:<\/p>\n<p style=\"font-weight: 400\">Falls es bei euch diese Woche am 06. Dezember abends an der T\u00fcr geklingelt hat, wurdet ihr m\u00f6glicherweise Zeugen einer ganz speziell bremischen Tradition: dem Sunnerklaaslaufen, auch Nikolauslaufen genannt (<i>Sunnerklaas <\/i>= Plattdeutsch f\u00fcr Sankt Nikolaus). Hierbei ziehen Kinder, meist verkleidet und in kleinen Gruppen, \u00e4hnlich wie an Halloween durch die Nachbarschaft von T\u00fcr zu T\u00fcr. Statt jedoch \u201eS\u00fc\u00dfes oder Saures\u201c zu rufen, sagen sie beim Nikolauslaufen ein Gedicht auf oder singen ein weihnachtliches Lied, was daraufhin mit S\u00fc\u00dfigkeiten, N\u00fcssen oder Obst belohnt wird.<\/p>\n<p>&nbsp;<\/p>\n<p style=\"font-weight: 400\">Die Figur des Sankt Nikolaus und der Brauch des Nikolauslaufens gehen auf den heiligen <i>Nikolaus von Myra<\/i> zur\u00fcck, einen legendenumwobenen Bischof des 4. Jahrhunderts, der als Schutzpatron der Kinder gilt. Sankt Nikolaus soll in der Nacht vom 5. auf den 6. Dezember von Haus zu Haus reisen und Geschenke wie Schokolade, N\u00fcsse oder Mandarinen in den am Vortag gr\u00fcndlich geputzten Stiefeln der Kinder hinterlassen, die am Abend vor die T\u00fcr gestellt werden. Begleitet wird er dabei meist von einem Esel als Packtier und fr\u00fcher auch von der Figur des <i>Knecht Ruprecht<\/i>, der eine Rute bei sich tr\u00e4gt, um Kinder zu bestrafen, die nicht brav waren oder deren Stiefel nicht sauber genug f\u00fcr die Gaben sind. In S\u00fcddeutschland wird Knecht Ruprecht meist durch den teufels\u00e4hnlichen <em>Krampus<\/em> ersetzt. Dass die Vorstellung von Knecht Ruprecht heutzutage nicht mehr ganz so verbreitet ist, ist daher wohl nicht verwunderlich und zumindest aus p\u00e4dagogischer Sicht vermutlich durchaus sinnvoll.<\/p>\n<p style=\"font-weight: 400\">In vielen Familien ist es zudem \u00fcblich, zus\u00e4tzlich zu den Stiefeln auch Milch und ein paar Kekse f\u00fcr Sankt Nikolaus und Brot oder Hafer f\u00fcr seinen Esel zur St\u00e4rkung bereitzustellen.<\/p>\n<p style=\"font-weight: 400\">Aus dieser Nikolausfigur ging schlie\u00dflich auch der klassische Weihnachtsmann hervor, den wir heute als den Geschenkebringer an Heiligabend kennen. W\u00e4hrend in den westlich-s\u00fcdlicheren, katholisch gepr\u00e4gten Bundesl\u00e4ndern das Christkind die Geschenke bringt, \u00fcbernimmt hier in Bremen, wie auch in den restlichen evangelisch gepr\u00e4gten Bundesl\u00e4ndern, der Weihnachtsmann diese Aufgabe. Genau wie Sankt Nikolaus\u00a0mit niederl\u00e4ndischen Auswanderern als <em>Sinterklaas<\/em> nach Amerika gelangte und dort zu <em>Santa Claus<\/em> also dem amerikanischen Weihnachtsmann wurde, entwickelte sich auch in Deutschland eine sehr \u00e4hnliche Version des Weihnachtsmanns aus dem Nikolaus, die mit der Zeit durch Popkultur wie Kinofilme immer st\u00e4rker mit dem amerikanischen Weihnachtsmann verschwamm.<\/p>\n<p style=\"font-weight: 400\">Vor allem hierzulande vereinte der Weihnachtsmann durch das Tragen einer Rute sowohl den beschenkenden Sankt Nikolaus als auch Knecht Ruprecht, der unartige Kinder mit einer Rute bestraft, in einer Person. Die heutige, moderne Vorstellung vom immer freundlichen, am Nordpol wohnenden Weihnachtsmann, der an einem von Rentieren gezogenen Schlitten durch die Luft zu den H\u00e4usern fliegt, um den Kindern Geschenke zu bringen, hat demnach nur noch wenig mit der fr\u00fcheren Nikolausfigur gemein.<\/p>\n<p style=\"font-weight: 400\">Wie sch\u00f6n ist es also, dass wir in Bremen von beiden Figuren etwas haben \u2013 denn welches Kind freut sich nicht \u00fcber einen zus\u00e4tzlichen Feiertag mit S\u00fc\u00dfigkeiten und Geschenken?<\/p>\n<p style=\"font-weight: 400\">Feiert ihr Nikolaus? Und falls ja, wie habt ihr das Fest in eurer Kindheit erlebt? Habt ihr eigene Nikolaustraditionen? Wir freuen uns \u00fcber eure Kommentare und Nachrichten!<\/p>\n<p style=\"font-weight: 400\">\n","protected":false},"excerpt":{"rendered":"<p>Wenn es um Weihnachtsbr\u00e4uche geht, scheiden sich die Geister \u2013 vor allem geografisch bedingte Unterschiede sorgen oftmals f\u00fcr die ein oder andere Auseinandersetzung in Familien bei der Planung der Festivit\u00e4ten; w\u00e4hrend bei Mama immer das Christkind kam, ist Papa mit dem Weihnachtsmann aufgewachsen. Und wer von beiden soll nun an Weihnachten den gemeinsamen Kindern die [&hellip;]<\/p>\n","protected":false},"author":14611,"featured_media":18733,"comment_status":"open","ping_status":"open","sticky":false,"template":"","format":"standard","meta":{"_bbp_topic_count":0,"_bbp_reply_count":0,"_bbp_total_topic_count":0,"_bbp_total_reply_count":0,"_bbp_voice_count":0,"_bbp_anonymous_reply_count":0,"_bbp_topic_count_hidden":0,"_bbp_reply_count_hidden":0,"_bbp_forum_subforum_count":0,"footnotes":""},"categories":[10841],"tags":[13868,580302,15667,580323,1023170,1023171,21076,21107,26058],"class_list":["post-18732","post","type-post","status-publish","format-standard","has-post-thumbnail","hentry","category-campus-aktuell","tag-bremen","tag-campus-eule","tag-eule","tag-eule-blog","tag-feiertage","tag-tradition","tag-universitat-bremen","tag-weihnachten","tag-wintersemester"],"_links":{"self":[{"href":"https:\/\/blogs.uni-bremen.de\/eule\/wp-json\/wp\/v2\/posts\/18732","targetHints":{"allow":["GET"]}}],"collection":[{"href":"https:\/\/blogs.uni-bremen.de\/eule\/wp-json\/wp\/v2\/posts"}],"about":[{"href":"https:\/\/blogs.uni-bremen.de\/eule\/wp-json\/wp\/v2\/types\/post"}],"author":[{"embeddable":true,"href":"https:\/\/blogs.uni-bremen.de\/eule\/wp-json\/wp\/v2\/users\/14611"}],"replies":[{"embeddable":true,"href":"https:\/\/blogs.uni-bremen.de\/eule\/wp-json\/wp\/v2\/comments?post=18732"}],"version-history":[{"count":4,"href":"https:\/\/blogs.uni-bremen.de\/eule\/wp-json\/wp\/v2\/posts\/18732\/revisions"}],"predecessor-version":[{"id":18737,"href":"https:\/\/blogs.uni-bremen.de\/eule\/wp-json\/wp\/v2\/posts\/18732\/revisions\/18737"}],"wp:featuredmedia":[{"embeddable":true,"href":"https:\/\/blogs.uni-bremen.de\/eule\/wp-json\/wp\/v2\/media\/18733"}],"wp:attachment":[{"href":"https:\/\/blogs.uni-bremen.de\/eule\/wp-json\/wp\/v2\/media?parent=18732"}],"wp:term":[{"taxonomy":"category","embeddable":true,"href":"https:\/\/blogs.uni-bremen.de\/eule\/wp-json\/wp\/v2\/categories?post=18732"},{"taxonomy":"post_tag","embeddable":true,"href":"https:\/\/blogs.uni-bremen.de\/eule\/wp-json\/wp\/v2\/tags?post=18732"}],"curies":[{"name":"wp","href":"https:\/\/api.w.org\/{rel}","templated":true}]}}