{"id":18675,"date":"2023-10-27T13:50:20","date_gmt":"2023-10-27T11:50:20","guid":{"rendered":"https:\/\/blogs.uni-bremen.de\/eule\/?p=18675"},"modified":"2023-10-27T13:56:44","modified_gmt":"2023-10-27T11:56:44","slug":"ein-neues-gesetz-tritt-in-kraft-aktuelles-an-der-uni-bremen","status":"publish","type":"post","link":"https:\/\/blogs.uni-bremen.de\/eule\/2023\/10\/27\/ein-neues-gesetz-tritt-in-kraft-aktuelles-an-der-uni-bremen\/","title":{"rendered":"Ein neues Gesetz tritt in Kraft &#8211; Aktuelles an der Uni Bremen"},"content":{"rendered":"<p>Liebe Studis, ab dem 15.11.2023 wird die Erm\u00f6glichung der ,,\u00c4nderung des Vornamens und\/oder des Geschlechtseintrags f\u00fcr Trans*, Inter* und nicht-bin\u00e4re Studierende\u201c in Kraft treten. Da es sich um eine sehr wichtige \u00c4nderung handelt, m\u00f6chte ich euch heute etwas dar\u00fcber informieren.<\/p>\n<p>In einem Gespr\u00e4ch erkl\u00e4rt mir Nele Kuhn, Leitung Arbeitsstelle Diversit\u00e4t Uni Bremen, die Wichtigkeit und den Prozess der Durchsetzung der \u00c4nderung.<\/p>\n<p>Bislang war es nicht leicht f\u00fcr Trans*, Inter* und nicht-bin\u00e4re Studierende der Universit\u00e4t Bremen ihren Vornamen und\/oder Geschlechtseintrag<span class=\"Apple-converted-space\">\u00a0 <\/span>im Kontext der Universit\u00e4t zu \u00e4ndern, sofern noch keine amtliche \u00c4nderung vorliegt. Der amtliche Prozess aber ist bisher<span class=\"Apple-converted-space\">\u00a0 <\/span>langwierig und schwierig. Es ist nat\u00fcrlich sehr problematisch, wenn auf z.B. Stud.ip noch immer ein Vorname und\/oder Geschlechtereintrag steht, mit dem sich die Person nicht zugeh\u00f6rig f\u00fchlt. Hier liegt ein deutliches Diskriminierungspotential f\u00fcr Studierende, z.B. wenn der sog. dead name im System und somit in der Teilnehmer*innenliste des Seminars hinterlegt ist.<\/p>\n<p>Zusammen mit einer Arbeitsgruppe bestehend aus der Dezernentin f\u00fcr Studentische Angelegenheiten, dem Sekretariat f\u00fcr Studierende, der Rechtsstelle und<span class=\"Apple-converted-space\">\u00a0 <\/span>der ADE<span class=\"Apple-converted-space\">\u00a0 <\/span>(Arbeitsstelle gegen Diskriminierung und Gewalt &#8211; Expertise und Konfliktberatung wurde ein Plan herausgearbeitet, der dieses Problem beheben und den Diskriminierungsschutz st\u00e4rken soll.<span class=\"Apple-converted-space\">\u00a0<\/span><\/p>\n<p>Nun k\u00f6nnen Studierende \u00fcber das Moin-Portal einen Antrag auf \u00c4nderung des Vornamens und\/oder Geschlechtseintrags stellen, f\u00fcr den nichts weiter als eine Selbstauskunft n\u00f6tig ist. Konkret bedeutet dies, dass es weder ein Attest noch irgendeine Best\u00e4tigung o.\u00c4. braucht, ,,denn dies w\u00e4re ja auch nicht im Sinne der Selbstbestimmung\u2019\u2019, erz\u00e4hlt Nele Kuhn. Dieser Antrag gilt dann f\u00fcr alle Uni-Systeme, wie beispielsweise Pabo, Stud.ip, Semestertickt etc., bis hin zur Ausstellung des Abschlusszeugnisses.<\/p>\n<p>Auf der Website der Uni Bremen <a href=\"https:\/\/www.uni-bremen.de\/diversity-management\/studium-lehre\">https:\/\/www.uni-bremen.de\/diversity-management\/studium-lehre<\/a> k\u00f6nnt ihr Weiteres dazu nachlesen. Den Antrag findet ihr auf dem Moin-Portal unter ,,Antr\u00e4ge\u201c. Au\u00dferdem muss dazu noch eine Erkl\u00e4rung <a href=\"https:\/\/www.uni-bremen.de\/fileadmin\/user_upload\/sites\/diversity\/Aktuelles\/TIN_Erklaerung_UB.pdf\">https:\/\/www.uni-bremen.de\/fileadmin\/user_upload\/sites\/diversity\/Aktuelles\/TIN_Erklaerung_UB.pdf<\/a> ausgef\u00fcllt werden, die zus\u00e4tzlich nochmal \u00fcber den Antrag aufkl\u00e4rt.<\/p>\n<p>Ich hoffe, ich konnte euch diese wichtige \u00c4nderung ein bisschen n\u00e4her bringen. Es ist ein guter Schritt in Richtung einer diskriminierungs\u00e4rmeren Uni, f\u00fcr die wir alle verantwortlich sind.<\/p>\n","protected":false},"excerpt":{"rendered":"<p>Liebe Studis, ab dem 15.11.2023 wird die Erm\u00f6glichung der ,,\u00c4nderung des Vornamens und\/oder des Geschlechtseintrags f\u00fcr Trans*, Inter* und nicht-bin\u00e4re Studierende\u201c in Kraft treten. Da es sich um eine sehr wichtige \u00c4nderung handelt, m\u00f6chte ich euch heute etwas dar\u00fcber informieren. In einem Gespr\u00e4ch erkl\u00e4rt mir Nele Kuhn, Leitung Arbeitsstelle Diversit\u00e4t Uni Bremen, die Wichtigkeit und [&hellip;]<\/p>\n","protected":false},"author":13620,"featured_media":18679,"comment_status":"open","ping_status":"open","sticky":false,"template":"","format":"standard","meta":{"_bbp_topic_count":0,"_bbp_reply_count":0,"_bbp_total_topic_count":0,"_bbp_total_reply_count":0,"_bbp_voice_count":0,"_bbp_anonymous_reply_count":0,"_bbp_topic_count_hidden":0,"_bbp_reply_count_hidden":0,"_bbp_forum_subforum_count":0,"footnotes":""},"categories":[10841,820156,580333],"tags":[13868,26154,189,21521,169,18586,21076],"class_list":["post-18675","post","type-post","status-publish","format-standard","has-post-thumbnail","hentry","category-campus-aktuell","category-dossier-sr-wahlen","category-studileben","tag-bremen","tag-campusleben","tag-hochschulpolitik","tag-studentenleben","tag-studierende","tag-unileben","tag-universitat-bremen"],"_links":{"self":[{"href":"https:\/\/blogs.uni-bremen.de\/eule\/wp-json\/wp\/v2\/posts\/18675","targetHints":{"allow":["GET"]}}],"collection":[{"href":"https:\/\/blogs.uni-bremen.de\/eule\/wp-json\/wp\/v2\/posts"}],"about":[{"href":"https:\/\/blogs.uni-bremen.de\/eule\/wp-json\/wp\/v2\/types\/post"}],"author":[{"embeddable":true,"href":"https:\/\/blogs.uni-bremen.de\/eule\/wp-json\/wp\/v2\/users\/13620"}],"replies":[{"embeddable":true,"href":"https:\/\/blogs.uni-bremen.de\/eule\/wp-json\/wp\/v2\/comments?post=18675"}],"version-history":[{"count":3,"href":"https:\/\/blogs.uni-bremen.de\/eule\/wp-json\/wp\/v2\/posts\/18675\/revisions"}],"predecessor-version":[{"id":18681,"href":"https:\/\/blogs.uni-bremen.de\/eule\/wp-json\/wp\/v2\/posts\/18675\/revisions\/18681"}],"wp:featuredmedia":[{"embeddable":true,"href":"https:\/\/blogs.uni-bremen.de\/eule\/wp-json\/wp\/v2\/media\/18679"}],"wp:attachment":[{"href":"https:\/\/blogs.uni-bremen.de\/eule\/wp-json\/wp\/v2\/media?parent=18675"}],"wp:term":[{"taxonomy":"category","embeddable":true,"href":"https:\/\/blogs.uni-bremen.de\/eule\/wp-json\/wp\/v2\/categories?post=18675"},{"taxonomy":"post_tag","embeddable":true,"href":"https:\/\/blogs.uni-bremen.de\/eule\/wp-json\/wp\/v2\/tags?post=18675"}],"curies":[{"name":"wp","href":"https:\/\/api.w.org\/{rel}","templated":true}]}}