{"id":18593,"date":"2023-09-16T00:25:18","date_gmt":"2023-09-15T22:25:18","guid":{"rendered":"https:\/\/blogs.uni-bremen.de\/eule\/?p=18593"},"modified":"2023-09-16T00:26:50","modified_gmt":"2023-09-15T22:26:50","slug":"organisiert-ins-neue-semester-starten","status":"publish","type":"post","link":"https:\/\/blogs.uni-bremen.de\/eule\/2023\/09\/16\/organisiert-ins-neue-semester-starten\/","title":{"rendered":"Organisiert ins neue Semester starten"},"content":{"rendered":"<p style=\"font-weight: 400\">Mal ehrlich: Wer erwischt sich auch vor jedem neuen Semester aufs Neue bei Gedanken wie \u201eDieses Semester werde ich jede Veranstaltung direkt im Anschluss nachbereiten!\u201c oder \u201eAb jetzt werde ich immer den \u00dcberblick \u00fcber das behalten, was zu tun ist.\u201c Letztlich halten diese Vorhaben \u00e4hnlich gut wie Neujahrsvors\u00e4tze \u00e0 la \u201eDieses Jahr werde ich mich richtig gesund ern\u00e4hren\u201c und werden nach sp\u00e4tstens zwei Wochen voller Seminare und Informations\u00fcberflutung \u00fcber Bord geworfen. Gl\u00fccklicherweise kann das verhindert werden, wenn man bei der Planung vor Semesterbeginn einiges beachtet.<\/p>\n<p style=\"font-weight: 400\"><strong>\u00a0<\/strong><\/p>\n<ol>\n<li><strong>Dem Chaos vorbeugen: <\/strong>Einer der Hauptgr\u00fcnde, weshalb viele Pl\u00e4ne in der Theorie perfekt wirken und in der Praxis schnell wieder verworfen werden, liegt darin, dass sie meist schlicht viel zu aufwendig sind. Egal, ob ihr ganz klassisch ein analoges Notizbuch oder einen digitalen Planer nutzt \u2013 ihr m\u00fcsst ohne langes Suchen, gestalten und \u00fcberlegen schnell und einfach Eintragungen vornehmen k\u00f6nnen. Bullet Journals, deren Seiten erst zeitfressend und sorgf\u00e4ltig gestaltet werden m\u00fcssen, sind zwar toll f\u00fcr die Freizeit, eignen sich somit aber in den meisten F\u00e4llen weniger f\u00fcr effektive Studienplanung.\u00a0Achtet zudem unbedingt darauf, neu abgespeicherte Dokumente direkt pr\u00e4zise und verst\u00e4ndlich zu benennen und in die entsprechenden Ordner zu sortieren.<\/li>\n<\/ol>\n<ol start=\"2\">\n<li><strong>Das Chaos vermeiden: <\/strong>Die meisten Studis werden sich vemutlich f\u00fcr eine digitale M\u00f6glichkeit der Organisation entscheiden, da diese den Vorteil hat, dass nicht nur alle Dokumente und Notizen auf einem Ger\u00e4t gesammelt gespeichert sind, sondern auch w\u00e4hrend der Veranstaltungen einen schnellen Zugriff m\u00f6glich ist und Dateien schnell und einfach geteilt oder kopiert werden k\u00f6nnen.\u00a0Doch auch auf dem Laptop oder Tablet kann der \u00dcberblick \u00fcber s\u00e4mtliche Dateien schnell verloren gehen, wenn sie ungeordnet an unterschiedlichen Orten gespeichert werden. Gl\u00fccklicherweise existiert eine ganze Reihe von Apps, die hier extrem helfen.<\/li>\n<\/ol>\n<p style=\"font-weight: 400\"><strong>Google Kalender <\/strong>\u2013 Eine App, auf die ich pers\u00f6nlich nicht mehr verzichten m\u00f6chte und die mir sehr viel besser gef\u00e4llt als die vorinstallierte Kalenderapp von Apple. Sie ist \u00fcbersichtlich und ansprechend gestaltet und eignet sich hervorragend um den eigenen Stundenplan ebenso wie s\u00e4mtliche andere Termine zu koordinieren.<\/p>\n<p style=\"font-weight: 400\"><strong>Goodnotes <\/strong>\u2013 Ein Klassiker, an dem f\u00fcr iPad-Nutzer kaum ein Weg dran vorbei f\u00fchrt. Hier k\u00f6nnen auf unkomplizierte Weise mithilfe unterschiedlicher Vorlagen Notizb\u00fccher f\u00fcr Mitschriften und Lernzettel ebenso erstellt werden wie Kurznotizen und Ordner zum Sortieren. Durch praktische Funktionen wie der Handschrifterkennung kann zudem innerhalb der Notizb\u00fccher direkt nach Stichw\u00f6rtern gesucht werden.<\/p>\n<p style=\"font-weight: 400\"><strong>Tasks <\/strong>\u2013 To do-Apps gibt es wie Sand am Meer \u2013 eine zu finden, die auch in der kostenlosen Version tats\u00e4chlich praktisch ist, ist dagegen gar nicht so leicht. Ich konnte mich gut mit Tasks von Google gut anfreunden. Sie hat ein schlichtes, sch\u00f6nes Design und bietet die M\u00f6glichkeit, Aufgaben ist Listen zu sortieren sowie mit Priorit\u00e4tsmarker zu versehen. Ein weiterer Pluspunkt: die Aufgaben synchronisieren sich mit den anderen Google Apps und werden daher auch im Google Kalender angezeigt.<\/p>\n<p style=\"font-weight: 400\"><strong>Notion <\/strong>\u2013 Wer am liebsten alles an einem Platz hat, ist mit Notion gut beraten. Die App bietet eine schier unendliche Zahl an M\u00f6glichkeiten, Pl\u00e4ne jeglicher Art sowohl\u00a0nach Vorlage als auch von Grund auf selbst zu erstellen. Einziger Nachteil: F\u00fcr\u00a0Einsteiger kann die App recht kompliziert wirken und man braucht etwas \u00dcbung, um sich darin zurecht zu finden.<\/p>\n<ol start=\"3\">\n<li><strong>Das Chaos bezwingen: <\/strong>Unordnung ist gewisserma\u00dfen ansteckend; hat sie ersteinmal Einzug gehalten, verbreitet sie sich wie ein Lauffeuer. Aus diesem Grund muss ihr unbedingt fr\u00fchzeitig Einhalt geboten werden. Ratsam ist also ein regelm\u00e4\u00dfiger \u201eAufr\u00e4umtag\u201c, an dem die Tablet oder Laptop von \u00fcberfl\u00fcssigen Dokumenten befreit und die restlichen, m\u00f6glicherweise unsortierten Dateien an einen passenden Platz geschoben werden. Auch unwichtige Mails k\u00f6nnen gel\u00f6scht werden. So wird das Chaos bereits im Keim erstickt und ihr behaltet immer den \u00dcberblick. Kleiner, aber wichtiger Nebeneffekt: eure Speicherkapazit\u00e4t wird es euch danken.<\/li>\n<\/ol>\n<p style=\"font-weight: 400\">Habt ihr noch mehr Organisationstipps, die euch beim Studium helfen? Lasst es uns gerne wissen, indem ihr uns einen Kommentar hinterlasst oder auf Instagram eine Nachricht an @campus.eule schreibt!<\/p>\n","protected":false},"excerpt":{"rendered":"<p>Mal ehrlich: Wer erwischt sich auch vor jedem neuen Semester aufs Neue bei Gedanken wie \u201eDieses Semester werde ich jede Veranstaltung direkt im Anschluss nachbereiten!\u201c oder \u201eAb jetzt werde ich immer den \u00dcberblick \u00fcber das behalten, was zu tun ist.\u201c Letztlich halten diese Vorhaben \u00e4hnlich gut wie Neujahrsvors\u00e4tze \u00e0 la \u201eDieses Jahr werde ich mich [&hellip;]<\/p>\n","protected":false},"author":14611,"featured_media":18594,"comment_status":"open","ping_status":"open","sticky":false,"template":"","format":"standard","meta":{"_bbp_topic_count":0,"_bbp_reply_count":0,"_bbp_total_topic_count":0,"_bbp_total_reply_count":0,"_bbp_voice_count":0,"_bbp_anonymous_reply_count":0,"_bbp_topic_count_hidden":0,"_bbp_reply_count_hidden":0,"_bbp_forum_subforum_count":0,"footnotes":""},"categories":[10841,580333,1023066],"tags":[13868,580302,18631,21045,15667,1023065,197053,21521,509,26058],"class_list":["post-18593","post","type-post","status-publish","format-standard","has-post-thumbnail","hentry","category-campus-aktuell","category-studileben","category-uni-life","tag-bremen","tag-campus-eule","tag-erstis","tag-erstsemester","tag-eule","tag-organisation","tag-semesterstart","tag-studentenleben","tag-tipps","tag-wintersemester"],"_links":{"self":[{"href":"https:\/\/blogs.uni-bremen.de\/eule\/wp-json\/wp\/v2\/posts\/18593","targetHints":{"allow":["GET"]}}],"collection":[{"href":"https:\/\/blogs.uni-bremen.de\/eule\/wp-json\/wp\/v2\/posts"}],"about":[{"href":"https:\/\/blogs.uni-bremen.de\/eule\/wp-json\/wp\/v2\/types\/post"}],"author":[{"embeddable":true,"href":"https:\/\/blogs.uni-bremen.de\/eule\/wp-json\/wp\/v2\/users\/14611"}],"replies":[{"embeddable":true,"href":"https:\/\/blogs.uni-bremen.de\/eule\/wp-json\/wp\/v2\/comments?post=18593"}],"version-history":[{"count":3,"href":"https:\/\/blogs.uni-bremen.de\/eule\/wp-json\/wp\/v2\/posts\/18593\/revisions"}],"predecessor-version":[{"id":18597,"href":"https:\/\/blogs.uni-bremen.de\/eule\/wp-json\/wp\/v2\/posts\/18593\/revisions\/18597"}],"wp:featuredmedia":[{"embeddable":true,"href":"https:\/\/blogs.uni-bremen.de\/eule\/wp-json\/wp\/v2\/media\/18594"}],"wp:attachment":[{"href":"https:\/\/blogs.uni-bremen.de\/eule\/wp-json\/wp\/v2\/media?parent=18593"}],"wp:term":[{"taxonomy":"category","embeddable":true,"href":"https:\/\/blogs.uni-bremen.de\/eule\/wp-json\/wp\/v2\/categories?post=18593"},{"taxonomy":"post_tag","embeddable":true,"href":"https:\/\/blogs.uni-bremen.de\/eule\/wp-json\/wp\/v2\/tags?post=18593"}],"curies":[{"name":"wp","href":"https:\/\/api.w.org\/{rel}","templated":true}]}}