{"id":18433,"date":"2023-07-04T13:00:23","date_gmt":"2023-07-04T11:00:23","guid":{"rendered":"https:\/\/blogs.uni-bremen.de\/eule\/?p=18433"},"modified":"2023-07-04T13:00:23","modified_gmt":"2023-07-04T11:00:23","slug":"journalismus-als-beruf-spannende-einblicke","status":"publish","type":"post","link":"https:\/\/blogs.uni-bremen.de\/eule\/2023\/07\/04\/journalismus-als-beruf-spannende-einblicke\/","title":{"rendered":"Journalismus als Beruf &#8211; spannende Einblicke"},"content":{"rendered":"<p>Am Mittwoch, den 28.6 hatte die Uni einen Gast (digital) zu Besuch. Im Rahmen der Medienpraxis KMW wurde Hinnerk Baumgarten, Moderator beim NDR, zur Veranstaltung ,,Journalismus als Beruf\u201c, eingeladen. Seit einigen Wochen l\u00e4uft bereits die Talkreihe mit verschiedenen Expert:innen aus der medialen und journalistischen Praxis. In dieser Woche ging es um Hinnerk Baumgarten und seinen Werdegang\/seinen Job beim NDR. Interviewt wurde er von zwei Mitgliedern der Mediapractice.<\/p>\n<p>Hinnerk Baumgarten moderiert das rote Sofa beim NDR und begr\u00fc\u00dft dort t\u00e4glich verschiedene spannende und ber\u00fchmte Menschen. Der in Hannover geborene Fernseh- und Radiomoderator hatte unter anderem bereits schon Natascha Kampuschka oder Helge Schneider zu Besuch. ,,Ich h\u00f6re viele interessante aber auch pers\u00f6nliche Geschichten, von Menschen die nicht unterschiedlicher sein k\u00f6nnten\u201c, sagt Baumgarten. 45 Minuten lang geht die Talkshow, die auch von Filmbeitr\u00e4gen zu den jeweiligen Personen unterst\u00fctzt wird. Der vom Radio kommende Moderator empfindet seine Arbeit als etwas sch\u00f6nes. Es hast ihm schon immer gefallen Menschen zu unterhalten und hatte damit nie Probleme, erz\u00e4hlt er im Zoom-Meeting der Veranstaltung.<\/p>\n<p>Sein Werdegang ist aber keinesfalls rein linear oder wie aus dem Bilderbuch. Hinnerk Baumgarten erz\u00e4hlt uns, dass er z.B nach dem Abi erstmal ,,gelebt\u201c hat, wie er es nennt. Nachdem er dann kurze Zeit bei der Bundeswehr war, zog es ihn dann doch an die Uni. Dort studierte er Jura, brach dies aber irgendwann ab. Sein Interesse f\u00fcr den Journalismus konnte er w\u00e4hrend der Studienzeit aber schon merken, so sagt er. Durch ein Praktikum bei HitRadio Antenne nahm seine Moderator-Laufbahn einen Anfang, bis er schlie\u00dflich durch viel Zufall beim NDR landete, wo er bis heute arbeitet bzw. moderiert.<\/p>\n<p>,,Fehler sind gut und wichtig\u201c, gibt Baumgarten uns mit auf den Weg. Sie geh\u00f6ren dazu und an ihnen kann und muss man wachsen, das sei besonders wichtig bei seinem Job. Nat\u00fcrlich passieren auch ihm (immer noch) Fehler, so der Moderator, aber dann mit ihnen umzugehen macht einen erst so richtig authentisch. Au\u00dferdem ist es v\u00f6llig nat\u00fcrlich, dass Hoffnungen und Erwartungen besonders in dieser Branche h\u00e4ufig zerschlagen werden. Auch Konkurrenz ist ein gro\u00dfes Thema. ,,Der Wille muss da sein, genauso wie die Lust am Beruf, dann bringt man automatisch auch eine gro\u00dfe Bereitschaft f\u00fcr seinen Job mit\u201c, erkl\u00e4rt er. ,,Und wenn man das hat, dann kann man alles lernen\u201c. So beantwortet Hinnerk Baumgarten die Frage, ob man zwangsl\u00e4ufig Talent f\u00fcr seinen Job br\u00e4uchte.<\/p>\n<p>F\u00fcr unseren Berufsweg in der Medienbranche gibt er uns noch einige Tipps und Empfehlungen mit auf dem Weg.<\/p>\n<p>Das Volontariat oder eine Journalistenschule zu besuchen ist in jedem Fall eine gute Idee, sagt er. Dort lernt man viel Praktisches, sich durchzuk\u00e4mpfen und vor allem hat man die Chance wertvolle Kontakte zu kn\u00fcpfen.<\/p>\n<p>Es geh\u00f6rt viel Ausdauer und Kraft dazu, Hartn\u00e4ckigkeit ist notwendig und Umwege kann man nie ausschlie\u00dfen. Der Journalist von morgen muss alles k\u00f6nnen, sprich filmen, schreiben, schneiden und sich mit Social media auskennen. Vielf\u00e4ltigkeit ist also sehr wichtig, denn ,,nichts ist mehr solo\u201c, sagt Baumgarten.<\/p>\n<p>Dadurch ist aber auch die Chance gegeben, dass sich jeder selbst was aufbauen kann, z.B. durch Social Media.<\/p>\n<p>Mit Anfang 20 wei\u00df man es aber halt auch einfach noch nicht richtig und das ist normal, erkl\u00e4rt er.<\/p>\n<p>Es ist gut immer freundlich und offen zu sein, Bereitschaft zu zeigen und auf die Menschen zuzugehen. Auch Praktika empfiehlt Baumgarten, denn dort bekommt man die Chance Kontakte zu kn\u00fcpfen.<\/p>\n","protected":false},"excerpt":{"rendered":"<p>Am Mittwoch, den 28.6 hatte die Uni einen Gast (digital) zu Besuch. Im Rahmen der Medienpraxis KMW wurde Hinnerk Baumgarten, Moderator beim NDR, zur Veranstaltung ,,Journalismus als Beruf\u201c, eingeladen. Seit einigen Wochen l\u00e4uft bereits die Talkreihe mit verschiedenen Expert:innen aus der medialen und journalistischen Praxis. In dieser Woche ging es um Hinnerk Baumgarten und seinen [&hellip;]<\/p>\n","protected":false},"author":13620,"featured_media":18434,"comment_status":"open","ping_status":"open","sticky":false,"template":"","format":"standard","meta":{"_bbp_topic_count":0,"_bbp_reply_count":0,"_bbp_total_topic_count":0,"_bbp_total_reply_count":0,"_bbp_voice_count":0,"_bbp_anonymous_reply_count":0,"_bbp_topic_count_hidden":0,"_bbp_reply_count_hidden":0,"_bbp_forum_subforum_count":0,"footnotes":""},"categories":[10841,580333,1023066],"tags":[25900,1023124,1023123,8939,1023121,1023122,512675,54935],"class_list":["post-18433","post","type-post","status-publish","format-standard","has-post-thumbnail","hentry","category-campus-aktuell","category-studileben","category-uni-life","tag-beruf","tag-berufsweg","tag-hinnerk-baumgarten","tag-journalismus","tag-moderator","tag-ndr","tag-studenten","tag-zukunft"],"_links":{"self":[{"href":"https:\/\/blogs.uni-bremen.de\/eule\/wp-json\/wp\/v2\/posts\/18433","targetHints":{"allow":["GET"]}}],"collection":[{"href":"https:\/\/blogs.uni-bremen.de\/eule\/wp-json\/wp\/v2\/posts"}],"about":[{"href":"https:\/\/blogs.uni-bremen.de\/eule\/wp-json\/wp\/v2\/types\/post"}],"author":[{"embeddable":true,"href":"https:\/\/blogs.uni-bremen.de\/eule\/wp-json\/wp\/v2\/users\/13620"}],"replies":[{"embeddable":true,"href":"https:\/\/blogs.uni-bremen.de\/eule\/wp-json\/wp\/v2\/comments?post=18433"}],"version-history":[{"count":2,"href":"https:\/\/blogs.uni-bremen.de\/eule\/wp-json\/wp\/v2\/posts\/18433\/revisions"}],"predecessor-version":[{"id":18437,"href":"https:\/\/blogs.uni-bremen.de\/eule\/wp-json\/wp\/v2\/posts\/18433\/revisions\/18437"}],"wp:featuredmedia":[{"embeddable":true,"href":"https:\/\/blogs.uni-bremen.de\/eule\/wp-json\/wp\/v2\/media\/18434"}],"wp:attachment":[{"href":"https:\/\/blogs.uni-bremen.de\/eule\/wp-json\/wp\/v2\/media?parent=18433"}],"wp:term":[{"taxonomy":"category","embeddable":true,"href":"https:\/\/blogs.uni-bremen.de\/eule\/wp-json\/wp\/v2\/categories?post=18433"},{"taxonomy":"post_tag","embeddable":true,"href":"https:\/\/blogs.uni-bremen.de\/eule\/wp-json\/wp\/v2\/tags?post=18433"}],"curies":[{"name":"wp","href":"https:\/\/api.w.org\/{rel}","templated":true}]}}