{"id":18057,"date":"2023-04-13T20:51:11","date_gmt":"2023-04-13T18:51:11","guid":{"rendered":"https:\/\/blogs.uni-bremen.de\/eule\/?p=18057"},"modified":"2023-04-13T20:51:11","modified_gmt":"2023-04-13T18:51:11","slug":"neuzuwachs-bei-den-eulen-5","status":"publish","type":"post","link":"https:\/\/blogs.uni-bremen.de\/eule\/2023\/04\/13\/neuzuwachs-bei-den-eulen-5\/","title":{"rendered":"Neuzuwachs bei den Eulen"},"content":{"rendered":"<p style=\"font-weight: 400;text-align: justify\">Moin an alle Leser*innen der Campus EULe!<\/p>\n<p style=\"font-weight: 400;text-align: justify\">Wie Britt euch vor ein paar Tagen schon angek\u00fcndigt hat, bin ich die zweite Erg\u00e4nzung zur EULen-Familie. Damit ihr in Zukunft auch wisst, wer genau hinter meinen Artikeln steht, werde auch ich mich euch traditionsgem\u00e4\u00df kurz vorstellen.<\/p>\n<p style=\"font-weight: 400;text-align: justify\">Ich bin Paulina, 21 Jahre alt und geb\u00fcrtige Bremerin. Aktuell studiere ich im vierten Semester Germanistik und Kommunikations- und Medienwissenschaften \u2014 zwei Studieng\u00e4nge, die sehr gut widerspiegeln, was mich auch in meiner Freizeit besch\u00e4ftigt. Meine Liebe zu B\u00fcchern, Filmen und Serien war schon immer gro\u00df, egal ob lesen, selber schreiben oder bei meinen Lieblingsfilmen mitfiebern; es gibt f\u00fcr mich kaum etwas Gem\u00fctlicheres, als mit einem guten Buch in der Hand oder zum 100. Mal meinen Lieblingsfilm schauend und in Decken gewickelt in einer anderen Welt zu versinken. Meistens habe ich dabei auch meine liebste Kuschelpartnerin an meiner Seite, meine innig geliebte H\u00fcndin, die mit mir seit etwa zwei Jahren durch Dick und D\u00fcnn geht; ein lebenslanger Wunsch, den ich mir nach meinem Abitur endlich erf\u00fcllen konnte.<\/p>\n<div id=\"attachment_18058\" style=\"width: 281px\" class=\"wp-caption alignleft\"><img loading=\"lazy\" decoding=\"async\" aria-describedby=\"caption-attachment-18058\" class=\"wp-image-18058 size-medium\" src=\"https:\/\/blogs.uni-bremen.de\/eule\/files\/C9D9E5DA-1411-409F-8C08-2AB8F92D21E8-271x300.jpeg\" alt=\"\" width=\"271\" height=\"300\" srcset=\"https:\/\/blogs.uni-bremen.de\/eule\/files\/C9D9E5DA-1411-409F-8C08-2AB8F92D21E8-271x300.jpeg 271w, https:\/\/blogs.uni-bremen.de\/eule\/files\/C9D9E5DA-1411-409F-8C08-2AB8F92D21E8-930x1030.jpeg 930w, https:\/\/blogs.uni-bremen.de\/eule\/files\/C9D9E5DA-1411-409F-8C08-2AB8F92D21E8-768x851.jpeg 768w, https:\/\/blogs.uni-bremen.de\/eule\/files\/C9D9E5DA-1411-409F-8C08-2AB8F92D21E8-1386x1536.jpeg 1386w, https:\/\/blogs.uni-bremen.de\/eule\/files\/C9D9E5DA-1411-409F-8C08-2AB8F92D21E8-1848x2048.jpeg 1848w, https:\/\/blogs.uni-bremen.de\/eule\/files\/C9D9E5DA-1411-409F-8C08-2AB8F92D21E8-1354x1500.jpeg 1354w, https:\/\/blogs.uni-bremen.de\/eule\/files\/C9D9E5DA-1411-409F-8C08-2AB8F92D21E8-636x705.jpeg 636w\" sizes=\"auto, (max-width: 271px) 100vw, 271px\" \/><p id=\"caption-attachment-18058\" class=\"wp-caption-text\">Meine H\u00fcndin \u201eHummel\u201c<\/p><\/div>\n<p style=\"font-weight: 400;text-align: justify\">Mit ihr lebe ich im gr\u00fcnen Herzen der Stadt und genie\u00dfe es, gemeinsam Zeit in der Natur zu verbringen und auch nach 21 Jahren immer noch Neues in Bremen und Umgebung zu entdecken \u2014 wenn mir dabei nur nicht allzu oft mein bemitleidenswerter Orientierungssinn in die Quere k\u00e4me! Der h\u00e4lt mich jedoch nicht davon ab, mit Freundinnen oder meiner Familie regelm\u00e4\u00dfig in Bremen auf Entdeckungstour zu gehen, auf der Suche nach den sch\u00f6nsten Picknickpl\u00e4tzen, s\u00fc\u00dfen Caf\u00e9s oder einer interessanten Museumsausstellung.<\/p>\n<p style=\"font-weight: 400;text-align: justify\">Wenn ich mich nicht gerade irgendwo in meiner Heimatstadt verlaufe, verbringe ich meine Zeit oft damit, mich kreativ auszutoben; neben dem Schreiben versuche ich mich immer wieder in neuen k\u00fcnstlerischen Hobbys,<\/p>\n<div id=\"attachment_18061\" style=\"width: 210px\" class=\"wp-caption alignright\"><img loading=\"lazy\" decoding=\"async\" aria-describedby=\"caption-attachment-18061\" class=\"size-medium wp-image-18061\" src=\"https:\/\/blogs.uni-bremen.de\/eule\/files\/DF11F4CF-50E8-43BA-8DF7-337C6440CF99-200x300.png\" alt=\"\" width=\"200\" height=\"300\" srcset=\"https:\/\/blogs.uni-bremen.de\/eule\/files\/DF11F4CF-50E8-43BA-8DF7-337C6440CF99-200x300.png 200w, https:\/\/blogs.uni-bremen.de\/eule\/files\/DF11F4CF-50E8-43BA-8DF7-337C6440CF99-687x1030.png 687w, https:\/\/blogs.uni-bremen.de\/eule\/files\/DF11F4CF-50E8-43BA-8DF7-337C6440CF99-768x1152.png 768w, https:\/\/blogs.uni-bremen.de\/eule\/files\/DF11F4CF-50E8-43BA-8DF7-337C6440CF99-470x705.png 470w, https:\/\/blogs.uni-bremen.de\/eule\/files\/DF11F4CF-50E8-43BA-8DF7-337C6440CF99.png 800w\" sizes=\"auto, (max-width: 200px) 100vw, 200px\" \/><p id=\"caption-attachment-18061\" class=\"wp-caption-text\">Meine Hobbys sind vor allem kreativer Natur<\/p><\/div>\n<p style=\"font-weight: 400;text-align: justify\">vom Zeichnen (sowohl digital als auch auf Papier), \u00fcbers N\u00e4hen bis hin zum Sticken oder Handlettering \u2014 ich genie\u00dfe es, bei konzentrierter Detailarbeit einfach mal abzuschalten und am Ende stolz auf das Ergebnis zu sein.<\/p>\n<p style=\"font-weight: 400;text-align: justify\">Da passt es perfekt, dass ich diese Kreativit\u00e4t von nun an auch hier bei der Campus EULe ausleben darf! Ich freue mich auf viele Artikel zu allem, was uns als Studis bewegt, interessiert oder ausmacht \u2014 egal, ob politisches Engagement, das Leben in Bremen, Freizeitbesch\u00e4ftigungen oder das Treiben auf dem Campus.<\/p>\n<p style=\"font-weight: 400;text-align: justify\">Eure Paulina<\/p>\n<p style=\"font-weight: 400;text-align: justify\">\n","protected":false},"excerpt":{"rendered":"<p>Moin an alle Leser*innen der Campus EULe! Wie Britt euch vor ein paar Tagen schon angek\u00fcndigt hat, bin ich die zweite Erg\u00e4nzung zur EULen-Familie. Damit ihr in Zukunft auch wisst, wer genau hinter meinen Artikeln steht, werde auch ich mich euch traditionsgem\u00e4\u00df kurz vorstellen. Ich bin Paulina, 21 Jahre alt und geb\u00fcrtige Bremerin. Aktuell studiere [&hellip;]<\/p>\n","protected":false},"author":14611,"featured_media":18062,"comment_status":"open","ping_status":"open","sticky":false,"template":"","format":"standard","meta":{"_bbp_topic_count":0,"_bbp_reply_count":0,"_bbp_total_topic_count":0,"_bbp_total_reply_count":0,"_bbp_voice_count":0,"_bbp_anonymous_reply_count":0,"_bbp_topic_count_hidden":0,"_bbp_reply_count_hidden":0,"_bbp_forum_subforum_count":0,"footnotes":""},"categories":[10841],"tags":[13868,580302,15667,580323,580353,580355,1023076,820158],"class_list":["post-18057","post","type-post","status-publish","format-standard","has-post-thumbnail","hentry","category-campus-aktuell","tag-bremen","tag-campus-eule","tag-eule","tag-eule-blog","tag-eule-redaktionsteam","tag-neue-eule","tag-neues-mitglied","tag-neues-team"],"_links":{"self":[{"href":"https:\/\/blogs.uni-bremen.de\/eule\/wp-json\/wp\/v2\/posts\/18057","targetHints":{"allow":["GET"]}}],"collection":[{"href":"https:\/\/blogs.uni-bremen.de\/eule\/wp-json\/wp\/v2\/posts"}],"about":[{"href":"https:\/\/blogs.uni-bremen.de\/eule\/wp-json\/wp\/v2\/types\/post"}],"author":[{"embeddable":true,"href":"https:\/\/blogs.uni-bremen.de\/eule\/wp-json\/wp\/v2\/users\/14611"}],"replies":[{"embeddable":true,"href":"https:\/\/blogs.uni-bremen.de\/eule\/wp-json\/wp\/v2\/comments?post=18057"}],"version-history":[{"count":5,"href":"https:\/\/blogs.uni-bremen.de\/eule\/wp-json\/wp\/v2\/posts\/18057\/revisions"}],"predecessor-version":[{"id":18134,"href":"https:\/\/blogs.uni-bremen.de\/eule\/wp-json\/wp\/v2\/posts\/18057\/revisions\/18134"}],"wp:featuredmedia":[{"embeddable":true,"href":"https:\/\/blogs.uni-bremen.de\/eule\/wp-json\/wp\/v2\/media\/18062"}],"wp:attachment":[{"href":"https:\/\/blogs.uni-bremen.de\/eule\/wp-json\/wp\/v2\/media?parent=18057"}],"wp:term":[{"taxonomy":"category","embeddable":true,"href":"https:\/\/blogs.uni-bremen.de\/eule\/wp-json\/wp\/v2\/categories?post=18057"},{"taxonomy":"post_tag","embeddable":true,"href":"https:\/\/blogs.uni-bremen.de\/eule\/wp-json\/wp\/v2\/tags?post=18057"}],"curies":[{"name":"wp","href":"https:\/\/api.w.org\/{rel}","templated":true}]}}