{"id":17781,"date":"2022-10-31T17:13:39","date_gmt":"2022-10-31T16:13:39","guid":{"rendered":"https:\/\/blogs.uni-bremen.de\/eule\/?p=17781"},"modified":"2022-10-31T17:13:39","modified_gmt":"2022-10-31T16:13:39","slug":"wie-nachhaltig-ist-die-uni-bremen","status":"publish","type":"post","link":"https:\/\/blogs.uni-bremen.de\/eule\/2022\/10\/31\/wie-nachhaltig-ist-die-uni-bremen\/","title":{"rendered":"Wie nachhaltig ist die Uni Bremen?"},"content":{"rendered":"<p><em>Das Thema Nachhaltigkeit ist seit Jahren in aller Munde &#8211; die M\u00f6glichkeit zu existieren und sich weiterzuentwickeln, ohne dabei nat\u00fcrliche Ressourcen komplett auszusch\u00f6pfen. Wir haben uns in der Recherche zu diesem Thema gefragt, wie nachhaltig die Universit\u00e4t Bremen ist, an der wir alle studieren. Was f\u00fcr Nachhaltigkeitskonzepte gibt es, werden bereits Ma\u00dfnahmen im Sinne der Nachhaltigkeit ergriffen und wie sehen die Zukunftspl\u00e4ne aus?<\/em><\/p>\n<p>Die Universit\u00e4t Bremen setzt sich seit Jahren f\u00fcr eine nachhaltige Entwicklung der Welt ein und setzt diese Pr\u00e4misse bereits in einigen Projekten um. Grundlage dieses Handelns setzen die 2010 verabschiedeten Umwelt- und Nachhaltigkeitslinien an, die vom Akademischen Senat der Universit\u00e4t Bremen festgelegt wurden.<\/p>\n<p><strong>In genau welchen Bereichen m\u00f6chte die Uni Bremen Nachhaltigkeit etablieren?<\/strong><\/p>\n<p>Die vordergr\u00fcndigen Punkte des Umweltmanagement sind die Themen:<\/p>\n<ul>\n<li>Klimaschutz<\/li>\n<li>Energieeffizient<\/li>\n<li>und Mobilit\u00e4t.<\/li>\n<\/ul>\n<p>Minderung der CO2-Emissionen des Universit\u00e4tsbetriebs<\/p>\n<p><img loading=\"lazy\" decoding=\"async\" class=\" wp-image-17782 alignright\" src=\"https:\/\/blogs.uni-bremen.de\/eule\/files\/IMG_4162-vorb-300x169.jpg\" alt=\"\" width=\"391\" height=\"220\" srcset=\"https:\/\/blogs.uni-bremen.de\/eule\/files\/IMG_4162-vorb-300x169.jpg 300w, https:\/\/blogs.uni-bremen.de\/eule\/files\/IMG_4162-vorb-1030x579.jpg 1030w, https:\/\/blogs.uni-bremen.de\/eule\/files\/IMG_4162-vorb-768x432.jpg 768w, https:\/\/blogs.uni-bremen.de\/eule\/files\/IMG_4162-vorb-1536x864.jpg 1536w, https:\/\/blogs.uni-bremen.de\/eule\/files\/IMG_4162-vorb-1500x844.jpg 1500w, https:\/\/blogs.uni-bremen.de\/eule\/files\/IMG_4162-vorb-705x397.jpg 705w, https:\/\/blogs.uni-bremen.de\/eule\/files\/IMG_4162-vorb.jpg 1600w\" sizes=\"auto, (max-width: 391px) 100vw, 391px\" \/>In Zusammenarbeit mit dem Green House Center versucht die Uni Bremen j\u00e4hrlich bis zu 2,8 Millionen kWh an Energie und bis zu 3,2 Millionen kWh an K\u00e4ltebedarf einzusparen. Das <strong>Green House Center<\/strong> ist \u00fcbrigens das Rechenzentrum an der Uni Bremen, wo jedes Vorlesungsvideo, gespeicherte Dateien und Daten wiederzufinden sind.<\/p>\n<p>&nbsp;<\/p>\n<p><strong>Nachhaltige Lehre an der Uni Bremen<\/strong><\/p>\n<p>Ebenfalls im Bereich der Lehre weist die Uni Bremen bereits eine Nachhaltigkeitsaspekte auf. Aktuell gibt es ein umfangreiches Angebot zum Thema nachhaltigorientierte Bildungsveranstaltungen. Als Beispiel dient die Virtuelle Akademie Nachhaltigkeit, die Angebote und Veranstaltungen anbietet, um die Grundlagen \u00fcber Nachhaltigkeit zu vermitteln. Das Angebot soll in Zukunft noch weiter ausgebaut werden. Viele Veranstaltungen sollen videobasiert funktionieren und dementsprechend produziert werden.<\/p>\n","protected":false},"excerpt":{"rendered":"<p>Das Thema Nachhaltigkeit ist seit Jahren in aller Munde &#8211; die M\u00f6glichkeit zu existieren und sich weiterzuentwickeln, ohne dabei nat\u00fcrliche Ressourcen komplett auszusch\u00f6pfen. Wir haben uns in der Recherche zu diesem Thema gefragt, wie nachhaltig die Universit\u00e4t Bremen ist, an der wir alle studieren. Was f\u00fcr Nachhaltigkeitskonzepte gibt es, werden bereits Ma\u00dfnahmen im Sinne der Nachhaltigkeit ergriffen und wie sehen die Zukunftspl\u00e4ne aus?<\/p>\n","protected":false},"author":6629,"featured_media":17783,"comment_status":"open","ping_status":"open","sticky":false,"template":"","format":"standard","meta":{"_bbp_topic_count":0,"_bbp_reply_count":0,"_bbp_total_topic_count":0,"_bbp_total_reply_count":0,"_bbp_voice_count":0,"_bbp_anonymous_reply_count":0,"_bbp_topic_count_hidden":0,"_bbp_reply_count_hidden":0,"_bbp_forum_subforum_count":0,"footnotes":""},"categories":[10841],"tags":[1022990,1022989,26044],"class_list":["post-17781","post","type-post","status-publish","format-standard","has-post-thumbnail","hentry","category-campus-aktuell","tag-akademie-fuer-nachhaltigkeit","tag-green-house-center","tag-nachhaltigkeit"],"_links":{"self":[{"href":"https:\/\/blogs.uni-bremen.de\/eule\/wp-json\/wp\/v2\/posts\/17781","targetHints":{"allow":["GET"]}}],"collection":[{"href":"https:\/\/blogs.uni-bremen.de\/eule\/wp-json\/wp\/v2\/posts"}],"about":[{"href":"https:\/\/blogs.uni-bremen.de\/eule\/wp-json\/wp\/v2\/types\/post"}],"author":[{"embeddable":true,"href":"https:\/\/blogs.uni-bremen.de\/eule\/wp-json\/wp\/v2\/users\/6629"}],"replies":[{"embeddable":true,"href":"https:\/\/blogs.uni-bremen.de\/eule\/wp-json\/wp\/v2\/comments?post=17781"}],"version-history":[{"count":2,"href":"https:\/\/blogs.uni-bremen.de\/eule\/wp-json\/wp\/v2\/posts\/17781\/revisions"}],"predecessor-version":[{"id":17785,"href":"https:\/\/blogs.uni-bremen.de\/eule\/wp-json\/wp\/v2\/posts\/17781\/revisions\/17785"}],"wp:featuredmedia":[{"embeddable":true,"href":"https:\/\/blogs.uni-bremen.de\/eule\/wp-json\/wp\/v2\/media\/17783"}],"wp:attachment":[{"href":"https:\/\/blogs.uni-bremen.de\/eule\/wp-json\/wp\/v2\/media?parent=17781"}],"wp:term":[{"taxonomy":"category","embeddable":true,"href":"https:\/\/blogs.uni-bremen.de\/eule\/wp-json\/wp\/v2\/categories?post=17781"},{"taxonomy":"post_tag","embeddable":true,"href":"https:\/\/blogs.uni-bremen.de\/eule\/wp-json\/wp\/v2\/tags?post=17781"}],"curies":[{"name":"wp","href":"https:\/\/api.w.org\/{rel}","templated":true}]}}