{"id":17532,"date":"2022-06-30T18:56:22","date_gmt":"2022-06-30T16:56:22","guid":{"rendered":"https:\/\/blogs.uni-bremen.de\/eule\/?p=17532"},"modified":"2022-06-30T19:21:00","modified_gmt":"2022-06-30T17:21:00","slug":"wie-sozial-ist-dein-stadtteil","status":"publish","type":"post","link":"https:\/\/blogs.uni-bremen.de\/eule\/2022\/06\/30\/wie-sozial-ist-dein-stadtteil\/","title":{"rendered":"Wie sozial ist dein Stadtteil?"},"content":{"rendered":"<p style=\"text-align: justify\">Hast du dich schon einmal genauer mit deinem Stadtteil auseinandergesetzt und dich gefragt, wie inklusiv er ist? Wir wissen meist wie gut er angebunden ist, wie viele Einkaufsm\u00f6glichkeiten es gibt und wo, welches Caf\u00e9 das Beste ist und wo es den n\u00e4chsten guten Rollo gibt. Doch in allt\u00e4glichen Situationen z\u00e4hlen f\u00fcr viele Menschen ganz andere Aspekte. Achte doch mal beim n\u00e4chsten Spaziergang darauf, wie lang die Ampelphasen und wie hoch die B\u00fcrgersteige sind.<\/p>\n<p style=\"text-align: justify\">Mit solchen und weiteren Fragen haben sich zwei Klassen des HEP Jahrgangs 2021 der Fachschule Heilerziehungspflege (Schulzentrum Blumenthal) besch\u00e4ftigt. Gemeinsam mit Menschen mit Beeintr\u00e4chtigung, dem JGW (Jugend Gemeinschaftswerk), dem MC (Martinsclub) und der Lebenshilfe haben sie Bremen Nord, vor allem aber Vegesack einer Sozialraumanalyse unterzogen und dies mit den Betroffenen visualisiert. Diese kreative Auseinandersetzung ist das Ergebnis eines 6-w\u00f6chigen Projektes unter der k\u00fcnstlerischen Leitung von Mira Hilliges und Dr. Christina Inthoff. Die Idee, Leitung, sowie Initiierung stammt von der Lehrkraft der beiden Klassen J\u00f6rg Bauer. F\u00fcr das ganze Projekt hatten die zwei Klassen lediglich 6 Wochen. In dieser Zeit nutzen sie die Deutsch, Kunst und Lernfeld Bl\u00f6cke f\u00fcr das Projekt \u201eSozialraumanalyse\u201c. Angefangen mit der Frage was ein Sozialraum <img loading=\"lazy\" decoding=\"async\" class=\"size-medium wp-image-17534 alignright\" src=\"https:\/\/blogs.uni-bremen.de\/eule\/files\/Screenshot-2022-06-30-at-17-41-19-Einladung-allgemein-c62e8b15-9749-48bc-97b0-00163758ad30-300x263.png\" alt=\"\" width=\"300\" height=\"263\" srcset=\"https:\/\/blogs.uni-bremen.de\/eule\/files\/Screenshot-2022-06-30-at-17-41-19-Einladung-allgemein-c62e8b15-9749-48bc-97b0-00163758ad30-300x263.png 300w, https:\/\/blogs.uni-bremen.de\/eule\/files\/Screenshot-2022-06-30-at-17-41-19-Einladung-allgemein-c62e8b15-9749-48bc-97b0-00163758ad30.png 440w\" sizes=\"auto, (max-width: 300px) 100vw, 300px\" \/>ist \u00fcber Gespr\u00e4che mit Nutzer*innen und P\u00e4dagogen bis hin zur k\u00fcnstlerischen Schaffensphase. Dabei wurde schnell klar, dass der kurze Zeitraum f\u00fcr dieses Projekt problematisch ist. Termine mussten verschoben werden und krankheitsbedingte Ausf\u00e4lle kompensiert. Und dennoch war die Zusammenarbeit sehr gut, wie Jonas mir in unserem Interview erz\u00e4hlt. Seine Gruppe hat gut miteinander funktioniert und aufeinander abgestimmt und auch in der gr\u00f6\u00dferen Gruppe, sowie mit den Tr\u00e4gern war die Zusammenarbeit sehr positiv. Die Nutzer*innen und Tr\u00e4ger lie\u00dfen sich auf die Sch\u00fcler*innen des HEP Jahrgangs ein, \u00f6ffneten sich und trugen zu dieser guten Atmosph\u00e4re bei.<\/p>\n<p style=\"text-align: justify\">Gleichzeitig ist leider nicht zu vergessen, dass es um ein ernstes und f\u00fcr den Alltag der Betroffenen wichtiges Thema geht. Die Projektgruppe m\u00f6chte zeigen, dass jeder Mensch seinen eigenen individuellen Sozialraum hat. Es liegt also an allen die M\u00f6glichkeiten zu schaffen und Barrieren aus dem Weg zu r\u00e4umen. Des Weiteren geht es darum mehr auf seine Mitmenschen zu achten, f\u00fcr einander da zu sein und sich gegenseitig zu helfen. In diesem Fall auf Menschen mit Behinderungen und\/oder Beeintr\u00e4chtigungen. Es soll enttabuisiert und sichtbar gemacht werden, dass sie Menschen sind wie du und ich. Neben den gro\u00dfen Gesellschaftlichen Akzeptanz und Toleranz Fragen geht es niedrigschwellig um allt\u00e4gliche Situationen wie l\u00e4ngere Ampelphasen. Und ganz ehrlich: Oft muss ich selbst in der Neustadt sehr schnell \u00fcber die Stra\u00dfe laufen, da die Phasen so kurz sind.<\/p>\n<p style=\"text-align: justify\"><img loading=\"lazy\" decoding=\"async\" class=\"wp-image-17535 alignleft\" src=\"https:\/\/blogs.uni-bremen.de\/eule\/files\/Screenshot-2022-06-30-at-17-41-50-Einladung-allgemein-c62e8b15-9749-48bc-97b0-00163758ad30-300x219.png\" alt=\"\" width=\"327\" height=\"239\" srcset=\"https:\/\/blogs.uni-bremen.de\/eule\/files\/Screenshot-2022-06-30-at-17-41-50-Einladung-allgemein-c62e8b15-9749-48bc-97b0-00163758ad30-300x219.png 300w, https:\/\/blogs.uni-bremen.de\/eule\/files\/Screenshot-2022-06-30-at-17-41-50-Einladung-allgemein-c62e8b15-9749-48bc-97b0-00163758ad30.png 338w\" sizes=\"auto, (max-width: 327px) 100vw, 327px\" \/>Die Projektgruppe m\u00f6chte die Betroffenen sichtbar machen und zeigen, dass sie kein Mitleid, noch Angst oder Hass entgegengebracht bekommen m\u00f6chten. Sie m\u00f6chten ein selbstbestimmtes Leben, Akzeptanz, sowie Toleranz von uns Mitmenschen und genauso behandelt werden wie andere. \u00a0Im Zuge des Projektes ist Jonas das Interesse der Menschen positiv aufgefallen und dass Bremen Nord trotz der Sozialraumanalyse und den vielen verbesserungsw\u00fcrdigen Aspekte sch\u00f6ne Ecken zu bieten hat. Das l\u00e4sst ihn u.a. optimistisch gestimmt auf das Projekt blicken.<\/p>\n<p style=\"text-align: justify\">Das Projekt \u201eSozialraumanalyse mit Menschen mit Beeintr\u00e4chtigung\u201c ist vom 29.6.2022-13.7.2022 im B\u00fcrgerhaus Vegesack (Kirchheide 49) zu sehen. Wer es nicht zur Ausstellung schafft, hat danach die M\u00f6glichkeit Teile dessen im Schaufenster des Buchladens \u201eLeseland\u201c im Viertel zu betrachten.<\/p>\n<p style=\"text-align: justify\">Nach all dem was du gelesen hast, gehe noch einmal in dich. Was bedeutet f\u00fcr dich \u201eSozialraum\u201c? Empfindest du dein Stadtteil als Barriere frei? Was k\u00f6nnte man ver\u00e4ndern? Hinterlasse uns gerne deine Gedanken und Anmerkungen in den Kommentaren!<\/p>\n<p style=\"text-align: justify\">\n","protected":false},"excerpt":{"rendered":"<p>Wo der n\u00e4chste Supermarkt ist, wie gut dein Stadtteil angebunden ist und wo es den n\u00e4chsten Kaffee gibt, wissen wir meistens. Doch wie lang gehen die Ampelphasen? Wie inklusiv ist dein Stadtteil? Mehr dazu liest du in diesem Artikel. <\/p>\n","protected":false},"author":10956,"featured_media":17533,"comment_status":"open","ping_status":"open","sticky":false,"template":"","format":"standard","meta":{"_bbp_topic_count":0,"_bbp_reply_count":0,"_bbp_total_topic_count":0,"_bbp_total_reply_count":0,"_bbp_voice_count":0,"_bbp_anonymous_reply_count":0,"_bbp_topic_count_hidden":0,"_bbp_reply_count_hidden":0,"_bbp_forum_subforum_count":0,"footnotes":""},"categories":[10841],"tags":[820185,1022901,13883,744232,26109,21070,21069,1022896,15771,1022898,1022897,1022899,372,1022895,1022891,1022892,104,1022894],"class_list":["post-17532","post","type-post","status-publish","format-standard","has-post-thumbnail","hentry","category-campus-aktuell","tag-820185","tag-akzeptanz","tag-ausstellung","tag-bremen-nord","tag-hep","tag-inklusion","tag-inklusive-stadt","tag-jgw","tag-kunst","tag-lebenshilfe","tag-mc","tag-menschen-mit-beeintraechtigung","tag-projekt","tag-schulzentrum-blumenthal","tag-sozialraum","tag-sozialraumanalyse","tag-toleranz","tag-vegesack"],"_links":{"self":[{"href":"https:\/\/blogs.uni-bremen.de\/eule\/wp-json\/wp\/v2\/posts\/17532","targetHints":{"allow":["GET"]}}],"collection":[{"href":"https:\/\/blogs.uni-bremen.de\/eule\/wp-json\/wp\/v2\/posts"}],"about":[{"href":"https:\/\/blogs.uni-bremen.de\/eule\/wp-json\/wp\/v2\/types\/post"}],"author":[{"embeddable":true,"href":"https:\/\/blogs.uni-bremen.de\/eule\/wp-json\/wp\/v2\/users\/10956"}],"replies":[{"embeddable":true,"href":"https:\/\/blogs.uni-bremen.de\/eule\/wp-json\/wp\/v2\/comments?post=17532"}],"version-history":[{"count":3,"href":"https:\/\/blogs.uni-bremen.de\/eule\/wp-json\/wp\/v2\/posts\/17532\/revisions"}],"predecessor-version":[{"id":17647,"href":"https:\/\/blogs.uni-bremen.de\/eule\/wp-json\/wp\/v2\/posts\/17532\/revisions\/17647"}],"wp:featuredmedia":[{"embeddable":true,"href":"https:\/\/blogs.uni-bremen.de\/eule\/wp-json\/wp\/v2\/media\/17533"}],"wp:attachment":[{"href":"https:\/\/blogs.uni-bremen.de\/eule\/wp-json\/wp\/v2\/media?parent=17532"}],"wp:term":[{"taxonomy":"category","embeddable":true,"href":"https:\/\/blogs.uni-bremen.de\/eule\/wp-json\/wp\/v2\/categories?post=17532"},{"taxonomy":"post_tag","embeddable":true,"href":"https:\/\/blogs.uni-bremen.de\/eule\/wp-json\/wp\/v2\/tags?post=17532"}],"curies":[{"name":"wp","href":"https:\/\/api.w.org\/{rel}","templated":true}]}}