{"id":17506,"date":"2022-06-20T08:03:06","date_gmt":"2022-06-20T06:03:06","guid":{"rendered":"https:\/\/blogs.uni-bremen.de\/eule\/?p=17506"},"modified":"2022-06-20T08:04:33","modified_gmt":"2022-06-20T06:04:33","slug":"eine-woche-mensa-essen","status":"publish","type":"post","link":"https:\/\/blogs.uni-bremen.de\/eule\/2022\/06\/20\/eine-woche-mensa-essen\/","title":{"rendered":"Eine Woche Mensa-Essen"},"content":{"rendered":"<p>Seit Wiedereinf\u00fchrung der Campuspr\u00e4senz wird die Uni Mensa auf dem Boulevard von Studierenden geflutet wie eh und je. Ein weiterer Grund hierf\u00fcr k\u00f6nnte das mittlerweile fest im Speiseplan etablierte t\u00e4gliche vegane Men\u00fc sein. Bezahlbar und abwechslungsreich f\u00fcr Mensaverh\u00e4ltnisse, da geht man deutlich lieber als Veganer:in speisen (<a href=\"https:\/\/blogs.uni-bremen.de\/eule\/2017\/11\/08\/veganes-essen-auf-dem-campus\/\">im Vergleich zu fr\u00fcher<\/a>).<\/p>\n<p><strong>Doch wie steht es geschmacklich um die St\u00e4rkung f\u00fcr uns Studis?<\/strong><\/p>\n<p>Um das auszutesten, habe ich eine Woche lang jeden Tag in der Mensa gegessen und die Mahlzeiten f\u00fcr euch fotografisch festgehalten. Gegessen habe ich, was mich am meisten angesprochen hat, unabh\u00e4ngig davon, ob das Gericht nun vegan oder etwas teurer war als die anderen. Bewertet habe ich daraufhin nach Geschmack, Preis und Menge. Das sind nat\u00fcrlich Angaben, die auf meiner pers\u00f6nlichen Einsch\u00e4tzung und meinem Geschmack beruhen.<\/p>\n<p>Viel Freude bei diesem kleinen Einblick in das Mensaangebot!<\/p>\n<hr \/>\n<p><em>Montag:<\/em><\/p>\n<blockquote><p><strong>Gefl\u00fcgelgyros mit Tomatenreis und Tzatziki<\/strong><\/p><\/blockquote>\n<p><img loading=\"lazy\" decoding=\"async\" class=\"alignright wp-image-17509 size-medium\" src=\"https:\/\/blogs.uni-bremen.de\/eule\/files\/IMG_20220613_123235-225x300.jpg\" alt=\"\" width=\"225\" height=\"300\" srcset=\"https:\/\/blogs.uni-bremen.de\/eule\/files\/IMG_20220613_123235-225x300.jpg 225w, https:\/\/blogs.uni-bremen.de\/eule\/files\/IMG_20220613_123235-773x1030.jpg 773w, https:\/\/blogs.uni-bremen.de\/eule\/files\/IMG_20220613_123235-768x1024.jpg 768w, https:\/\/blogs.uni-bremen.de\/eule\/files\/IMG_20220613_123235-1152x1536.jpg 1152w, https:\/\/blogs.uni-bremen.de\/eule\/files\/IMG_20220613_123235-1536x2048.jpg 1536w, https:\/\/blogs.uni-bremen.de\/eule\/files\/IMG_20220613_123235-1125x1500.jpg 1125w, https:\/\/blogs.uni-bremen.de\/eule\/files\/IMG_20220613_123235-529x705.jpg 529w, https:\/\/blogs.uni-bremen.de\/eule\/files\/IMG_20220613_123235-scaled.jpg 1920w\" sizes=\"auto, (max-width: 225px) 100vw, 225px\" \/><\/p>\n<p>Wir starten stabil in die neue Woche mit einem Mensaklassiker. Geschmacklich hat das Gericht wirklich \u00fcberzeugt, nur das Fleisch war z.T. etwas fettig\/knorpelig. Ansonsten war der Reis gut gew\u00fcrzt und locker.<\/p>\n<p>Mit einem Preis von 1,80 Euro war es das g\u00fcnstigste Tagesgericht.<\/p>\n<p>Die Menge war mittelm\u00e4\u00dfig; ohne Nachtisch w\u00e4re ich vermutlich nicht ganz satt geworden.<\/p>\n<p><strong><em>Ranking (0-5 Teller)<\/em><\/strong><\/p>\n<p><em>Geschmack: 4,5 Teller<\/em><\/p>\n<p><em>Preis: 5 Teller<\/em><\/p>\n<p><em>Menge: 2,5 Teller<\/em><\/p>\n<p><strong><em>Gesamtranking: 4 Teller<\/em><\/strong><\/p>\n<p>&nbsp;<\/p>\n<p><em>Dienstag:<\/em><\/p>\n<blockquote><p><strong>Maultaschenpfanne mit B\u00e4rlauch-Dip<img loading=\"lazy\" decoding=\"async\" class=\"alignright wp-image-17510 size-medium\" src=\"https:\/\/blogs.uni-bremen.de\/eule\/files\/IMG_20220614_114241-300x225.jpg\" alt=\"\" width=\"300\" height=\"225\" srcset=\"https:\/\/blogs.uni-bremen.de\/eule\/files\/IMG_20220614_114241-300x225.jpg 300w, https:\/\/blogs.uni-bremen.de\/eule\/files\/IMG_20220614_114241-1030x773.jpg 1030w, https:\/\/blogs.uni-bremen.de\/eule\/files\/IMG_20220614_114241-768x576.jpg 768w, https:\/\/blogs.uni-bremen.de\/eule\/files\/IMG_20220614_114241-1536x1152.jpg 1536w, https:\/\/blogs.uni-bremen.de\/eule\/files\/IMG_20220614_114241-2048x1536.jpg 2048w, https:\/\/blogs.uni-bremen.de\/eule\/files\/IMG_20220614_114241-1500x1125.jpg 1500w, https:\/\/blogs.uni-bremen.de\/eule\/files\/IMG_20220614_114241-705x529.jpg 705w\" sizes=\"auto, (max-width: 300px) 100vw, 300px\" \/><\/strong><\/p><\/blockquote>\n<p>Leider so gar nicht mein Fall. Die Maultaschen waren au\u00dfen sehr trocken und das Gem\u00fcse hat geschmacklich nicht umgehauen. Der B\u00e4rlauch im Dip wurde auch vergebens gesucht. Habe w\u00e4hrend des Essens bereut, nicht die vegane Currywurst genommen zu haben.<\/p>\n<p>Auch heute handelt es sich mit 1,70 Euro wieder um das g\u00fcnstigste Tagesgericht.<\/p>\n<p>Von der Menge her konnte man nicht meckern, satt werden war drin.<\/p>\n<p><strong><em>Ranking (0-5 Teller)<\/em><\/strong><\/p>\n<p><em>Geschmack: 1,5 Teller<\/em><\/p>\n<p><em>Preis: 5 Teller<\/em><\/p>\n<p><em>Menge: 4,5 Teller<\/em><\/p>\n<p><strong><em>Gesamtranking: 3,7 Teller<\/em><\/strong><\/p>\n<p>&nbsp;<\/p>\n<p><em>Mittwoch:<\/em><\/p>\n<blockquote><p><strong>Pasta \u201eDiavolo\u201c mit Peperoni-Olivensauce<img loading=\"lazy\" decoding=\"async\" class=\"alignright wp-image-17512 size-medium\" src=\"https:\/\/blogs.uni-bremen.de\/eule\/files\/IMG_20220615_120115-300x225.jpg\" alt=\"\" width=\"300\" height=\"225\" srcset=\"https:\/\/blogs.uni-bremen.de\/eule\/files\/IMG_20220615_120115-300x225.jpg 300w, https:\/\/blogs.uni-bremen.de\/eule\/files\/IMG_20220615_120115-1030x773.jpg 1030w, https:\/\/blogs.uni-bremen.de\/eule\/files\/IMG_20220615_120115-768x576.jpg 768w, https:\/\/blogs.uni-bremen.de\/eule\/files\/IMG_20220615_120115-1536x1152.jpg 1536w, https:\/\/blogs.uni-bremen.de\/eule\/files\/IMG_20220615_120115-2048x1536.jpg 2048w, https:\/\/blogs.uni-bremen.de\/eule\/files\/IMG_20220615_120115-1500x1125.jpg 1500w, https:\/\/blogs.uni-bremen.de\/eule\/files\/IMG_20220615_120115-705x529.jpg 705w\" sizes=\"auto, (max-width: 300px) 100vw, 300px\" \/><\/strong><\/p><\/blockquote>\n<p>Eine wirklich leckere Pastavariante! Die Nudeln waren reichlich und in gutem Verh\u00e4ltnis zur Sauce, die sch\u00f6n fruchtig-pikant schmeckte. Die Oliven- und Peperonist\u00fcckchen harmonierten gut mit der frisch geraspelten Karotte als Garnitur.<\/p>\n<p>Mit 1,70 Euro zum dritten Mal in Folge das g\u00fcnstigste Gericht und jeden Cent wert.<\/p>\n<p>Auch wenn ich nach der Portion schon wirklich satt war, h\u00e4tte ich mit Appetit noch mehr davon gegessen.<\/p>\n<p><strong><em>Ranking (0-5 Teller)<\/em><\/strong><\/p>\n<p><em>Geschmack: 5 Teller<\/em><\/p>\n<p><em>Preis: 5 Teller<\/em><\/p>\n<p><em>Menge: 5 Teller<\/em><\/p>\n<p><strong><em>Gesamtranking: 5 Teller<\/em><\/strong><\/p>\n<p>&nbsp;<\/p>\n<p><em>Donnerstag:<\/em><\/p>\n<blockquote><p><strong>Hokifilet im Eimantel mit Karfoffelsalat<img loading=\"lazy\" decoding=\"async\" class=\"alignright wp-image-17511 size-medium\" src=\"https:\/\/blogs.uni-bremen.de\/eule\/files\/IMG_20220616_114653-300x225.jpg\" alt=\"\" width=\"300\" height=\"225\" srcset=\"https:\/\/blogs.uni-bremen.de\/eule\/files\/IMG_20220616_114653-300x225.jpg 300w, https:\/\/blogs.uni-bremen.de\/eule\/files\/IMG_20220616_114653-1030x773.jpg 1030w, https:\/\/blogs.uni-bremen.de\/eule\/files\/IMG_20220616_114653-768x576.jpg 768w, https:\/\/blogs.uni-bremen.de\/eule\/files\/IMG_20220616_114653-1536x1152.jpg 1536w, https:\/\/blogs.uni-bremen.de\/eule\/files\/IMG_20220616_114653-2048x1536.jpg 2048w, https:\/\/blogs.uni-bremen.de\/eule\/files\/IMG_20220616_114653-1500x1125.jpg 1500w, https:\/\/blogs.uni-bremen.de\/eule\/files\/IMG_20220616_114653-705x529.jpg 705w\" sizes=\"auto, (max-width: 300px) 100vw, 300px\" \/><\/strong><\/p><\/blockquote>\n<p>Erstmal musste ich googeln, was denn \u00fcberhaupt \u201eHoki\u201c f\u00fcr ein Fisch ist. Es handelt sich um eine Art Seehecht, der in diesem Falle ein gigantisches Filet abgab. In der Panade wurde nicht mit Ei gegeizt und das Filet war sch\u00f6n saftig, jedoch hoffnungslos versalzen. Der Kartoffelsalat erinnerte von Geschmack und Konsistenz her stark an Discounterware. Sehns\u00fcchtig habe ich den Tellern mit Gem\u00fcsereis und Bratlingen nachgeschaut\u2026<\/p>\n<p>Mit 2,80 Euro lag das Gericht heute preislich im Mittelfeld.<\/p>\n<p>Die Menge war mehr als ausreichend, sofern man nicht unterwegs die Lust am Essen verlor.<\/p>\n<p><strong><em>Ranking (0-5 Teller)<\/em><\/strong><\/p>\n<p><em>Geschmack: 2 Teller<\/em><\/p>\n<p><em>Preis: 4 Teller<\/em><\/p>\n<p><em>Menge: 5 Teller<\/em><\/p>\n<p><strong><em>Gesamtranking: 3,7 Teller<\/em><\/strong><\/p>\n<p>&nbsp;<\/p>\n<p><em>Freitag:<\/em><\/p>\n<blockquote><p><strong>R\u00f6stpizza \u201eWestern-Style\u201c<img loading=\"lazy\" decoding=\"async\" class=\"alignright wp-image-17508 size-medium\" src=\"https:\/\/blogs.uni-bremen.de\/eule\/files\/IMG_20220617_115327-300x225.jpg\" alt=\"\" width=\"300\" height=\"225\" srcset=\"https:\/\/blogs.uni-bremen.de\/eule\/files\/IMG_20220617_115327-300x225.jpg 300w, https:\/\/blogs.uni-bremen.de\/eule\/files\/IMG_20220617_115327-1030x773.jpg 1030w, https:\/\/blogs.uni-bremen.de\/eule\/files\/IMG_20220617_115327-768x576.jpg 768w, https:\/\/blogs.uni-bremen.de\/eule\/files\/IMG_20220617_115327-1536x1152.jpg 1536w, https:\/\/blogs.uni-bremen.de\/eule\/files\/IMG_20220617_115327-2048x1536.jpg 2048w, https:\/\/blogs.uni-bremen.de\/eule\/files\/IMG_20220617_115327-1500x1125.jpg 1500w, https:\/\/blogs.uni-bremen.de\/eule\/files\/IMG_20220617_115327-705x529.jpg 705w\" sizes=\"auto, (max-width: 300px) 100vw, 300px\" \/><\/strong><\/p><\/blockquote>\n<p>Die Woche endet wie sie begann mit einem typischen Mensaklassiker. Eine gigantische R\u00f6sti getoppt mit einem Berg mediterranen Gem\u00fcses, das mit w\u00fcrzigem K\u00e4se \u00fcberbacken wurde. Geschmacklich gut essbar, hat mich nicht vom Hocker gehauen, aber es war recht lecker.<\/p>\n<p>Mit 2,50 Euro handelte es sich wieder um das mittelpreisige Tagesgericht.<\/p>\n<p>Die Menge war absolut in Ordnung.<\/p>\n<p><strong><em>Ranking (0-5 Teller)<\/em><\/strong><\/p>\n<p><em>Geschmack: 3,5 Teller<\/em><\/p>\n<p><em>Preis: 4 Teller<\/em><\/p>\n<p><em>Menge: 5 Teller<\/em><\/p>\n<p><strong><em>Gesamtranking: 4,2 Teller<\/em><\/strong><\/p>\n","protected":false},"excerpt":{"rendered":"<p>Seit Wiedereinf\u00fchrung der Pr\u00e4senz wird die Uni Mensa t\u00e4glich von zahlreichen hungrigen Studis geflutet. Doch wie steht es um den Geschmack der uns angebotenen St\u00e4rkung? Um das herauszufinden, habe ich eine Woche lang jeden Tag f\u00fcr euch das Mensaessen hier dokumentiert und bewertet. <\/p>\n","protected":false},"author":12514,"featured_media":17514,"comment_status":"open","ping_status":"open","sticky":false,"template":"","format":"standard","meta":{"_bbp_topic_count":0,"_bbp_reply_count":0,"_bbp_total_topic_count":0,"_bbp_total_reply_count":0,"_bbp_voice_count":0,"_bbp_anonymous_reply_count":0,"_bbp_topic_count_hidden":0,"_bbp_reply_count_hidden":0,"_bbp_forum_subforum_count":0,"footnotes":""},"categories":[10841],"tags":[17837,920642,21059,1022883,1022884,26147],"class_list":["post-17506","post","type-post","status-publish","format-standard","has-post-thumbnail","hentry","category-campus-aktuell","tag-essen","tag-food","tag-mensa","tag-ranking","tag-tagesgericht","tag-vegan"],"_links":{"self":[{"href":"https:\/\/blogs.uni-bremen.de\/eule\/wp-json\/wp\/v2\/posts\/17506","targetHints":{"allow":["GET"]}}],"collection":[{"href":"https:\/\/blogs.uni-bremen.de\/eule\/wp-json\/wp\/v2\/posts"}],"about":[{"href":"https:\/\/blogs.uni-bremen.de\/eule\/wp-json\/wp\/v2\/types\/post"}],"author":[{"embeddable":true,"href":"https:\/\/blogs.uni-bremen.de\/eule\/wp-json\/wp\/v2\/users\/12514"}],"replies":[{"embeddable":true,"href":"https:\/\/blogs.uni-bremen.de\/eule\/wp-json\/wp\/v2\/comments?post=17506"}],"version-history":[{"count":5,"href":"https:\/\/blogs.uni-bremen.de\/eule\/wp-json\/wp\/v2\/posts\/17506\/revisions"}],"predecessor-version":[{"id":17603,"href":"https:\/\/blogs.uni-bremen.de\/eule\/wp-json\/wp\/v2\/posts\/17506\/revisions\/17603"}],"wp:featuredmedia":[{"embeddable":true,"href":"https:\/\/blogs.uni-bremen.de\/eule\/wp-json\/wp\/v2\/media\/17514"}],"wp:attachment":[{"href":"https:\/\/blogs.uni-bremen.de\/eule\/wp-json\/wp\/v2\/media?parent=17506"}],"wp:term":[{"taxonomy":"category","embeddable":true,"href":"https:\/\/blogs.uni-bremen.de\/eule\/wp-json\/wp\/v2\/categories?post=17506"},{"taxonomy":"post_tag","embeddable":true,"href":"https:\/\/blogs.uni-bremen.de\/eule\/wp-json\/wp\/v2\/tags?post=17506"}],"curies":[{"name":"wp","href":"https:\/\/api.w.org\/{rel}","templated":true}]}}