{"id":17196,"date":"2022-01-04T20:47:53","date_gmt":"2022-01-04T19:47:53","guid":{"rendered":"https:\/\/blogs.uni-bremen.de\/eule\/?p=17196"},"modified":"2022-01-04T20:47:53","modified_gmt":"2022-01-04T19:47:53","slug":"uni-bremen-startet-grosse-umweltkampagne","status":"publish","type":"post","link":"https:\/\/blogs.uni-bremen.de\/eule\/2022\/01\/04\/uni-bremen-startet-grosse-umweltkampagne\/","title":{"rendered":"Uni Bremen startet gro\u00dfe Umweltkampagne"},"content":{"rendered":"<p>Das Umweltbewusstsein in der Gesellschaft und auch unter Studierenden wird immer gr\u00f6\u00dfer. Die Knappheit der Ressourcen und die Klimaver\u00e4nderungen unserer Erde werden f\u00fcr jeden immer mehr sp\u00fcrbar. Umso wichtiger ist es, dass man nicht nur ein Umweltbewusst besitzt, sondern auch tatkr\u00e4ftig etwas unternimmt.<img loading=\"lazy\" decoding=\"async\" class=\"size-medium wp-image-17199 alignleft\" src=\"https:\/\/blogs.uni-bremen.de\/eule\/files\/Bildschirmfoto-2022-01-04-um-20.46.23-175x300.png\" alt=\"Klimakarl Uni Bremen\" width=\"175\" height=\"300\" srcset=\"https:\/\/blogs.uni-bremen.de\/eule\/files\/Bildschirmfoto-2022-01-04-um-20.46.23-175x300.png 175w, https:\/\/blogs.uni-bremen.de\/eule\/files\/Bildschirmfoto-2022-01-04-um-20.46.23.png 306w\" sizes=\"auto, (max-width: 175px) 100vw, 175px\" \/><\/p>\n<p>Genau das hat sich die Universit\u00e4t Bremen vorgenommen: diese Woche startet die campusweite Energie- und CO2-Kampagne mit dem Motto: \u201eUmweltschutz\u2013Leben und Lernen!\u201c<\/p>\n<p>&nbsp;<\/p>\n<p><strong>Wie kann ich mitmachen?<\/strong><\/p>\n<p>Du kannst im Kampagnen-Zeitraum vom 17. Januar 2022 bis 04. Februar 2022 die kostenlose CO2-Spar-App \u201eKLIMAKARL\u201c herunterladen.<\/p>\n<p>Mit der App hast du die M\u00f6glichkeit Teams zu bilden und zusammen CO2 einzusparen. Du kannst die Ergebnisse deiner Gruppe speichern, mit anderen vergleichen und am Ende auswerten, wer das meiste CO2 einsparen konnte. Das Siegerteam, dass am meisten CO2 einsparen konnte, wird am Ende im Rahmen einer Feier bekannt gegeben. <img loading=\"lazy\" decoding=\"async\" class=\" wp-image-17198 alignright\" src=\"https:\/\/blogs.uni-bremen.de\/eule\/files\/Bildschirmfoto-2022-01-04-um-20.46.06-300x232.png\" alt=\"Umweltkampagne Uni Bremen\" width=\"219\" height=\"169\" srcset=\"https:\/\/blogs.uni-bremen.de\/eule\/files\/Bildschirmfoto-2022-01-04-um-20.46.06-300x232.png 300w, https:\/\/blogs.uni-bremen.de\/eule\/files\/Bildschirmfoto-2022-01-04-um-20.46.06.png 500w\" sizes=\"auto, (max-width: 219px) 100vw, 219px\" \/><\/p>\n<p><strong>Woher bekomme ich Informationen zur Energie-Einsparung?<\/strong><\/p>\n<p>Die Universit\u00e4t Bremen und das Team Umweltmanagement hat f\u00fcr euch einige Informationen, Handouts und Papers zusammengestellt, in denen Ihr alles Rund um das Thema finden k\u00f6nnt.<\/p>\n<p><a href=\"http:\/\/www.uni-bremen.de\/klimaschutz\">http:\/\/www.uni-bremen.de\/klimaschutz<\/a><\/p>\n<p>Nat\u00fcrlich k\u00f6nnt Ihr auch jederzeit dem Team des Umweltmanagements der Uni Bremen kontaktieren:<\/p>\n<p>&nbsp;<\/p>\n<p>Frau Dr. Doris S\u00f6vegjarto, Tel. 218-63376<br \/>\nE-Mail:\u00a0<a href=\"https:\/\/webmail.uni-bremen.de\/horde3\/imp\/dynamic.php?page=mailbox\">Soeve&#64;&#117;&#110;&#105;&#45;&#98;&#114;&#101;&#x6d;&#x65;&#x6e;&#x2e;&#x64;&#x65;<\/a><br \/>\noder<br \/>\nHerr Matthias Scheibner, Tel. 218-67016<br \/>\nE-Mail:\u00a0<a href=\"https:\/\/webmail.uni-bremen.de\/horde3\/imp\/dynamic.php?page=mailbox\">&#x6d;a&#x74;&#116;&#x68;&#105;a&#x73;&#46;&#x73;&#99;&#x68;&#101;i&#x62;&#110;&#x65;&#114;&#64;&#x75;n&#x69;&#45;&#x62;&#114;e&#x6d;e&#x6e;&#46;&#x64;&#x65;<\/a><\/p>\n<p>&nbsp;<\/p>\n","protected":false},"excerpt":{"rendered":"<p>Genau das hat sich die Universit\u00e4t Bremen vorgenommen: diese Woche startet die campusweite Energie- und CO2-Kampagne mit dem Motto: \u201eUmweltschutz\u2013Leben und Lernen!\u201c<\/p>\n","protected":false},"author":6629,"featured_media":17197,"comment_status":"open","ping_status":"open","sticky":false,"template":"","format":"standard","meta":{"_bbp_topic_count":0,"_bbp_reply_count":0,"_bbp_total_topic_count":0,"_bbp_total_reply_count":0,"_bbp_voice_count":0,"_bbp_anonymous_reply_count":0,"_bbp_topic_count_hidden":0,"_bbp_reply_count_hidden":0,"_bbp_forum_subforum_count":0,"footnotes":""},"categories":[10841],"tags":[497,898006,50983,898007,26044,898005],"class_list":["post-17196","post","type-post","status-publish","format-standard","has-post-thumbnail","hentry","category-campus-aktuell","tag-app","tag-energiesparen","tag-klima","tag-klimaveraenderungen","tag-nachhaltigkeit","tag-umweltkampagne"],"_links":{"self":[{"href":"https:\/\/blogs.uni-bremen.de\/eule\/wp-json\/wp\/v2\/posts\/17196","targetHints":{"allow":["GET"]}}],"collection":[{"href":"https:\/\/blogs.uni-bremen.de\/eule\/wp-json\/wp\/v2\/posts"}],"about":[{"href":"https:\/\/blogs.uni-bremen.de\/eule\/wp-json\/wp\/v2\/types\/post"}],"author":[{"embeddable":true,"href":"https:\/\/blogs.uni-bremen.de\/eule\/wp-json\/wp\/v2\/users\/6629"}],"replies":[{"embeddable":true,"href":"https:\/\/blogs.uni-bremen.de\/eule\/wp-json\/wp\/v2\/comments?post=17196"}],"version-history":[{"count":2,"href":"https:\/\/blogs.uni-bremen.de\/eule\/wp-json\/wp\/v2\/posts\/17196\/revisions"}],"predecessor-version":[{"id":17330,"href":"https:\/\/blogs.uni-bremen.de\/eule\/wp-json\/wp\/v2\/posts\/17196\/revisions\/17330"}],"wp:featuredmedia":[{"embeddable":true,"href":"https:\/\/blogs.uni-bremen.de\/eule\/wp-json\/wp\/v2\/media\/17197"}],"wp:attachment":[{"href":"https:\/\/blogs.uni-bremen.de\/eule\/wp-json\/wp\/v2\/media?parent=17196"}],"wp:term":[{"taxonomy":"category","embeddable":true,"href":"https:\/\/blogs.uni-bremen.de\/eule\/wp-json\/wp\/v2\/categories?post=17196"},{"taxonomy":"post_tag","embeddable":true,"href":"https:\/\/blogs.uni-bremen.de\/eule\/wp-json\/wp\/v2\/tags?post=17196"}],"curies":[{"name":"wp","href":"https:\/\/api.w.org\/{rel}","templated":true}]}}