{"id":17042,"date":"2021-10-22T12:12:00","date_gmt":"2021-10-22T10:12:00","guid":{"rendered":"https:\/\/blogs.uni-bremen.de\/eule\/?p=17042"},"modified":"2021-10-22T12:12:00","modified_gmt":"2021-10-22T10:12:00","slug":"campus-city-mit-erstem-bremer-mindday","status":"publish","type":"post","link":"https:\/\/blogs.uni-bremen.de\/eule\/2021\/10\/22\/campus-city-mit-erstem-bremer-mindday\/","title":{"rendered":"Campus City mit erstem Bremer \u201eMindDay\u201c"},"content":{"rendered":"<p>Anl\u00e4sslich des <strong>50. Geburtstag der Uni Bremen<\/strong> findet seit dem 16. Oktober 2021 die Veranstaltung \u201eCampus City\u201c auf ganz Bremen verteilt statt. Es handelt sich um eine bunte Mischung verschiedenster Vortr\u00e4ge, Workshops und F\u00fchrungen rund um aktuelle Forschungsthemen und spannende Fragen unserer Zeit. Die Veranstaltungen richten sich an alle, die daran interessiert sind, ein St\u00fcck der Universit\u00e4tsvielfalt mitzunehmen und kann von Alt und Jung, Studierenden und Nicht-Studierenden besucht werden. So finden in den n\u00e4chsten Tagen beispielsweise noch Veranstaltungen statt, die <strong>Nahrung aus dem Meer, den Menschen auf dem Mars oder algorithmisch erzeugte Kunst<\/strong> thematisieren.<img loading=\"lazy\" decoding=\"async\" class=\"wp-image-17043 size-medium alignleft\" src=\"https:\/\/blogs.uni-bremen.de\/eule\/files\/IMG_20211022_10084927245-225x300.jpg\" alt=\"\" width=\"225\" height=\"300\" srcset=\"https:\/\/blogs.uni-bremen.de\/eule\/files\/IMG_20211022_10084927245-225x300.jpg 225w, https:\/\/blogs.uni-bremen.de\/eule\/files\/IMG_20211022_10084927245-773x1030.jpg 773w, https:\/\/blogs.uni-bremen.de\/eule\/files\/IMG_20211022_10084927245-768x1024.jpg 768w, https:\/\/blogs.uni-bremen.de\/eule\/files\/IMG_20211022_10084927245-1152x1536.jpg 1152w, https:\/\/blogs.uni-bremen.de\/eule\/files\/IMG_20211022_10084927245-1536x2048.jpg 1536w, https:\/\/blogs.uni-bremen.de\/eule\/files\/IMG_20211022_10084927245-1125x1500.jpg 1125w, https:\/\/blogs.uni-bremen.de\/eule\/files\/IMG_20211022_10084927245-529x705.jpg 529w, https:\/\/blogs.uni-bremen.de\/eule\/files\/IMG_20211022_10084927245-scaled.jpg 1920w\" sizes=\"auto, (max-width: 225px) 100vw, 225px\" \/><\/p>\n<p>Besonders spannend kann die Veranstaltung auch<strong> f\u00fcr Erstis bzw. Neu-Zugezogene<\/strong> sein; F\u00fchrungen wie z.B. die geologische F\u00fchrung durch die Bremer Innenstadt er\u00f6ffnen neue Blickwinkel auf die Wahlheimat. Da die Veranstaltungen an sehenswerten Orten wie dem <strong>\u00dcbersee-Museum, dem Teerhof oder auch der Markthalle<\/strong> stattfinden, bietet dies zudem eine gute Gelegenheit, sich mit den R\u00e4umlichkeiten einmal vertraut zu machen (auch f\u00fcr einige \u201eAlt-Bremer:innen\u201c sicherlich noch ein Erlebnis).<\/p>\n<p>Als Biologiestudentin konnte ich mir nat\u00fcrlich den ersten <a href=\"http:\/\/www.bernstein.uni-bremen.de\/mindday\">&#8222;MindDay&#8220;<\/a> der Uni Bremen nicht entgehen lassen. Dieser fand vergangenen Montag im \u00dcbersee-Museum statt (unsere Follower auf <a href=\"https:\/\/www.instagram.com\/campus.eule\/\">Instagram<\/a> werden sich evtl. noch an das kleine Ratespiel erinnern) und war meiner Meinung nach wirklich gro\u00dfartig organisiert. Von spannenden Vortr\u00e4gen zu <strong>aktuellen Forschungsfragen der Neurowissenschaften<\/strong> \u00fcber Mitmach-Stationen bis hin zu Infost\u00e4nden, die thematisch passend \u00fcber psychische und k\u00f6rperliche Erkrankungen informierten, wurde ein \u00e4u\u00dferst abwechslungsreiches und spannendes Programm geboten. Zudem wurde der Austausch mit Lehrenden und Forschenden angeregt, in welchen nicht nur Studierende sondern erfreulicherweise auch Menschen \u00e4lterer Generationen traten. Diese heterogene Zielgruppe hat einen gro\u00dfen Teil des Charmes des \u201eMindDay\u201c ausgemacht und es ist zu erwarten, dass dies auch in den kommenden Campus City-Veranstaltungen der Fall sein sollte.<\/p>\n<p>Die Veranstaltungen sind <strong>alle kostenlos<\/strong>. In der Regel wird \u00fcber eine Anmeldung per E-Mail gebeten oder es kann ein kostenloses Nordwest-Ticket online erworben werden. Des Weiteren gelten weiterhin die g\u00e4ngigen <strong>3G-Verordnungen<\/strong> sowie entsprechende Abstandsregeln bzw. das Nutzen eines medizinischen Mund-Nasen-Schutzes in geschlossenen R\u00e4umen. Die jeweiligen Formalia sowie detaillierte Beschreibungen der einzelnen Veranstaltungen findest du im\u00a0 <a href=\"https:\/\/www.uni-bremen.de\/campus-city\/programm\">Campus City-Programm<\/a> .<\/p>\n<p>Wer also Lust auf ein spannende Geschichten, brandhei\u00dfe Forschung und regen Austausch hat, der schnappe sich <strong>noch bis zum 30. Oktober<\/strong> seine:n Mitbewohner:in, Oma, Opa oder wer sonst noch so in den Sinn kommt und dann <strong>viel Spa\u00df beim Entdecken von Neuem!<\/strong><\/p>\n","protected":false},"excerpt":{"rendered":"<p>Anl\u00e4sslich des 50. Geburtstag der Uni Bremen findet vom 16. &#8211; 30. Oktober 2021 die Veranstaltung \u201eCampus City\u201c auf ganz Bremen verteilt statt. Worum es sich dabei handelt und was es u.a. beim allerersten Bremer MindDay als Teil der Veranstaltung zu entdecken gab, erf\u00e4hrst Du in diesem Artikel.<\/p>\n","protected":false},"author":12514,"featured_media":17045,"comment_status":"open","ping_status":"open","sticky":false,"template":"","format":"standard","meta":{"_bbp_topic_count":0,"_bbp_reply_count":0,"_bbp_total_topic_count":0,"_bbp_total_reply_count":0,"_bbp_voice_count":0,"_bbp_anonymous_reply_count":0,"_bbp_topic_count_hidden":0,"_bbp_reply_count_hidden":0,"_bbp_forum_subforum_count":0,"footnotes":""},"categories":[10841,580333],"tags":[897943,897944,897941,897942,19148,63981],"class_list":["post-17042","post","type-post","status-publish","format-standard","has-post-thumbnail","hentry","category-campus-aktuell","category-studileben","tag-50-geburtstag","tag-bremer-city","tag-campus-city","tag-mindday","tag-vortrage","tag-workshops"],"_links":{"self":[{"href":"https:\/\/blogs.uni-bremen.de\/eule\/wp-json\/wp\/v2\/posts\/17042","targetHints":{"allow":["GET"]}}],"collection":[{"href":"https:\/\/blogs.uni-bremen.de\/eule\/wp-json\/wp\/v2\/posts"}],"about":[{"href":"https:\/\/blogs.uni-bremen.de\/eule\/wp-json\/wp\/v2\/types\/post"}],"author":[{"embeddable":true,"href":"https:\/\/blogs.uni-bremen.de\/eule\/wp-json\/wp\/v2\/users\/12514"}],"replies":[{"embeddable":true,"href":"https:\/\/blogs.uni-bremen.de\/eule\/wp-json\/wp\/v2\/comments?post=17042"}],"version-history":[{"count":2,"href":"https:\/\/blogs.uni-bremen.de\/eule\/wp-json\/wp\/v2\/posts\/17042\/revisions"}],"predecessor-version":[{"id":17920,"href":"https:\/\/blogs.uni-bremen.de\/eule\/wp-json\/wp\/v2\/posts\/17042\/revisions\/17920"}],"wp:featuredmedia":[{"embeddable":true,"href":"https:\/\/blogs.uni-bremen.de\/eule\/wp-json\/wp\/v2\/media\/17045"}],"wp:attachment":[{"href":"https:\/\/blogs.uni-bremen.de\/eule\/wp-json\/wp\/v2\/media?parent=17042"}],"wp:term":[{"taxonomy":"category","embeddable":true,"href":"https:\/\/blogs.uni-bremen.de\/eule\/wp-json\/wp\/v2\/categories?post=17042"},{"taxonomy":"post_tag","embeddable":true,"href":"https:\/\/blogs.uni-bremen.de\/eule\/wp-json\/wp\/v2\/tags?post=17042"}],"curies":[{"name":"wp","href":"https:\/\/api.w.org\/{rel}","templated":true}]}}