{"id":16100,"date":"2021-05-27T15:14:01","date_gmt":"2021-05-27T13:14:01","guid":{"rendered":"https:\/\/blogs.uni-bremen.de\/eule\/?p=16100"},"modified":"2021-05-27T15:14:01","modified_gmt":"2021-05-27T13:14:01","slug":"open-campus-3","status":"publish","type":"post","link":"https:\/\/blogs.uni-bremen.de\/eule\/2021\/05\/27\/open-campus-3\/","title":{"rendered":"Open Campus"},"content":{"rendered":"<p>Open Campus in Corona Zeiten<\/p>\n<p>&nbsp;<\/p>\n<p><strong>Was ist der Open Campus \u00fcberhaupt?<\/strong><\/p>\n<p>Alle 2 Jahre veranstaltet die Uni Bremen f\u00fcr Interessierte den sogenannten Open Campus.<\/p>\n<p>Das bedeutet, dass die Uni sich in dieser Zeit mit all Ihren Angeboten und M\u00f6glichkeiten der \u00d6ffentlichkeit vorstellt. Das Ganze wird von einem Veranstaltungsprogramm umrahmt und ist jedes Mal ein echtes Highlight f\u00fcr alle Beteiligten.<\/p>\n<p>&nbsp;<\/p>\n<p><strong>Wie sehen die Angebote aus?<\/strong><\/p>\n<p>Die Angebote w\u00e4hrend des Open Campus sind wirklich vielf\u00e4ltig!<\/p>\n<p>Von Poetry Slams, Wissenschaftsshows, Vortr\u00e4gen, Institutsf\u00fchrungen und einem spannenden B\u00fchnenprogramm. Am Abend findet dann die gro\u00dfe Open-Air-Party statt, die 2019 von der S\u00e4ngerin Namika und dem Co-Act Megaloh begleitet wurde.<\/p>\n<p>&nbsp;<\/p>\n<p><strong>Wie wird das Ganze in Corona-Zeiten ablaufen?<\/strong><\/p>\n<p>Dieses Jahr ist die Open Campus Week in vielfacher Hinsicht etwas ganz besonderes. Denn aufgrund von Corona wird sie das erste Mal digital stattfinden. Zudem steht sie unter dem Motto &#8222;Welten \u00f6ffnen &#8211; Wissen teilen&#8220;. Das bedeutet, dass Fachbereiche, Institute und Einrichtungen f\u00fcnf Tage lang ihre Tore \u00f6ffnen und Einblick in ihre Arbeit gew\u00e4hren. Zudem ist eine weitere Besonderheit, dass die Inhalte der Open Campus Week bis Ende des Jahres verf\u00fcgbar bleiben. Das bedeutet, dass wenn du es in der Woche nicht schaffen solltest, an den Inhalten, Vortr\u00e4gen und Formaten teilzunehmen, sie f\u00fcr Dich sp\u00e4ter zur Verf\u00fcgung stehen.<\/p>\n<p>Veranstaltet wird der Open Campus in der Zeit vom 07. \u2013 11. Juni.<\/p>\n<p>&nbsp;<\/p>\n<p>N\u00e4chste Woche zeigen wir dir, was f\u00fcr Veranstaltungen und Programme bei dem Open Campus stattfinden. Schaue also gerne wieder vorbei.<\/p>\n<p>&nbsp;<\/p>\n<p>&nbsp;<\/p>\n","protected":false},"excerpt":{"rendered":"<p>Alle 2 Jahre veranstaltet die Uni Bremen f\u00fcr Interessierte den sogenannten Open Campus.<\/p>\n<p>Das bedeutet, dass die Uni sich in dieser Zeit mit all Ihren Angeboten und M\u00f6glichkeiten der \u00d6ffentlichkeit vorstellt. Das Ganze wird von einem Veranstaltungsprogramm umrahmt und ist jedes Mal ein echtes Highlight f\u00fcr alle Beteiligten.<\/p>\n","protected":false},"author":6629,"featured_media":16101,"comment_status":"open","ping_status":"open","sticky":false,"template":"","format":"standard","meta":{"_bbp_topic_count":0,"_bbp_reply_count":0,"_bbp_total_topic_count":0,"_bbp_total_reply_count":0,"_bbp_voice_count":0,"_bbp_anonymous_reply_count":0,"_bbp_topic_count_hidden":0,"_bbp_reply_count_hidden":0,"_bbp_forum_subforum_count":0,"footnotes":""},"categories":[10841],"tags":[820426,30886,820427,287,15721],"class_list":["post-16100","post","type-post","status-publish","format-standard","has-post-thumbnail","hentry","category-campus-aktuell","tag-instiute","tag-open-campus","tag-studieninteressenten","tag-uni-bremen","tag-veranstaltungen"],"_links":{"self":[{"href":"https:\/\/blogs.uni-bremen.de\/eule\/wp-json\/wp\/v2\/posts\/16100","targetHints":{"allow":["GET"]}}],"collection":[{"href":"https:\/\/blogs.uni-bremen.de\/eule\/wp-json\/wp\/v2\/posts"}],"about":[{"href":"https:\/\/blogs.uni-bremen.de\/eule\/wp-json\/wp\/v2\/types\/post"}],"author":[{"embeddable":true,"href":"https:\/\/blogs.uni-bremen.de\/eule\/wp-json\/wp\/v2\/users\/6629"}],"replies":[{"embeddable":true,"href":"https:\/\/blogs.uni-bremen.de\/eule\/wp-json\/wp\/v2\/comments?post=16100"}],"version-history":[{"count":2,"href":"https:\/\/blogs.uni-bremen.de\/eule\/wp-json\/wp\/v2\/posts\/16100\/revisions"}],"predecessor-version":[{"id":16103,"href":"https:\/\/blogs.uni-bremen.de\/eule\/wp-json\/wp\/v2\/posts\/16100\/revisions\/16103"}],"wp:featuredmedia":[{"embeddable":true,"href":"https:\/\/blogs.uni-bremen.de\/eule\/wp-json\/wp\/v2\/media\/16101"}],"wp:attachment":[{"href":"https:\/\/blogs.uni-bremen.de\/eule\/wp-json\/wp\/v2\/media?parent=16100"}],"wp:term":[{"taxonomy":"category","embeddable":true,"href":"https:\/\/blogs.uni-bremen.de\/eule\/wp-json\/wp\/v2\/categories?post=16100"},{"taxonomy":"post_tag","embeddable":true,"href":"https:\/\/blogs.uni-bremen.de\/eule\/wp-json\/wp\/v2\/tags?post=16100"}],"curies":[{"name":"wp","href":"https:\/\/api.w.org\/{rel}","templated":true}]}}