{"id":16059,"date":"2021-05-13T10:08:15","date_gmt":"2021-05-13T08:08:15","guid":{"rendered":"https:\/\/blogs.uni-bremen.de\/eule\/?p=16059"},"modified":"2021-10-08T13:06:58","modified_gmt":"2021-10-08T11:06:58","slug":"orientierung-gesucht-auf-zur-digitalen-praxisboerse","status":"publish","type":"post","link":"https:\/\/blogs.uni-bremen.de\/eule\/2021\/05\/13\/orientierung-gesucht-auf-zur-digitalen-praxisboerse\/","title":{"rendered":"Orientierung gesucht? Auf zur digitalen Praxisb\u00f6rse!"},"content":{"rendered":"<p><span style=\"font-family: Calibri, sans-serif\"><span style=\"font-size: medium\">Mitten im dritten digitalen Studiensemester, ist es f\u00fcr mich \u2013 und vermutlich sehr viele von euch \u2013 kaum denkbar, von der momentan reinen Theorie eines Tages wieder in die Welt der Praxis einzutauchen. Gl\u00fccklicherweise k\u00f6nnte dies sich eventuell in den n\u00e4chsten Wochen verbessern, schaut man auf die endlich wieder sinkenden Infektionszahlen in Bremen. Es ist Licht am Ende des Tunnels!<\/span><\/span><\/p>\n<p align=\"justify\"><span style=\"font-family: Calibri, sans-serif\"><span style=\"font-size: medium\">Nat\u00fcrlich ger\u00e4t man nach so langer Zeit des Homestudyings etwas aus der \u00dcbung, was Bewerbungen bei potenziellen Arbeitgebern oder professionelle Gespr\u00e4che mit diesen angeht. Daher bietet die Praxisb\u00f6rse der Uni Bremen dieses Jahr wieder eine geeignete Plattform, um sich diesen Themen in verschiedenen Coachings, Workshops und Vortr\u00e4gen zu widmen. Normalerweise f\u00e4nde diese B\u00f6rse als gro\u00dfes Event im GW2 statt. Hierbei konnten sich bisher (und vielleicht ja auch wieder im n\u00e4chsten Jahr) Arbeitgeber \u00fcber verschiedene Infost\u00e4nde pr\u00e4sentieren, sodass Studierende erste Eindr\u00fccke gewinnen und ggf. bereits Kontakte kn\u00fcpfen konnten. Letztes Jahr musste die B\u00f6rse leider wegen der Pandemie abgesagt werden \u2013 doch dieses Jahr sind wir alle digital weitaus versierter und daher ist so eine digitale B\u00f6rse auch rein virtuell umsetzbar.<\/span><\/span><\/p>\n<p align=\"justify\"><span style=\"font-family: Calibri, sans-serif\"><span style=\"font-size: medium\">Die digitale Praxisb\u00f6rse soll am 19.05.2021 im Zeitraum von 9-16 Uhr stattfinden und teilt sich zum einen in \u00f6ffentlich zug\u00e4ngliche Veranstaltungen und zum anderen in solche, bei denen eine Anmeldung vorher erforderlich ist, da es sich hierbei um Einzelgespr\u00e4che handelt. Beispiele f\u00fcr Veranstaltungen, bei denen um vorherige Anmeldung bis zum 17.05.2021 gebeten wird, w\u00e4ren der \u201eBewerbungsmappen-Check\u201c oder auch ein Coaching in \u201eKarriere- und Bewerbungsberatung\u201c. Kurzfristig entschlossene k\u00f6nnten beispielsweise beim Workshop \u201eDas souver\u00e4ne Bewerbungsgespr\u00e4ch \u2013 Tipps und Tricks f\u00fcr den optimalen Berufseinstieg\u201c f\u00fcndig werden. <\/span><\/span><\/p>\n<p align=\"justify\"><span style=\"font-family: Calibri, sans-serif\"><span style=\"font-size: medium\">Das Angebot richtet sich an alle Studierenden; zum Teil gibt es aber auch Veranstaltungen, die als besonders interessant f\u00fcr bestimmte Fachrichtungen wie zum Beispiel Informatik, Wirtschaftswissenschaften oder Chemie ausgewiesen sind. <\/span><\/span><\/p>\n<p align=\"justify\"><strong><span style=\"font-family: Calibri, sans-serif\"><span style=\"font-size: medium\">Einen \u00dcberblick der Veranstaltung erhaltet ihr hier: <a href=\"https:\/\/www.uni-bremen.de\/praxisboerse\/praxisboerse-digital?no_cache=1\">Digitale Praxisb\u00f6rse<\/a><\/span><\/span><\/strong><\/p>\n<p align=\"justify\"><strong><span style=\"font-family: Calibri, sans-serif\"><span style=\"font-size: medium\">Mehr Infos zum Programm sowie einige Zoom-Links sind hier zu finden: <a href=\"https:\/\/www.uni-bremen.de\/fileadmin\/user_upload\/sites\/praxisboerse\/Praxisboerse_2021\/Flyer\/praxisboerse-digital-Flyer.pdf\">Flyer<\/a><\/span><\/span><\/strong><\/p>\n<p align=\"justify\"><strong><span style=\"font-family: Calibri, sans-serif\"><span style=\"font-size: medium\">Anmelden k\u00f6nnt ihr euch \u00fcber diesen Link:\u00a0<a href=\"https:\/\/www.uni-bremen.de\/praxisboerse\/informationen-fuer-aussteller-2021\/anmeldung-fuer-die-praxisboerse\">Anmeldung<\/a><\/span><\/span><\/strong><\/p>\n<p align=\"justify\"><span style=\"font-family: Calibri, sans-serif\"><span style=\"font-size: medium\">Bildmaterial und Informationen stammen von der Website der Uni Bremen.<\/span><\/span><\/p>\n","protected":false},"excerpt":{"rendered":"<p>Ihr wollt Bewerbungs-Skills trotz Pandemie aufbauen, erhalten oder verbessern? Ihr m\u00f6chtet eure F\u00fchler in potenzielle Berufswelten ausstrecken? Die digitale Praxisb\u00f6rse der Uni Bremen erm\u00f6glicht euch das kommende Woche &#8211; bequem von Zuhause aus. <\/p>\n","protected":false},"author":12514,"featured_media":16350,"comment_status":"open","ping_status":"open","sticky":false,"template":"","format":"standard","meta":{"_bbp_topic_count":0,"_bbp_reply_count":0,"_bbp_total_topic_count":0,"_bbp_total_reply_count":0,"_bbp_voice_count":0,"_bbp_anonymous_reply_count":0,"_bbp_topic_count_hidden":0,"_bbp_reply_count_hidden":0,"_bbp_forum_subforum_count":0,"footnotes":""},"categories":[10841],"tags":[820409,820410,15731,672810,820281,15695,63981],"class_list":["post-16059","post","type-post","status-publish","format-standard","has-post-thumbnail","hentry","category-campus-aktuell","tag-berufseinstieg","tag-berufsorientierung","tag-bewerbungen","tag-coaching","tag-digitales-semester","tag-praxisboerse","tag-workshops"],"_links":{"self":[{"href":"https:\/\/blogs.uni-bremen.de\/eule\/wp-json\/wp\/v2\/posts\/16059","targetHints":{"allow":["GET"]}}],"collection":[{"href":"https:\/\/blogs.uni-bremen.de\/eule\/wp-json\/wp\/v2\/posts"}],"about":[{"href":"https:\/\/blogs.uni-bremen.de\/eule\/wp-json\/wp\/v2\/types\/post"}],"author":[{"embeddable":true,"href":"https:\/\/blogs.uni-bremen.de\/eule\/wp-json\/wp\/v2\/users\/12514"}],"replies":[{"embeddable":true,"href":"https:\/\/blogs.uni-bremen.de\/eule\/wp-json\/wp\/v2\/comments?post=16059"}],"version-history":[{"count":5,"href":"https:\/\/blogs.uni-bremen.de\/eule\/wp-json\/wp\/v2\/posts\/16059\/revisions"}],"predecessor-version":[{"id":17024,"href":"https:\/\/blogs.uni-bremen.de\/eule\/wp-json\/wp\/v2\/posts\/16059\/revisions\/17024"}],"wp:featuredmedia":[{"embeddable":true,"href":"https:\/\/blogs.uni-bremen.de\/eule\/wp-json\/wp\/v2\/media\/16350"}],"wp:attachment":[{"href":"https:\/\/blogs.uni-bremen.de\/eule\/wp-json\/wp\/v2\/media?parent=16059"}],"wp:term":[{"taxonomy":"category","embeddable":true,"href":"https:\/\/blogs.uni-bremen.de\/eule\/wp-json\/wp\/v2\/categories?post=16059"},{"taxonomy":"post_tag","embeddable":true,"href":"https:\/\/blogs.uni-bremen.de\/eule\/wp-json\/wp\/v2\/tags?post=16059"}],"curies":[{"name":"wp","href":"https:\/\/api.w.org\/{rel}","templated":true}]}}