{"id":15961,"date":"2021-04-12T13:41:10","date_gmt":"2021-04-12T11:41:10","guid":{"rendered":"https:\/\/blogs.uni-bremen.de\/eule\/?p=15961"},"modified":"2021-04-12T13:41:10","modified_gmt":"2021-04-12T11:41:10","slug":"moin-sommersemester","status":"publish","type":"post","link":"https:\/\/blogs.uni-bremen.de\/eule\/2021\/04\/12\/moin-sommersemester\/","title":{"rendered":"Moin Sommersemester"},"content":{"rendered":"<p>Herzlich Willkommen zur\u00fcck, liebe Studi\u00b4s der Uni Bremen.<\/p>\n<p>Mittlerweile ist nicht nur der Fr\u00fchling eingekehrt und die ersten Sonnenstrahlen haben sich bemerkbar gemacht, sondern auch das Sommersemester 2021 steht in den Startl\u00f6chern.<\/p>\n<p>Wir waren in den Semesterferien flei\u00dfig und haben f\u00fcr euch neue Projekte geplant und Interviews gef\u00fchrt, um euch bestm\u00f6glich \u00fcber das Geschehen am und um den Campus herum, zu informieren.<\/p>\n<p>Damit Euch unsere Themen noch besser gefallen, haben wir in den Semesterferien eine Umfrage gestartet und wollten von euch wissen, \u00fcber was wir in Zukunft mehr berichten soll.<\/p>\n<h3><span style=\"color: #000080\">Dies ist Eure Top 5:<\/span><\/h3>\n<hr \/>\n<ol>\n<li><span style=\"color: #008080\"><strong>Uni Bremen und Corona<\/strong><\/span><\/li>\n<li><span style=\"color: #008080\"><strong>Kommilitonen kennenlernen im digitalen Semester<\/strong><\/span><\/li>\n<li><span style=\"color: #008080\"><strong>Studium und Arbeiten<\/strong><\/span><\/li>\n<li><span style=\"color: #008080\"><strong>G\u00fcnstige Einrichtungsideen f\u00fcr das WG-Zimmer<\/strong><\/span><\/li>\n<li><span style=\"color: #008080\"><strong>Masterstudium: ja oder nein<\/strong><\/span><\/li>\n<\/ol>\n<hr \/>\n<p>Vielen Dank an alle f\u00fcr Eure Teilnahme an der Umfrage. Wir freuen uns immer sehr \u00fcber Eurer Feedback, denn schlie\u00dflich wollen wir f\u00fcr Euch die Campus Eule so passend wie m\u00f6glich gestalten. Ihr k\u00f6nnte also sicher sein, dass Ihr die Top 5 Eurer Themenw\u00fcnsche in diesem Semester auf unserer Website finden werdet. Wenn auch Du Ideen oder W\u00fcnsche hast, besuche uns gerne auf <strong>Instagram @campus.eule<\/strong> und teile uns Deinen Vorschlag mit.<\/p>\n","protected":false},"excerpt":{"rendered":"<p>Herzlich Willkommen zur\u00fcck, liebe Studi\u00b4s der Uni Bremen.<\/p>\n<p>Mittlerweile ist nicht nur der Fr\u00fchling eingekehrt und die ersten Sonnenstrahlen haben sich bemerkbar gemacht, sondern auch das Sommersemester 2021 steht in den Startl\u00f6chern.<\/p>\n<p>Wir waren in den Semesterferien flei\u00dfig und haben f\u00fcr euch neue Projekte geplant und Interviews gef\u00fchrt, um euch bestm\u00f6glich \u00fcber das Geschehen am und um den Campus herum, zu informieren.<\/p>\n","protected":false},"author":6629,"featured_media":15967,"comment_status":"open","ping_status":"open","sticky":false,"template":"","format":"standard","meta":{"_bbp_topic_count":0,"_bbp_reply_count":0,"_bbp_total_topic_count":0,"_bbp_total_reply_count":0,"_bbp_voice_count":0,"_bbp_anonymous_reply_count":0,"_bbp_topic_count_hidden":0,"_bbp_reply_count_hidden":0,"_bbp_forum_subforum_count":0,"footnotes":""},"categories":[10841],"tags":[704242,720169,13859,13807,287],"class_list":["post-15961","post","type-post","status-publish","format-standard","has-post-thumbnail","hentry","category-campus-aktuell","tag-corona","tag-instagram","tag-sommersemester","tag-umfrage","tag-uni-bremen"],"_links":{"self":[{"href":"https:\/\/blogs.uni-bremen.de\/eule\/wp-json\/wp\/v2\/posts\/15961","targetHints":{"allow":["GET"]}}],"collection":[{"href":"https:\/\/blogs.uni-bremen.de\/eule\/wp-json\/wp\/v2\/posts"}],"about":[{"href":"https:\/\/blogs.uni-bremen.de\/eule\/wp-json\/wp\/v2\/types\/post"}],"author":[{"embeddable":true,"href":"https:\/\/blogs.uni-bremen.de\/eule\/wp-json\/wp\/v2\/users\/6629"}],"replies":[{"embeddable":true,"href":"https:\/\/blogs.uni-bremen.de\/eule\/wp-json\/wp\/v2\/comments?post=15961"}],"version-history":[{"count":6,"href":"https:\/\/blogs.uni-bremen.de\/eule\/wp-json\/wp\/v2\/posts\/15961\/revisions"}],"predecessor-version":[{"id":15969,"href":"https:\/\/blogs.uni-bremen.de\/eule\/wp-json\/wp\/v2\/posts\/15961\/revisions\/15969"}],"wp:featuredmedia":[{"embeddable":true,"href":"https:\/\/blogs.uni-bremen.de\/eule\/wp-json\/wp\/v2\/media\/15967"}],"wp:attachment":[{"href":"https:\/\/blogs.uni-bremen.de\/eule\/wp-json\/wp\/v2\/media?parent=15961"}],"wp:term":[{"taxonomy":"category","embeddable":true,"href":"https:\/\/blogs.uni-bremen.de\/eule\/wp-json\/wp\/v2\/categories?post=15961"},{"taxonomy":"post_tag","embeddable":true,"href":"https:\/\/blogs.uni-bremen.de\/eule\/wp-json\/wp\/v2\/tags?post=15961"}],"curies":[{"name":"wp","href":"https:\/\/api.w.org\/{rel}","templated":true}]}}