{"id":15567,"date":"2020-12-04T15:13:25","date_gmt":"2020-12-04T14:13:25","guid":{"rendered":"https:\/\/blogs.uni-bremen.de\/eule\/?p=15567"},"modified":"2020-12-24T01:07:35","modified_gmt":"2020-12-24T00:07:35","slug":"cinewalk-bremen-audiovisueller-spaziergang","status":"publish","type":"post","link":"https:\/\/blogs.uni-bremen.de\/eule\/2020\/12\/04\/cinewalk-bremen-audiovisueller-spaziergang\/","title":{"rendered":"Cinewalk Bremen &#8211; audiovisueller Spaziergang"},"content":{"rendered":"<p style=\"text-align: justify\"><em>5 (H\u00f6r-)Stationen \u2013 1 Ziel: Krankheiten im Film kuratieren und dar\u00fcber hinaus auf psychische Erkrankungen aufmerksam machen, sensibilisieren, sowie Hilfestellungen und Denkanst\u00f6\u00dfe bieten.<\/em><\/p>\n<p style=\"text-align: justify\">Was auf den ersten Blick etwas abstrakt klingen mag, wird mit dem Beginn des audiovisuellen Spazierganges schnell deutlich. Durch die App \u201eActionbound\u201c (kostenfrei) erhalten Spazierende Zugang zu den erforderlichen Podcasts des \u201eCinewalk Bremen\u201c, die den Weg begleiten. Von der Weserburg bis zur BUND Kinderwildnis am Caf\u00e9 Sand befinden sich f\u00fcnf Stationen, erkennbar durch t\u00fcrkise St\u00fchle und Installationen. Hierbei sind die Stationen voneinander unabh\u00e4ngig, sodass du deinen interaktiven Spaziergang selbst in der Abfolge bestimmen kannst. Dort angekommen, erwarten dich H\u00f6rbeitr\u00e4ge mit spannenden Informationen und Aufgaben zu den Feldern Filmmusik, K\u00fcnstliche Intelligenz, Daumenkino, Sky Space und Urban Gardening. Und auch zwischen den Stationen erh\u00e4ltst du Filmtipps und Anregungen um einmal kurz (oder auch l\u00e4nger) \u00fcber psychische Erkrankungen nachzudenken und dich selbst zu reflektieren. M\u00f6chtest\/Kannst du die App nicht verwenden, gibt es vor Ort die Papieralternative, sowie G\u00e4steb\u00fccher.<\/p>\n<p style=\"text-align: justify\">Der \u201eCinewalk Bremen\u201c war jedoch als solches vorher nicht geplant. Das Projektseminar \u201eKrankheit im Film\u201c des Studienganges Kunst-Medien-\u00c4sthetische Bildung, geleitet durch den Lektor Tobias Dietrich, plante urspr\u00fcnglich eine Filmreihe zum Thema \u201eFilm und psychische Erkrankungen\u201c. Diese sollte in Kooperation mit dem \u201eCity 46\u201c f\u00fcr die Aktionswoche der seelischen Gesundheit im Oktober 2020 stattfinden. Aufgrund der aktuellen Lage und Bestimmungen war mit Beginn des Projektes der Verlauf der Pandemie nicht abzusehen. Gl\u00fcck im Ungl\u00fcck, wie ich finde. Denn so entstand ein neues Konzept durch die Studierenden &#8211; Corona gerecht, f\u00fcr alle zug\u00e4nglich und interaktiv!<br \/>\nPlus: Gerade die Isolation bzw. der reduzierte Menschenkontakt, welche die Bestimmungen mit sich bringen, kann einen schnell das Gef\u00fchl der Einsamkeit versp\u00fcren lassen. Die dunklen, kurzen und oft grauen Tage sind hierbei ebenso wenig f\u00f6rderlich f\u00fcr die Stimmung und den Wunsch das Haus zu verlassen, dabei ist Bewegung bekanntlich das beste Mittel gegen schlechte Laune.<\/p>\n<p style=\"text-align: justify\">F\u00fcr mich war dieser Spaziergang eine willkommene Abwechslung zu dem aktuell doch eher geringem Unternehmungs-\/Ablenkungsprogramm in Bremen. Au\u00dferdem war es nicht nur ein Grund f\u00fcr mich das Haus zu verlassen. Ich spazierte in einer Gegend Bremens, in der ich zu selten bin. Von hier ergibt sich\u00a0 ein anderer Blick auf die Weser, die Schlachte und damit auf Bremen.<\/p>\n<p style=\"text-align: justify\">Durch Corona haben sich nicht nur allgemeine Lebensumst\u00e4nde, Arbeitswelt, Privatleben und Wirtschaft ver\u00e4ndert, sondern vor allem die psychische Belastung. Wie stark, das l\u00e4sst sich aktuell noch nicht einsch\u00e4tzen. Doch wenn du jetzt einmal kurz in dich gehst und dich selbst fragst, wie es dir vor einem Jahr ging, wie lautet deine Antwort? Schlimmer ist dies jedoch f\u00fcr Personen, die bereits vor der Ausnahmesituation unter starken Belastungen oder auch Erkrankungen litten. Die Kontaktreduzierung und Isolation kann, wie erw\u00e4hnt, die Einsamkeit f\u00f6rdern, aber auch depressive Gef\u00fchle bis hin zur Depression. Der interaktive Spaziergang wurde daher nicht nur in seinem Ausstellungsformat an die Pandemie angepasst, sondern auch in der Thematik und hat u.a. den Fokus auf Depressionen.<\/p>\n<p style=\"text-align: justify\">Wer also in n\u00e4chster Zeit wie ich einen Grund sucht an die Luft zu kommen und dabei etwas neues entdecken m\u00f6chte, dem\/der sei dieser Spaziergang ans Herz gelegt. Doch wie so oft, sind leider bereits ein paar Gegenst\u00e4nde gestohlen worden. Mit dem begleiteten Podcast ist es aber weiterhin ein Ausflug wert.<\/p>\n<p style=\"text-align: justify\">Also Kopfh\u00f6rer rein \u2013 Welt aus!<\/p>\n<p style=\"text-align: justify\"><strong>Links:<\/strong><\/p>\n<p style=\"text-align: justify\"><a href=\"https:\/\/m.facebook.com\/Cinewalk-103120268187457\">m.facebook.com\/Cinewalk-103120268187457<\/a><\/p>\n<p style=\"text-align: justify\"><a href=\"https:\/\/www.instagram.com\/cinewalk.bremen\">www.instagram.com\/cinewalk.bremen<\/a><\/p>\n<p style=\"text-align: justify\">\n","protected":false},"excerpt":{"rendered":"<p>F\u00fcr alle die nicht nur einen Grund suchen mal wieder das Haus zu verlassen, sondern etwas neues entdecken wollen: der audiovisuelle und interaktive Spaziergang &#8222;Cinewalk Bremen&#8220; auf dem Stadtwerder, konzipiert und umgesetzt von Studierenden des Fachs Kunst-Medien-\u00c4sthetische Bildung. <\/p>\n","protected":false},"author":10956,"featured_media":15706,"comment_status":"open","ping_status":"open","sticky":false,"template":"","format":"standard","meta":{"_bbp_topic_count":0,"_bbp_reply_count":0,"_bbp_total_topic_count":0,"_bbp_total_reply_count":0,"_bbp_voice_count":0,"_bbp_anonymous_reply_count":0,"_bbp_topic_count_hidden":0,"_bbp_reply_count_hidden":0,"_bbp_forum_subforum_count":0,"footnotes":""},"categories":[10841,580333],"tags":[704165,13883,820216,704242,512701,820165,820215,730974,820169,26058],"class_list":["post-15567","post","type-post","status-publish","format-standard","has-post-thumbnail","hentry","category-campus-aktuell","category-studileben","tag-704165","tag-ausstellung","tag-cinewalk","tag-corona","tag-kunst-medien-aesthetische-bildung","tag-mental-health","tag-projektseminar","tag-psychische-gesundheit","tag-spaziergang","tag-wintersemester"],"_links":{"self":[{"href":"https:\/\/blogs.uni-bremen.de\/eule\/wp-json\/wp\/v2\/posts\/15567","targetHints":{"allow":["GET"]}}],"collection":[{"href":"https:\/\/blogs.uni-bremen.de\/eule\/wp-json\/wp\/v2\/posts"}],"about":[{"href":"https:\/\/blogs.uni-bremen.de\/eule\/wp-json\/wp\/v2\/types\/post"}],"author":[{"embeddable":true,"href":"https:\/\/blogs.uni-bremen.de\/eule\/wp-json\/wp\/v2\/users\/10956"}],"replies":[{"embeddable":true,"href":"https:\/\/blogs.uni-bremen.de\/eule\/wp-json\/wp\/v2\/comments?post=15567"}],"version-history":[{"count":8,"href":"https:\/\/blogs.uni-bremen.de\/eule\/wp-json\/wp\/v2\/posts\/15567\/revisions"}],"predecessor-version":[{"id":15575,"href":"https:\/\/blogs.uni-bremen.de\/eule\/wp-json\/wp\/v2\/posts\/15567\/revisions\/15575"}],"wp:featuredmedia":[{"embeddable":true,"href":"https:\/\/blogs.uni-bremen.de\/eule\/wp-json\/wp\/v2\/media\/15706"}],"wp:attachment":[{"href":"https:\/\/blogs.uni-bremen.de\/eule\/wp-json\/wp\/v2\/media?parent=15567"}],"wp:term":[{"taxonomy":"category","embeddable":true,"href":"https:\/\/blogs.uni-bremen.de\/eule\/wp-json\/wp\/v2\/categories?post=15567"},{"taxonomy":"post_tag","embeddable":true,"href":"https:\/\/blogs.uni-bremen.de\/eule\/wp-json\/wp\/v2\/tags?post=15567"}],"curies":[{"name":"wp","href":"https:\/\/api.w.org\/{rel}","templated":true}]}}