{"id":15411,"date":"2020-11-10T17:17:44","date_gmt":"2020-11-10T16:17:44","guid":{"rendered":"https:\/\/blogs.uni-bremen.de\/eule\/?p=15411"},"modified":"2020-11-10T17:29:29","modified_gmt":"2020-11-10T16:29:29","slug":"das-erste-abc-in-corona-zeiten","status":"publish","type":"post","link":"https:\/\/blogs.uni-bremen.de\/eule\/2020\/11\/10\/das-erste-abc-in-corona-zeiten\/","title":{"rendered":"Das Erste ABC in Corona Zeiten"},"content":{"rendered":"<p>Seit Anfang dieses Jahres hat der Corona Virus das gegenw\u00e4rtige, globale Geschehen komplett beeinflusst. Die Universit\u00e4t Bremen musste aufgrundessen bereits das Sommersemester digital gestalten. Das bedeutet, dass Seminare, Vorlesungen oder auch organisatorische Termine online gestaltet werden mussten, um den Reproduktionsfaktor so gering wie m\u00f6glich zu halten. Der bundesweite Lockdown ist mittlerweile zwar gelockert worden, doch gerade jetzt zu Beginn des neuen Winteresemesters steigen die Zahlen, der an Corona infizierten Personen, stark an.<\/p>\n<p>Das diesj\u00e4hrige Winteresemester 20\/21 wird aus diesem Grund als ein hybrides Semester gef\u00fchrt. Was das bedeutet, was f\u00fcr Umstellungen auf die Studienanf\u00e4nger\/-innen wartet und was die gr\u00f6\u00dften Ver\u00e4nderungen darstellen, werden wir Dir in diesem Artikel erkl\u00e4ren.<\/p>\n<p>&nbsp;<\/p>\n<p><img loading=\"lazy\" decoding=\"async\" class=\"size-medium wp-image-15417 alignright\" src=\"https:\/\/blogs.uni-bremen.de\/eule\/files\/csm_2020_04_09_Digitales_Sose_62b495e56c-300x225.jpg\" alt=\"\" width=\"300\" height=\"225\" srcset=\"https:\/\/blogs.uni-bremen.de\/eule\/files\/csm_2020_04_09_Digitales_Sose_62b495e56c-300x225.jpg 300w, https:\/\/blogs.uni-bremen.de\/eule\/files\/csm_2020_04_09_Digitales_Sose_62b495e56c-768x576.jpg 768w, https:\/\/blogs.uni-bremen.de\/eule\/files\/csm_2020_04_09_Digitales_Sose_62b495e56c-705x529.jpg 705w, https:\/\/blogs.uni-bremen.de\/eule\/files\/csm_2020_04_09_Digitales_Sose_62b495e56c.jpg 800w\" sizes=\"auto, (max-width: 300px) 100vw, 300px\" \/><\/p>\n<ol>\n<li><strong>Alle R\u00e4ume der Universit\u00e4t d\u00fcrfen nur mit einem Mund-Nasenschutz betreten werden<\/strong><\/li>\n<\/ol>\n<p>Wer die Universit\u00e4t selbst, R\u00e4ume, Flure und allgemeine Begegnungsst\u00e4tten betreten m\u00f6chte, muss einen Mund- und Nasenschutz tragen und das Abstandsgebot einhalten<\/p>\n<p>&nbsp;<\/p>\n<ol start=\"2\">\n<li><strong>Kontaktinformationen m\u00fcssen hinterlegt werden<\/strong><\/li>\n<\/ol>\n<p>Die Kontaktdaten m\u00fcssen ehrlich angegeben werden, damit das Gesundheitsamt im Fall der F\u00e4lle die Kontaktverfolgung einleiten kann. Das bedeutet ihr solltet immer euren Studienausweis bzw. Immatrikulationsbescheinigung mit euch f\u00fchren, denn auch die Matrikelnummer muss angegeben werden.<\/p>\n<p>&nbsp;<\/p>\n<ol start=\"3\">\n<li><strong>Rundg\u00e4nge an der Universit\u00e4t f\u00fcr maximal 10 Personen gleichzeitig<\/strong><\/li>\n<\/ol>\n<p>Nat\u00fcrlich m\u00fcssen die Studienanf\u00e4nger\/-innen die neue Uni kennenlernen. Daf\u00fcr werden Rundg\u00e4nge angeboten, dessen Anzahl allerdings auf 10 Leute begrenzt ist.<\/p>\n<p>&nbsp;<\/p>\n<p><img loading=\"lazy\" decoding=\"async\" class=\"size-medium wp-image-15419 alignleft\" src=\"https:\/\/blogs.uni-bremen.de\/eule\/files\/csm_Uni-Mensa_Corona_Copyright_Studierendenwerk_Bremen.jpg_02b9ec62b2-300x225.jpg\" alt=\"\" width=\"300\" height=\"225\" srcset=\"https:\/\/blogs.uni-bremen.de\/eule\/files\/csm_Uni-Mensa_Corona_Copyright_Studierendenwerk_Bremen.jpg_02b9ec62b2-300x225.jpg 300w, https:\/\/blogs.uni-bremen.de\/eule\/files\/csm_Uni-Mensa_Corona_Copyright_Studierendenwerk_Bremen.jpg_02b9ec62b2-768x576.jpg 768w, https:\/\/blogs.uni-bremen.de\/eule\/files\/csm_Uni-Mensa_Corona_Copyright_Studierendenwerk_Bremen.jpg_02b9ec62b2-705x529.jpg 705w, https:\/\/blogs.uni-bremen.de\/eule\/files\/csm_Uni-Mensa_Corona_Copyright_Studierendenwerk_Bremen.jpg_02b9ec62b2.jpg 800w\" sizes=\"auto, (max-width: 300px) 100vw, 300px\" \/><\/p>\n<ol start=\"4\">\n<li><strong>Ersti-Fr\u00fchst\u00fcck<\/strong><\/li>\n<\/ol>\n<p>Leider kann dieses Jahr aufgrund des Hygienekonzeptes kein Ersti-Fr\u00fchst\u00fcck stattfinden. Ihr k\u00f6nnt hier allerdings improvisieren. Macht euch ein tolles Essen zu Hause fertig und bringt es mit oder schaut in der Mensa\/Cafeteria vorbei.<\/p>\n<p>&nbsp;<\/p>\n<p>&nbsp;<\/p>\n<ol start=\"5\">\n<li><strong>Bereitstellung von Masken<\/strong><\/li>\n<\/ol>\n<p>F\u00fcr die O-Woche und auch zu den Vorkursen stellt die Uni Bremen f\u00fcr Erstsemesterstudierende wiederverwendbare Masken zur Verf\u00fcgung. Habt aber am Besten immer eure eigene Maske dabei, so geht ihr auf Nummer sicher f\u00fcr den Fall das der Vorrat mal ausgehen sollte.<\/p>\n<p>&nbsp;<\/p>\n<ol start=\"6\">\n<li><strong>Betreten der Uni und Seminare in Gruppen<\/strong><\/li>\n<\/ol>\n<p>Studierende die an der Uni Pr\u00e4senzveranstaltungen und Seminare wahrnehmen, werden in kleine Gruppen eingeteilt. Mit dieser Gruppe kannst du den Campus erkunden, die Seminare besuchen und dich austauschen. Auf diese Weise l\u00e4sst sich im Fall einer Infizierung der Personenkreis einschr\u00e4nken.<\/p>\n<p>&nbsp;<\/p>\n<ol start=\"7\">\n<li><strong>Hybrides Semester<\/strong><\/li>\n<\/ol>\n<p>Hybrides Semester bedeutet, dass es im Wintersemester 20\/21 zu einer Mischung aus Pr\u00e4senzveranstaltungen und Online-Lehre kommen wird. Das bedeutet, dass die Uni versucht, so viele Pr\u00e4senzveranstaltungen wie m\u00f6glich zu geben und so wenig Online-Kurse wie n\u00f6tig. Am besten erkundigst du dich bei deinem Fachbereich bzw. StuGA \u00fcber die geplanten Online- und Pr\u00e4senzformate.<\/p>\n","protected":false},"excerpt":{"rendered":"<p>Das diesj\u00e4hrige Winteresemester 20\/21 wird aus diesem Grund als ein hybrides Semester gef\u00fchrt. Was das bedeutet, was f\u00fcr Umstellungen auf die Studienanf\u00e4nger\/-innen wartet und was die gr\u00f6\u00dften Ver\u00e4nderungen darstellen, werden wir Dir in diesem Artikel erkl\u00e4ren.<\/p>\n","protected":false},"author":6629,"featured_media":15416,"comment_status":"open","ping_status":"open","sticky":false,"template":"","format":"standard","meta":{"_bbp_topic_count":0,"_bbp_reply_count":0,"_bbp_total_topic_count":0,"_bbp_total_reply_count":0,"_bbp_voice_count":0,"_bbp_anonymous_reply_count":0,"_bbp_topic_count_hidden":0,"_bbp_reply_count_hidden":0,"_bbp_forum_subforum_count":0,"footnotes":""},"categories":[10841],"tags":[704242,820162,240549,820164,18611,287],"class_list":["post-15411","post","type-post","status-publish","format-standard","has-post-thumbnail","hentry","category-campus-aktuell","tag-corona","tag-erste-abc","tag-erste-woche","tag-hygienekonzepz","tag-o-woche","tag-uni-bremen"],"_links":{"self":[{"href":"https:\/\/blogs.uni-bremen.de\/eule\/wp-json\/wp\/v2\/posts\/15411","targetHints":{"allow":["GET"]}}],"collection":[{"href":"https:\/\/blogs.uni-bremen.de\/eule\/wp-json\/wp\/v2\/posts"}],"about":[{"href":"https:\/\/blogs.uni-bremen.de\/eule\/wp-json\/wp\/v2\/types\/post"}],"author":[{"embeddable":true,"href":"https:\/\/blogs.uni-bremen.de\/eule\/wp-json\/wp\/v2\/users\/6629"}],"replies":[{"embeddable":true,"href":"https:\/\/blogs.uni-bremen.de\/eule\/wp-json\/wp\/v2\/comments?post=15411"}],"version-history":[{"count":4,"href":"https:\/\/blogs.uni-bremen.de\/eule\/wp-json\/wp\/v2\/posts\/15411\/revisions"}],"predecessor-version":[{"id":15415,"href":"https:\/\/blogs.uni-bremen.de\/eule\/wp-json\/wp\/v2\/posts\/15411\/revisions\/15415"}],"wp:featuredmedia":[{"embeddable":true,"href":"https:\/\/blogs.uni-bremen.de\/eule\/wp-json\/wp\/v2\/media\/15416"}],"wp:attachment":[{"href":"https:\/\/blogs.uni-bremen.de\/eule\/wp-json\/wp\/v2\/media?parent=15411"}],"wp:term":[{"taxonomy":"category","embeddable":true,"href":"https:\/\/blogs.uni-bremen.de\/eule\/wp-json\/wp\/v2\/categories?post=15411"},{"taxonomy":"post_tag","embeddable":true,"href":"https:\/\/blogs.uni-bremen.de\/eule\/wp-json\/wp\/v2\/tags?post=15411"}],"curies":[{"name":"wp","href":"https:\/\/api.w.org\/{rel}","templated":true}]}}