{"id":14941,"date":"2020-05-24T18:17:01","date_gmt":"2020-05-24T16:17:01","guid":{"rendered":"https:\/\/blogs.uni-bremen.de\/eule\/?p=14941"},"modified":"2020-07-06T13:22:11","modified_gmt":"2020-07-06T11:22:11","slug":"eindruecke-ins-bremer-leben-waehrend-der-corona-zeit","status":"publish","type":"post","link":"https:\/\/blogs.uni-bremen.de\/eule\/2020\/05\/24\/eindruecke-ins-bremer-leben-waehrend-der-corona-zeit\/","title":{"rendered":"Eindr\u00fccke in\u00b4s Bremer Leben w\u00e4hrend der Corona-Zeit"},"content":{"rendered":"<section  class='av_textblock_section av-kal8srjo-8eb3ab20ca0d260dd263eba2ae91762c '   itemscope=\"itemscope\" itemtype=\"https:\/\/schema.org\/BlogPosting\" itemprop=\"blogPost\" ><div class='avia_textblock'  itemprop=\"text\" ><p style=\"text-align: justify\">Um allen BremerInnen und Bremen-LiebhaberInnen ein kleines Update dar\u00fcber zu geben, wie sich das Leben in der Hansestadt w\u00e4hrend der Corona-Zeit momentan gestaltet, habe ich am Wochenende einige unserer geliebten Orte abgeklappert und f\u00fcr euch eine kleine Fotoserie erstellt! Daf\u00fcr war ich vor allem in und um das Viertel unterwegs. So langsam wirkt Bremen durch die gelockerten Richtlinien wieder deutlich belebter, so war zumindest mein Eindruck. Aber davon k\u00f6nnt ihr euch in den folgenden Fotos ja selbst ein Bild machen. Bleibt weiterhin gesund!<\/p>\n<\/div><\/section>\n\n<style type=\"text\/css\" data-created_by=\"avia_inline_auto\" id=\"style-css-av-hgjmv1-ca15248808bb0dc7055244daed7a141e\">\n.flex_column.av-hgjmv1-ca15248808bb0dc7055244daed7a141e{\nborder-radius:0px 0px 0px 0px;\npadding:0px 0px 0px 0px;\n}\n<\/style>\n<div  class='flex_column av-hgjmv1-ca15248808bb0dc7055244daed7a141e av_four_fifth  avia-builder-el-1  el_after_av_textblock  avia-builder-el-last  first flex_column_div av-zero-column-padding  column-top-margin'     ><div  class='avia-slideshow av-kal7e0v1-2ff2cc535e27c89deb762a6d231830bc avia-slideshow-no scaling av_slideshow avia-slide-slider  avia-builder-el-2  avia-builder-el-no-sibling  av-slideshow-ui av-control-default av-slideshow-manual av-loop-once av-loop-manual-endless av-default-height-applied avia-slideshow-1' data-slideshow-options=\"{&quot;animation&quot;:&quot;slide&quot;,&quot;autoplay&quot;:false,&quot;loop_autoplay&quot;:&quot;once&quot;,&quot;interval&quot;:5,&quot;loop_manual&quot;:&quot;manual-endless&quot;,&quot;autoplay_stopper&quot;:false,&quot;noNavigation&quot;:false,&quot;bg_slider&quot;:false,&quot;keep_padding&quot;:false,&quot;hoverpause&quot;:false,&quot;show_slide_delay&quot;:0}\"  itemprop=\"image\" itemscope=\"itemscope\" itemtype=\"https:\/\/schema.org\/ImageObject\" ><ul class='avia-slideshow-inner ' style='padding-bottom: 75%;'><li  class='avia-slideshow-slide av-kal7e0v1-2ff2cc535e27c89deb762a6d231830bc__0  slide-1 slide-odd'><div data-rel='slideshow-1' class='avia-slide-wrap '   ><div class='av-slideshow-caption av-kal7e0v1-2ff2cc535e27c89deb762a6d231830bc__0 avia-caption'><div class=\"avia-inner-caption\"><h2 class='avia-caption-title '  itemprop=\"name\" >Der Osterdeich<\/h2><div class='avia-caption-content '  itemprop=\"description\" ><p>Auch in Corona-Zeiten ist der Osterdeich bei sch\u00f6nem Wetter gut gef\u00fcllt.<\/p>\n<\/div><\/div><\/div><img decoding=\"async\" fetchpriority=\"high\" class=\"wp-image-14944 avia-img-lazy-loading-not-14944\"  src=\"https:\/\/blogs.uni-bremen.de\/eule\/files\/IMG_0128-1-scaled.jpg\" width=\"2560\" height=\"1920\" title='IMG_0128' alt=''  itemprop=\"thumbnailUrl\" srcset=\"https:\/\/blogs.uni-bremen.de\/eule\/files\/IMG_0128-1-scaled.jpg 2560w, https:\/\/blogs.uni-bremen.de\/eule\/files\/IMG_0128-1-300x225.jpg 300w, https:\/\/blogs.uni-bremen.de\/eule\/files\/IMG_0128-1-1030x773.jpg 1030w, https:\/\/blogs.uni-bremen.de\/eule\/files\/IMG_0128-1-768x576.jpg 768w, https:\/\/blogs.uni-bremen.de\/eule\/files\/IMG_0128-1-1536x1152.jpg 1536w, https:\/\/blogs.uni-bremen.de\/eule\/files\/IMG_0128-1-2048x1536.jpg 2048w, https:\/\/blogs.uni-bremen.de\/eule\/files\/IMG_0128-1-1500x1125.jpg 1500w, https:\/\/blogs.uni-bremen.de\/eule\/files\/IMG_0128-1-705x529.jpg 705w\" sizes=\"(max-width: 2560px) 100vw, 2560px\" \/><\/div><\/li><li  class='avia-slideshow-slide av-kal7e0v1-2ff2cc535e27c89deb762a6d231830bc__1  slide-2 slide-even'><div data-rel='slideshow-1' class='avia-slide-wrap '   ><div class='av-slideshow-caption av-kal7e0v1-2ff2cc535e27c89deb762a6d231830bc__1 avia-caption'><div class=\"avia-inner-caption\"><h2 class='avia-caption-title '  itemprop=\"name\" >Der Osterdeich 2.0<\/h2><div class='avia-caption-content '  itemprop=\"description\" ><p>Hier noch einmal vom Standpunkt der Weserterrassen: der gut besuchte Osterdeich.<\/p>\n<\/div><\/div><\/div><img decoding=\"async\" fetchpriority=\"high\" class=\"wp-image-14934 avia-img-lazy-loading-not-14934\"  src=\"https:\/\/blogs.uni-bremen.de\/eule\/files\/IMG_0124-scaled.jpg\" width=\"2560\" height=\"1920\" title='IMG_0124' alt=''  itemprop=\"thumbnailUrl\" srcset=\"https:\/\/blogs.uni-bremen.de\/eule\/files\/IMG_0124-scaled.jpg 2560w, https:\/\/blogs.uni-bremen.de\/eule\/files\/IMG_0124-300x225.jpg 300w, https:\/\/blogs.uni-bremen.de\/eule\/files\/IMG_0124-1030x773.jpg 1030w, https:\/\/blogs.uni-bremen.de\/eule\/files\/IMG_0124-768x576.jpg 768w, https:\/\/blogs.uni-bremen.de\/eule\/files\/IMG_0124-1536x1152.jpg 1536w, https:\/\/blogs.uni-bremen.de\/eule\/files\/IMG_0124-2048x1536.jpg 2048w, https:\/\/blogs.uni-bremen.de\/eule\/files\/IMG_0124-1500x1125.jpg 1500w, https:\/\/blogs.uni-bremen.de\/eule\/files\/IMG_0124-705x529.jpg 705w\" sizes=\"(max-width: 2560px) 100vw, 2560px\" \/><\/div><\/li><li  class='avia-slideshow-slide av-kal7e0v1-2ff2cc535e27c89deb762a6d231830bc__2  slide-3 slide-odd'><div data-rel='slideshow-1' class='avia-slide-wrap '   ><div class='av-slideshow-caption av-kal7e0v1-2ff2cc535e27c89deb762a6d231830bc__2 avia-caption'><div class=\"avia-inner-caption\"><h2 class='avia-caption-title '  itemprop=\"name\" >Das Bootshaus<\/h2><div class='avia-caption-content '  itemprop=\"description\" ><p>Am Bootshaus k\u00f6nnen Besucher nun auch wieder ihre Getr\u00e4nke an Biertischen genie\u00dfen.<\/p>\n<\/div><\/div><\/div><img decoding=\"async\" fetchpriority=\"high\" class=\"wp-image-14942 avia-img-lazy-loading-not-14942\"  src=\"https:\/\/blogs.uni-bremen.de\/eule\/files\/IMG_0116-1-scaled.jpg\" width=\"2560\" height=\"1920\" title='IMG_0116' alt=''  itemprop=\"thumbnailUrl\" srcset=\"https:\/\/blogs.uni-bremen.de\/eule\/files\/IMG_0116-1-scaled.jpg 2560w, https:\/\/blogs.uni-bremen.de\/eule\/files\/IMG_0116-1-300x225.jpg 300w, https:\/\/blogs.uni-bremen.de\/eule\/files\/IMG_0116-1-1030x773.jpg 1030w, https:\/\/blogs.uni-bremen.de\/eule\/files\/IMG_0116-1-768x576.jpg 768w, https:\/\/blogs.uni-bremen.de\/eule\/files\/IMG_0116-1-1536x1152.jpg 1536w, https:\/\/blogs.uni-bremen.de\/eule\/files\/IMG_0116-1-2048x1536.jpg 2048w, https:\/\/blogs.uni-bremen.de\/eule\/files\/IMG_0116-1-1500x1125.jpg 1500w, https:\/\/blogs.uni-bremen.de\/eule\/files\/IMG_0116-1-705x529.jpg 705w\" sizes=\"(max-width: 2560px) 100vw, 2560px\" \/><\/div><\/li><li  class='avia-slideshow-slide av-kal7e0v1-2ff2cc535e27c89deb762a6d231830bc__3  slide-4 slide-even'><div data-rel='slideshow-1' class='avia-slide-wrap '   ><div class='av-slideshow-caption av-kal7e0v1-2ff2cc535e27c89deb762a6d231830bc__3 avia-caption'><div class=\"avia-inner-caption\"><h2 class='avia-caption-title '  itemprop=\"name\" >Bootshaus - Terrasse<\/h2><div class='avia-caption-content '  itemprop=\"description\" ><p>Auch die Terrasse des Bootshauses hat nun wieder ge\u00f6ffnet.<\/p>\n<\/div><\/div><\/div><img decoding=\"async\" fetchpriority=\"high\" class=\"wp-image-14943 avia-img-lazy-loading-not-14943\"  src=\"https:\/\/blogs.uni-bremen.de\/eule\/files\/IMG_0117-2-scaled.jpg\" width=\"2560\" height=\"1920\" title='IMG_0117' alt=''  itemprop=\"thumbnailUrl\" srcset=\"https:\/\/blogs.uni-bremen.de\/eule\/files\/IMG_0117-2-scaled.jpg 2560w, https:\/\/blogs.uni-bremen.de\/eule\/files\/IMG_0117-2-300x225.jpg 300w, https:\/\/blogs.uni-bremen.de\/eule\/files\/IMG_0117-2-1030x773.jpg 1030w, https:\/\/blogs.uni-bremen.de\/eule\/files\/IMG_0117-2-768x576.jpg 768w, https:\/\/blogs.uni-bremen.de\/eule\/files\/IMG_0117-2-1536x1152.jpg 1536w, https:\/\/blogs.uni-bremen.de\/eule\/files\/IMG_0117-2-2048x1536.jpg 2048w, https:\/\/blogs.uni-bremen.de\/eule\/files\/IMG_0117-2-1500x1125.jpg 1500w, https:\/\/blogs.uni-bremen.de\/eule\/files\/IMG_0117-2-705x529.jpg 705w\" sizes=\"(max-width: 2560px) 100vw, 2560px\" \/><\/div><\/li><li  class='avia-slideshow-slide av-kal7e0v1-2ff2cc535e27c89deb762a6d231830bc__4  slide-5 slide-odd'><div data-rel='slideshow-1' class='avia-slide-wrap '   ><div class='av-slideshow-caption av-kal7e0v1-2ff2cc535e27c89deb762a6d231830bc__4 avia-caption'><div class=\"avia-inner-caption\"><h2 class='avia-caption-title '  itemprop=\"name\" >Die Schlachte<\/h2><div class='avia-caption-content '  itemprop=\"description\" ><p>Aktivit\u00e4ten wie Rad fahren, Spazieren gehen oder aber auch Shisha rauchen wird bei Sonnenschein auch an der Schlachte wieder nachgegangen.<\/p>\n<\/div><\/div><\/div><img decoding=\"async\" fetchpriority=\"high\" class=\"wp-image-14945 avia-img-lazy-loading-not-14945\"  src=\"https:\/\/blogs.uni-bremen.de\/eule\/files\/IMG_0131-1-scaled.jpg\" width=\"2560\" height=\"1920\" title='IMG_0131' alt=''  itemprop=\"thumbnailUrl\" srcset=\"https:\/\/blogs.uni-bremen.de\/eule\/files\/IMG_0131-1-scaled.jpg 2560w, https:\/\/blogs.uni-bremen.de\/eule\/files\/IMG_0131-1-300x225.jpg 300w, https:\/\/blogs.uni-bremen.de\/eule\/files\/IMG_0131-1-1030x773.jpg 1030w, https:\/\/blogs.uni-bremen.de\/eule\/files\/IMG_0131-1-768x576.jpg 768w, https:\/\/blogs.uni-bremen.de\/eule\/files\/IMG_0131-1-1536x1152.jpg 1536w, https:\/\/blogs.uni-bremen.de\/eule\/files\/IMG_0131-1-2048x1536.jpg 2048w, https:\/\/blogs.uni-bremen.de\/eule\/files\/IMG_0131-1-1500x1125.jpg 1500w, https:\/\/blogs.uni-bremen.de\/eule\/files\/IMG_0131-1-705x529.jpg 705w\" sizes=\"(max-width: 2560px) 100vw, 2560px\" \/><\/div><\/li><li  class='avia-slideshow-slide av-kal7e0v1-2ff2cc535e27c89deb762a6d231830bc__5  slide-6 slide-even'><div data-rel='slideshow-1' class='avia-slide-wrap '   ><div class='av-slideshow-caption av-kal7e0v1-2ff2cc535e27c89deb762a6d231830bc__5 avia-caption'><div class=\"avia-inner-caption\"><h2 class='avia-caption-title '  itemprop=\"name\" >Kulinarische Erlebnisse im Viertel<\/h2><div class='avia-caption-content '  itemprop=\"description\" ><p>Viele der Restaurants im Viertel waren am Wochenende wieder besucht. Einige bieten auch Sitzgelegenheiten im Au\u00dfenbereich.<\/p>\n<\/div><\/div><\/div><img decoding=\"async\" fetchpriority=\"high\" class=\"wp-image-14946 avia-img-lazy-loading-not-14946\"  src=\"https:\/\/blogs.uni-bremen.de\/eule\/files\/IMG_0150-1-scaled.jpg\" width=\"2560\" height=\"1920\" title='IMG_0150' alt=''  itemprop=\"thumbnailUrl\" srcset=\"https:\/\/blogs.uni-bremen.de\/eule\/files\/IMG_0150-1-scaled.jpg 2560w, https:\/\/blogs.uni-bremen.de\/eule\/files\/IMG_0150-1-300x225.jpg 300w, https:\/\/blogs.uni-bremen.de\/eule\/files\/IMG_0150-1-1030x773.jpg 1030w, https:\/\/blogs.uni-bremen.de\/eule\/files\/IMG_0150-1-768x576.jpg 768w, https:\/\/blogs.uni-bremen.de\/eule\/files\/IMG_0150-1-1536x1152.jpg 1536w, https:\/\/blogs.uni-bremen.de\/eule\/files\/IMG_0150-1-2048x1536.jpg 2048w, https:\/\/blogs.uni-bremen.de\/eule\/files\/IMG_0150-1-1500x1125.jpg 1500w, https:\/\/blogs.uni-bremen.de\/eule\/files\/IMG_0150-1-705x529.jpg 705w\" sizes=\"(max-width: 2560px) 100vw, 2560px\" \/><\/div><\/li><li  class='avia-slideshow-slide av-kal7e0v1-2ff2cc535e27c89deb762a6d231830bc__6  slide-7 slide-odd'><div data-rel='slideshow-1' class='avia-slide-wrap '   ><div class='av-slideshow-caption av-kal7e0v1-2ff2cc535e27c89deb762a6d231830bc__6 avia-caption'><div class=\"avia-inner-caption\"><h2 class='avia-caption-title '  itemprop=\"name\" >Tandour<\/h2><div class='avia-caption-content '  itemprop=\"description\" ><p>Zwar war die Schlange vor Tandour nicht so lang, wie nach so manchem durchfeierten Wochenende, dennoch schien der Rollo wie immer gefragt zu sein.<\/p>\n<\/div><\/div><\/div><img decoding=\"async\" fetchpriority=\"high\" class=\"wp-image-14947 avia-img-lazy-loading-not-14947\"  src=\"https:\/\/blogs.uni-bremen.de\/eule\/files\/IMG_0154-1-scaled.jpg\" width=\"2560\" height=\"1920\" title='IMG_0154' alt=''  itemprop=\"thumbnailUrl\" srcset=\"https:\/\/blogs.uni-bremen.de\/eule\/files\/IMG_0154-1-scaled.jpg 2560w, https:\/\/blogs.uni-bremen.de\/eule\/files\/IMG_0154-1-300x225.jpg 300w, https:\/\/blogs.uni-bremen.de\/eule\/files\/IMG_0154-1-1030x773.jpg 1030w, https:\/\/blogs.uni-bremen.de\/eule\/files\/IMG_0154-1-768x576.jpg 768w, https:\/\/blogs.uni-bremen.de\/eule\/files\/IMG_0154-1-1536x1152.jpg 1536w, https:\/\/blogs.uni-bremen.de\/eule\/files\/IMG_0154-1-2048x1536.jpg 2048w, https:\/\/blogs.uni-bremen.de\/eule\/files\/IMG_0154-1-1500x1125.jpg 1500w, https:\/\/blogs.uni-bremen.de\/eule\/files\/IMG_0154-1-705x529.jpg 705w\" sizes=\"(max-width: 2560px) 100vw, 2560px\" \/><\/div><\/li><li  class='avia-slideshow-slide av-kal7e0v1-2ff2cc535e27c89deb762a6d231830bc__7  slide-8 slide-even'><div data-rel='slideshow-1' class='avia-slide-wrap '   ><div class='av-slideshow-caption av-kal7e0v1-2ff2cc535e27c89deb762a6d231830bc__7 avia-caption'><div class=\"avia-inner-caption\"><h2 class='avia-caption-title '  itemprop=\"name\" >Das Wohnzimmer<\/h2><div class='avia-caption-content '  itemprop=\"description\" ><p>Der Au\u00dfenbereich des Wohnzimmers bleibt scheinbar trotz Corona ein konstanter Hotspot.<\/p>\n<\/div><\/div><\/div><img decoding=\"async\" fetchpriority=\"high\" class=\"wp-image-14948 avia-img-lazy-loading-not-14948\"  src=\"https:\/\/blogs.uni-bremen.de\/eule\/files\/IMG_0159-1-scaled.jpg\" width=\"2560\" height=\"1920\" title='IMG_0159' alt=''  itemprop=\"thumbnailUrl\" srcset=\"https:\/\/blogs.uni-bremen.de\/eule\/files\/IMG_0159-1-scaled.jpg 2560w, https:\/\/blogs.uni-bremen.de\/eule\/files\/IMG_0159-1-300x225.jpg 300w, https:\/\/blogs.uni-bremen.de\/eule\/files\/IMG_0159-1-1030x773.jpg 1030w, https:\/\/blogs.uni-bremen.de\/eule\/files\/IMG_0159-1-768x576.jpg 768w, https:\/\/blogs.uni-bremen.de\/eule\/files\/IMG_0159-1-1536x1152.jpg 1536w, https:\/\/blogs.uni-bremen.de\/eule\/files\/IMG_0159-1-2048x1536.jpg 2048w, https:\/\/blogs.uni-bremen.de\/eule\/files\/IMG_0159-1-1500x1125.jpg 1500w, https:\/\/blogs.uni-bremen.de\/eule\/files\/IMG_0159-1-705x529.jpg 705w\" sizes=\"(max-width: 2560px) 100vw, 2560px\" \/><\/div><\/li><li  class='avia-slideshow-slide av-kal7e0v1-2ff2cc535e27c89deb762a6d231830bc__8  slide-9 slide-odd'><div data-rel='slideshow-1' class='avia-slide-wrap '   ><div class='av-slideshow-caption av-kal7e0v1-2ff2cc535e27c89deb762a6d231830bc__8 avia-caption'><div class=\"avia-inner-caption\"><h2 class='avia-caption-title '  itemprop=\"name\" >Bermuda-Dreieck<\/h2><div class='avia-caption-content '  itemprop=\"description\" ><p>Ebenfalls gut besucht waren der Au\u00dfenbereich des Bermuda-Dreiecks und der Capri-Bar.<\/p>\n<\/div><\/div><\/div><img decoding=\"async\" fetchpriority=\"high\" class=\"wp-image-14949 avia-img-lazy-loading-not-14949\"  src=\"https:\/\/blogs.uni-bremen.de\/eule\/files\/IMG_0170-1-scaled.jpg\" width=\"2560\" height=\"1920\" title='IMG_0170' alt=''  itemprop=\"thumbnailUrl\" srcset=\"https:\/\/blogs.uni-bremen.de\/eule\/files\/IMG_0170-1-scaled.jpg 2560w, https:\/\/blogs.uni-bremen.de\/eule\/files\/IMG_0170-1-300x225.jpg 300w, https:\/\/blogs.uni-bremen.de\/eule\/files\/IMG_0170-1-1030x773.jpg 1030w, https:\/\/blogs.uni-bremen.de\/eule\/files\/IMG_0170-1-768x576.jpg 768w, https:\/\/blogs.uni-bremen.de\/eule\/files\/IMG_0170-1-1536x1152.jpg 1536w, https:\/\/blogs.uni-bremen.de\/eule\/files\/IMG_0170-1-2048x1536.jpg 2048w, https:\/\/blogs.uni-bremen.de\/eule\/files\/IMG_0170-1-1500x1125.jpg 1500w, https:\/\/blogs.uni-bremen.de\/eule\/files\/IMG_0170-1-705x529.jpg 705w\" sizes=\"(max-width: 2560px) 100vw, 2560px\" \/><\/div><\/li><\/ul><div class='avia-slideshow-arrows avia-slideshow-controls' ><a href='#prev' class='prev-slide ' aria-hidden='true' data-av_icon='\ue87c' data-av_iconfont='entypo-fontello'  tabindex='-1'>Zur\u00fcck<\/a><a href='#next' class='next-slide ' aria-hidden='true' data-av_icon='\ue87d' data-av_iconfont='entypo-fontello'  tabindex='-1'>Weiter<\/a><\/div><div class='avia-slideshow-dots avia-slideshow-controls'><a href='#1' class='goto-slide active' >1<\/a><a href='#2' class='goto-slide ' >2<\/a><a href='#3' class='goto-slide ' >3<\/a><a href='#4' class='goto-slide ' >4<\/a><a href='#5' class='goto-slide ' >5<\/a><a href='#6' class='goto-slide ' >6<\/a><a href='#7' class='goto-slide ' >7<\/a><a href='#8' class='goto-slide ' >8<\/a><a href='#9' class='goto-slide ' >9<\/a><\/div><\/div><\/div>\n","protected":false},"excerpt":{"rendered":"<p>Um allen BremerInnen und Bremen-LiebhaberInnen ein kleines Update dar\u00fcber zu geben, wie sich das Leben in der Hansestadt w\u00e4hrend der Corona-Zeit momentan gestaltet, habe ich am Wochenende einige unserer geliebten Orte abgeklappert und f\u00fcr euch eine kleine Fotoserie erstellt!<\/p>\n","protected":false},"author":10412,"featured_media":14954,"comment_status":"open","ping_status":"open","sticky":false,"template":"","format":"gallery","meta":{"_bbp_topic_count":0,"_bbp_reply_count":0,"_bbp_total_topic_count":0,"_bbp_total_reply_count":0,"_bbp_voice_count":0,"_bbp_anonymous_reply_count":0,"_bbp_topic_count_hidden":0,"_bbp_reply_count_hidden":0,"_bbp_forum_subforum_count":0,"footnotes":""},"categories":[10841,580333],"tags":[30850,13868,704300,704242,704302,704303,704301,383717],"class_list":["post-14941","post","type-post","status-publish","format-gallery","has-post-thumbnail","hentry","category-campus-aktuell","category-studileben","tag-alltag","tag-bremen","tag-bremer-leben","tag-corona","tag-lockerungen","tag-osterdeich","tag-restaurants","tag-viertel","post_format-post-format-gallery"],"_links":{"self":[{"href":"https:\/\/blogs.uni-bremen.de\/eule\/wp-json\/wp\/v2\/posts\/14941","targetHints":{"allow":["GET"]}}],"collection":[{"href":"https:\/\/blogs.uni-bremen.de\/eule\/wp-json\/wp\/v2\/posts"}],"about":[{"href":"https:\/\/blogs.uni-bremen.de\/eule\/wp-json\/wp\/v2\/types\/post"}],"author":[{"embeddable":true,"href":"https:\/\/blogs.uni-bremen.de\/eule\/wp-json\/wp\/v2\/users\/10412"}],"replies":[{"embeddable":true,"href":"https:\/\/blogs.uni-bremen.de\/eule\/wp-json\/wp\/v2\/comments?post=14941"}],"version-history":[{"count":7,"href":"https:\/\/blogs.uni-bremen.de\/eule\/wp-json\/wp\/v2\/posts\/14941\/revisions"}],"predecessor-version":[{"id":16989,"href":"https:\/\/blogs.uni-bremen.de\/eule\/wp-json\/wp\/v2\/posts\/14941\/revisions\/16989"}],"wp:featuredmedia":[{"embeddable":true,"href":"https:\/\/blogs.uni-bremen.de\/eule\/wp-json\/wp\/v2\/media\/14954"}],"wp:attachment":[{"href":"https:\/\/blogs.uni-bremen.de\/eule\/wp-json\/wp\/v2\/media?parent=14941"}],"wp:term":[{"taxonomy":"category","embeddable":true,"href":"https:\/\/blogs.uni-bremen.de\/eule\/wp-json\/wp\/v2\/categories?post=14941"},{"taxonomy":"post_tag","embeddable":true,"href":"https:\/\/blogs.uni-bremen.de\/eule\/wp-json\/wp\/v2\/tags?post=14941"}],"curies":[{"name":"wp","href":"https:\/\/api.w.org\/{rel}","templated":true}]}}