{"id":12868,"date":"2019-06-26T13:00:06","date_gmt":"2019-06-26T11:00:06","guid":{"rendered":"https:\/\/blogs.uni-bremen.de\/eule\/?p=12868"},"modified":"2021-10-08T12:23:52","modified_gmt":"2021-10-08T10:23:52","slug":"storytelling-groggy-sein-vom-nichtstun","status":"publish","type":"post","link":"https:\/\/blogs.uni-bremen.de\/eule\/2019\/06\/26\/storytelling-groggy-sein-vom-nichtstun\/","title":{"rendered":"Storytelling: Groggy sein vom Nichtstun"},"content":{"rendered":"<p style=\"text-align: justify\">6.15 Uhr: Ich werde von Sonnenstrahlen geweckt und trotz der Uhrzeit habe ich direkt gute Laune. Instinktiv greife ich nach rechts zu meinem Handy und \u00f6ffne die Wetter-App: 33 Grad Celsius? Ich freue mich nat\u00fcrlich \u00fcber das sonnige Wetter, dar\u00fcber, dass man endlich wieder seinen Vitamin-D-Tank auff\u00fcllen kann und verfalle im n\u00e4chsten Moment auch schon in Panik: Was soll ich \u00fcberhaupt anziehen? Flott stehe ich auf, laufe r\u00fcber zum Kleiderschrank und suche verzweifelt nach sommerlichen Klamotten, die man im kalten und verregneten Bremen eher selten braucht. Nach langer Suche und einem Kaffee finde ich endlich etwas, mache mich schnell im Bad fertig und schl\u00fcpfe ich die kurze Hose, das zerknitterte Top und ab rein ich die Chucks. Mein Rucksack ist gepackt und ich muss schnell los, denn wie immer, bin ich sp\u00e4t dran.<\/p>\n<p style=\"text-align: justify\">Als ich vor die T\u00fcr trete, trifft mich direkt der Schlag: Um 7.45 Uhr ist es schon ziemlich warm. Und das soll noch hei\u00dfer werden? Mein K\u00f6rper ist sichtlich \u00fcberfordert und auf dem Weg zur Stra\u00dfenbahn komme ich schon leicht ins schwitzen. Ganz unauff\u00e4llig wische ich mir die Perlen von meiner Nase und hoffe auf eine Klimaanlage in der Bahn. Aber Fehlanzeige: Die Linie 4 kennt sowas nicht und schon stehe ich in einem Pumak\u00e4fig auf R\u00e4dern. Am Leibnizplatz angekommen muss ich in die Bahn zur Uni umsteigen. Auch auf dieser Fahrt ist keine Chance auf eine Klimaanlage vorhanden. Meine 30-min\u00fctige Fahrt in einer Bahn mit schlechter Bel\u00fcftung beginnt und ich verfluche mich selbst, dass ich mein Rad noch nicht repariert habe.<\/p>\n<p style=\"text-align: justify\">W\u00e4hrend ich mich bem\u00fchen muss, nicht jeden Moment den Klappmann zu machen, klammere ich mich an meine Wasserflasche und gucke traurig zu den Leuten r\u00fcber, die heute auch noch in langen Klamotten arbeiten m\u00fcssen. Endlich bin ich an der Uni angekommen und ich st\u00fcrme nach drau\u00dfen &#8211; in die trockne und noch hei\u00dfer scheinende Luft.<\/p>\n<p style=\"text-align: justify\">Mittlerweile bin ich k\u00f6rperlich bei meinen Seminaren angekommen, mental allerdings kein St\u00fcck &#8211; meine Gedanken kreisen nur um Eis am Stiel und den n\u00e4chsten See, in den ich am liebsten mit samt Klamotten reinspringen w\u00fcrde. Nach vier langen Stunden (ok, das geht wirklich noch) mache ich mich auf den Weg zu unserer w\u00f6chentlichen Redaktionssitzung und treffe dort auf das Team. \u201eAn solchen Tagen gehe ich nie ohne meine Birkenstocks aus dem Haus\u201c, erz\u00e4hlt mir Katja und ich \u00e4rgere mich \u00fcber meine Sneakers. Nach der Redax geht\u2019s wieder zum mobilen Pumak\u00e4fig und nach knapp 40 Minuten komme ich endlich zuhause an. Die Sonne brutzelt fr\u00f6hlich vor sich hin und die Bordsteine flimmern.<\/p>\n<p style=\"text-align: justify\">Ich stolpere v\u00f6llig groggy in meine (zum Gl\u00fcck) k\u00fchle Erdgeschosswohnung und falle ersch\u00f6pft auf die Couch. Dabei frage ich mich, was ich heute \u00fcberhaupt Anstrengendes getan habe\u2026 Sport steht bei dieser Hitze drau\u00dfen jedenfalls nicht mehr auf meiner To-Do-Liste und ich schmei\u00dfe meinen Laptop an. Da die Klausurenphase schlie\u00dflich vor der T\u00fcr steht, muss ich mich noch mit einer Lekt\u00fcre anfreunden. Zeitgleich ist Microsoft Word ge\u00f6ffnet. Ehe ich mich versehe, finde ich mich mit leeren Blicken auf Instagram wieder \u2013 oh eine Whatsapp Nachricht &#8211; nein! &#8211; zur\u00fcck zur Lekt\u00fcre\u2026 Das geht ungef\u00e4hr drei Stunden so, bis ich meinen Laptop zuklappe, in die Ecke schmei\u00dfe \u00a0und mich meiner Unlust geschlagen gebe.<\/p>\n<p style=\"text-align: justify\">Zum Essen gibt es heute nur Wassermelone und abends einen kleinen Salat, denn f\u00fcr mehr reicht mein Hunger nicht aus. Abgesehen davon habe ich bestimmt schon drei bis vier Liter Wasser in mich reingekippt.<\/p>\n<p style=\"text-align: justify\">Gegen 22 Uhr falle ich ausgelaugt ins Bett und schaue aus dem Fenster: Wie aufs Stichwort f\u00e4ngt es an aus Eimern zu sch\u00fctten und es schnellen Blitze durch die Wolken, gefolgt von m\u00e4chtigem Donner. W\u00e4hrend ich langsam eind\u00f6se, f\u00e4llt mir mal wieder auf, wie sch\u00f6n eigentlich Mutter Natur ist und ich freue mich heimlich dar\u00fcber, dass sich die Sonne wieder l\u00e4nger in Bremen blicken l\u00e4sst.<\/p>\n","protected":false},"excerpt":{"rendered":"<p>Ich liebe den Sommer und das warme Wetter, aber der erste richtig hei\u00dfe Tag hier in Bremen hat mich echt aus den Latschen gehauen. Hier lest ihr eine Zusammenfassung \u00fcber einem Tag mit 33 Grad Celsius und meine damit einhergehende Unlust am Uni-Alltag.<\/p>\n","protected":false},"author":7717,"featured_media":16350,"comment_status":"open","ping_status":"open","sticky":false,"template":"","format":"standard","meta":{"_bbp_topic_count":0,"_bbp_reply_count":0,"_bbp_total_topic_count":0,"_bbp_total_reply_count":0,"_bbp_voice_count":0,"_bbp_anonymous_reply_count":0,"_bbp_topic_count_hidden":0,"_bbp_reply_count_hidden":0,"_bbp_forum_subforum_count":0,"footnotes":""},"categories":[10841,580333],"tags":[75,13868,580302,580415,287],"class_list":["post-12868","post","type-post","status-publish","format-standard","has-post-thumbnail","hentry","category-campus-aktuell","category-studileben","tag-blog","tag-bremen","tag-campus-eule","tag-hitzewelle","tag-uni-bremen"],"_links":{"self":[{"href":"https:\/\/blogs.uni-bremen.de\/eule\/wp-json\/wp\/v2\/posts\/12868","targetHints":{"allow":["GET"]}}],"collection":[{"href":"https:\/\/blogs.uni-bremen.de\/eule\/wp-json\/wp\/v2\/posts"}],"about":[{"href":"https:\/\/blogs.uni-bremen.de\/eule\/wp-json\/wp\/v2\/types\/post"}],"author":[{"embeddable":true,"href":"https:\/\/blogs.uni-bremen.de\/eule\/wp-json\/wp\/v2\/users\/7717"}],"replies":[{"embeddable":true,"href":"https:\/\/blogs.uni-bremen.de\/eule\/wp-json\/wp\/v2\/comments?post=12868"}],"version-history":[{"count":10,"href":"https:\/\/blogs.uni-bremen.de\/eule\/wp-json\/wp\/v2\/posts\/12868\/revisions"}],"predecessor-version":[{"id":16872,"href":"https:\/\/blogs.uni-bremen.de\/eule\/wp-json\/wp\/v2\/posts\/12868\/revisions\/16872"}],"wp:featuredmedia":[{"embeddable":true,"href":"https:\/\/blogs.uni-bremen.de\/eule\/wp-json\/wp\/v2\/media\/16350"}],"wp:attachment":[{"href":"https:\/\/blogs.uni-bremen.de\/eule\/wp-json\/wp\/v2\/media?parent=12868"}],"wp:term":[{"taxonomy":"category","embeddable":true,"href":"https:\/\/blogs.uni-bremen.de\/eule\/wp-json\/wp\/v2\/categories?post=12868"},{"taxonomy":"post_tag","embeddable":true,"href":"https:\/\/blogs.uni-bremen.de\/eule\/wp-json\/wp\/v2\/tags?post=12868"}],"curies":[{"name":"wp","href":"https:\/\/api.w.org\/{rel}","templated":true}]}}