{"id":12374,"date":"2019-04-10T12:34:51","date_gmt":"2019-04-10T10:34:51","guid":{"rendered":"https:\/\/blogs.uni-bremen.de\/eule\/?p=12374"},"modified":"2021-10-08T12:11:52","modified_gmt":"2021-10-08T10:11:52","slug":"nachhaltiger-leben-part-ii","status":"publish","type":"post","link":"https:\/\/blogs.uni-bremen.de\/eule\/2019\/04\/10\/nachhaltiger-leben-part-ii\/","title":{"rendered":"Nachhaltiger Leben Part II"},"content":{"rendered":"<section  class='av_textblock_section av-jub2fanh-4904317b39e370518af75274e1dbeb9f '   itemscope=\"itemscope\" itemtype=\"https:\/\/schema.org\/BlogPosting\" itemprop=\"blogPost\" ><div class='avia_textblock'  itemprop=\"text\" ><p style=\"text-align: justify\"><em><strong>Nachdem <a href=\"https:\/\/blogs.uni-bremen.de\/eule\/2019\/01\/16\/nachhaltig-leben-aber-wie\/\">Niklas bereits mit gutem Beispiel voran ging<\/a> und euch Tipps und Anregungen \u00fcber nachhaltigeres Leben (und damit einhergehend die Reduktion von Plastik und das Vermeiden von M\u00fcll) gegeben hat, kn\u00fcpfe ich an seinen Beitrag an und bringe euch heute gewisserma\u00dfen Part 2 zu \u201enachhaltig(er) leben \u2013 aber wie?\u201c.<\/strong><\/em><\/p>\n<p style=\"text-align: justify\">Der im Beitragsbild geteaserte Slogan \u201eno waste\u201c scheint leider vielerorts, zugegebenerma\u00dfen auch f\u00fcr mich, noch eher utopisch zu sein.<br \/>\nDennoch gibt es einige (lokale) Tipps, die ihr befolgen k\u00f6nnt, um zumindest euren Teil zur Plastikreduktion beizutragen, bzw. um euren Plastik-Fu\u00dfabdruck zu minimieren.<\/p>\n<\/div><\/section>\n\n<style type=\"text\/css\" data-created_by=\"avia_inline_auto\" id=\"style-css-av-3cnofp2-d49bf9ed0653148f621aacccb74b4c0b\">\n.flex_column.av-3cnofp2-d49bf9ed0653148f621aacccb74b4c0b{\nborder-radius:0px 0px 0px 0px;\npadding:0px 0px 0px 0px;\n}\n<\/style>\n<div  class='flex_column av-3cnofp2-d49bf9ed0653148f621aacccb74b4c0b av_one_half  avia-builder-el-1  el_after_av_textblock  el_before_av_one_half  first flex_column_div av-zero-column-padding  column-top-margin'     ><style type=\"text\/css\" data-created_by=\"avia_inline_auto\" id=\"style-css-av-jub2dlvn-3974d2fd5abaabecb032c8db0eb5c82a\">\n.avia-image-container.av-jub2dlvn-3974d2fd5abaabecb032c8db0eb5c82a img.avia_image{\nbox-shadow:none;\n}\n.avia-image-container.av-jub2dlvn-3974d2fd5abaabecb032c8db0eb5c82a .av-image-caption-overlay-center{\ncolor:#ffffff;\n}\n<\/style>\n<div  class='avia-image-container av-jub2dlvn-3974d2fd5abaabecb032c8db0eb5c82a av-styling- avia-align-center  avia-builder-el-2  avia-builder-el-no-sibling '   itemprop=\"image\" itemscope=\"itemscope\" itemtype=\"https:\/\/schema.org\/ImageObject\" ><div class=\"avia-image-container-inner\"><div class=\"avia-image-overlay-wrap\"><img decoding=\"async\" fetchpriority=\"high\" class='wp-image-12376 avia-img-lazy-loading-not-12376 avia_image ' src=\"https:\/\/blogs.uni-bremen.de\/eule\/files\/2019\/04\/selfair-225x300.jpg\" alt='' title='selfair'  height=\"300\" width=\"225\"  itemprop=\"thumbnailUrl\" srcset=\"https:\/\/blogs.uni-bremen.de\/eule\/files\/2019\/04\/selfair-225x300.jpg 225w, https:\/\/blogs.uni-bremen.de\/eule\/files\/2019\/04\/selfair-529x705.jpg 529w, https:\/\/blogs.uni-bremen.de\/eule\/files\/2019\/04\/selfair-450x600.jpg 450w, https:\/\/blogs.uni-bremen.de\/eule\/files\/2019\/04\/selfair.jpg 600w\" sizes=\"(max-width: 225px) 100vw, 225px\" \/><\/div><\/div><\/div><\/div>\n\n<style type=\"text\/css\" data-created_by=\"avia_inline_auto\" id=\"style-css-av-2zrvrg6-41de6f28997bba43a9f3317abaa65745\">\n.flex_column.av-2zrvrg6-41de6f28997bba43a9f3317abaa65745{\nborder-radius:0px 0px 0px 0px;\npadding:0px 0px 0px 0px;\n}\n<\/style>\n<div  class='flex_column av-2zrvrg6-41de6f28997bba43a9f3317abaa65745 av_one_half  avia-builder-el-3  el_after_av_one_half  el_before_av_one_half  flex_column_div av-zero-column-padding  column-top-margin'     ><section  class='av_textblock_section av-jub2dccb-2ed86c1cbfe4038867fddae64aafa802 '   itemscope=\"itemscope\" itemtype=\"https:\/\/schema.org\/BlogPosting\" itemprop=\"blogPost\" ><div class='avia_textblock'  itemprop=\"text\" ><p style=\"text-align: justify\">Angefangen mit dem Unverpackt Laden <strong><em>SelFair<\/em><\/strong> im Viertel in Bremen (Vor Dem Steintor 189, 28203 Bremen). Hier k\u00f6nnt ihr Lebensmittel ganz ohne unn\u00fctze Verpackungen einkaufen \u2013 bei SelFair bekommt ihr N\u00fcsse, M\u00fcsli, Reis und einiges mehr zum Abf\u00fcllen in Dosen oder Einmachgl\u00e4sern, die ihr vor Ort (zus\u00e4tzlich) erwerben k\u00f6nnt.<br \/>\nDie Lebensmittel werden an der Kasse gewogen \u2013 mit dem Ziel, den Kunden hinsichtlich der eingekauften Menge zu sensibilisieren und so dem \u00dcberflusskonsum ein st\u00fcckweit entgegen zu wirken.<\/p>\n<\/div><\/section><\/div>\n\n<style type=\"text\/css\" data-created_by=\"avia_inline_auto\" id=\"style-css-av-2po3wty-b252af3c2eb90de6b5ec48d7654bd5a2\">\n.flex_column.av-2po3wty-b252af3c2eb90de6b5ec48d7654bd5a2{\nborder-radius:0px 0px 0px 0px;\npadding:0px 0px 0px 0px;\n}\n<\/style>\n<div  class='flex_column av-2po3wty-b252af3c2eb90de6b5ec48d7654bd5a2 av_one_half  avia-builder-el-5  el_after_av_one_half  el_before_av_one_half  first flex_column_div av-zero-column-padding  column-top-margin'     ><section  class='av_textblock_section av-jub2c3ci-354b2ff1927bcadf16e81ee7eb42db24 '   itemscope=\"itemscope\" itemtype=\"https:\/\/schema.org\/BlogPosting\" itemprop=\"blogPost\" ><div class='avia_textblock'  itemprop=\"text\" ><p style=\"text-align: justify\">Bei Lush k\u00f6nnt ihr aus einer Vielfalt an festen Seifen und Shampoos ausw\u00e4hlen und somit die \u201eZero Waste\u201c Bewegung unterst\u00fctzen. Zugegebenerma\u00dfen war ich zun\u00e4chst skeptisch, als eine Freundin mich das erste Mal auf feste Shampoos aufmerksam gemacht hat. Seit meinem ersten Erwerb bin ich jedoch dabei geblieben, die Gr\u00fcnde daf\u00fcr sind vielf\u00e4ltig: sie halten l\u00e4nger (und man geht gleichzeitig sparsamer damit um!), und meine Haare scheinen wesentlich langsamer zu fetten. Festes Shampoo bekommt man derweil auch beim dm Drogeriemarkt oder in diversen Onlineshops.<\/p>\n<\/div><\/section><\/div>\n\n<style type=\"text\/css\" data-created_by=\"avia_inline_auto\" id=\"style-css-av-1wow6nq-ffa875cf791f67645cf8f07899a01997\">\n.flex_column.av-1wow6nq-ffa875cf791f67645cf8f07899a01997{\nborder-radius:0px 0px 0px 0px;\npadding:0px 0px 0px 0px;\n}\n<\/style>\n<div  class='flex_column av-1wow6nq-ffa875cf791f67645cf8f07899a01997 av_one_half  avia-builder-el-7  el_after_av_one_half  el_before_av_one_half  flex_column_div av-zero-column-padding  column-top-margin'     ><style type=\"text\/css\" data-created_by=\"avia_inline_auto\" id=\"style-css-av-jub2bj1y-94ceca0526e8c35536a6b2b27c320d91\">\n.avia-image-container.av-jub2bj1y-94ceca0526e8c35536a6b2b27c320d91 img.avia_image{\nbox-shadow:none;\n}\n.avia-image-container.av-jub2bj1y-94ceca0526e8c35536a6b2b27c320d91 .av-image-caption-overlay-center{\ncolor:#ffffff;\n}\n<\/style>\n<div  class='avia-image-container av-jub2bj1y-94ceca0526e8c35536a6b2b27c320d91 av-styling- avia-align-center  avia-builder-el-8  avia-builder-el-no-sibling '   itemprop=\"image\" itemscope=\"itemscope\" itemtype=\"https:\/\/schema.org\/ImageObject\" ><div class=\"avia-image-container-inner\"><div class=\"avia-image-overlay-wrap\"><img decoding=\"async\" fetchpriority=\"high\" class='wp-image-12377 avia-img-lazy-loading-not-12377 avia_image ' src=\"https:\/\/blogs.uni-bremen.de\/eule\/files\/2019\/04\/lush-2-225x300.jpg\" alt='' title='lush-2'  height=\"300\" width=\"225\"  itemprop=\"thumbnailUrl\" srcset=\"https:\/\/blogs.uni-bremen.de\/eule\/files\/2019\/04\/lush-2-225x300.jpg 225w, https:\/\/blogs.uni-bremen.de\/eule\/files\/2019\/04\/lush-2-529x705.jpg 529w, https:\/\/blogs.uni-bremen.de\/eule\/files\/2019\/04\/lush-2-450x600.jpg 450w, https:\/\/blogs.uni-bremen.de\/eule\/files\/2019\/04\/lush-2.jpg 600w\" sizes=\"(max-width: 225px) 100vw, 225px\" \/><\/div><\/div><\/div><\/div>\n\n<style type=\"text\/css\" data-created_by=\"avia_inline_auto\" id=\"style-css-av-1o2rhna-08220dc90a009c5d08044d8f852c44c4\">\n.flex_column.av-1o2rhna-08220dc90a009c5d08044d8f852c44c4{\nborder-radius:0px 0px 0px 0px;\npadding:0px 0px 0px 0px;\n}\n<\/style>\n<div  class='flex_column av-1o2rhna-08220dc90a009c5d08044d8f852c44c4 av_one_half  avia-builder-el-9  el_after_av_one_half  el_before_av_one_half  first flex_column_div av-zero-column-padding  column-top-margin'     ><style type=\"text\/css\" data-created_by=\"avia_inline_auto\" id=\"style-css-av-jub2g9wz-1c0383cae76702eacf599108674e7cbb\">\n.avia-image-container.av-jub2g9wz-1c0383cae76702eacf599108674e7cbb img.avia_image{\nbox-shadow:none;\n}\n.avia-image-container.av-jub2g9wz-1c0383cae76702eacf599108674e7cbb .av-caption-image-overlay-bg{\nopacity:0.4;\nbackground-color:#000000;\n}\n.avia-image-container.av-jub2g9wz-1c0383cae76702eacf599108674e7cbb .av-image-caption-overlay-center{\ncolor:#ffffff;\n}\n<\/style>\n<div  class='avia-image-container av-jub2g9wz-1c0383cae76702eacf599108674e7cbb av-styling- avia-align-center  avia-builder-el-10  avia-builder-el-no-sibling  noHover av-overlay-hover-deactivate'   itemprop=\"image\" itemscope=\"itemscope\" itemtype=\"https:\/\/schema.org\/ImageObject\" ><div class=\"avia-image-container-inner\"><div class=\"avia-image-overlay-wrap\"><a href=\"https:\/\/pixabay.com\/photos\/bottle-glass-water-1838772\/\" class='avia_image'  aria-label='bottle-1838772_1920'><div class=\"av-image-caption-overlay\"><div class=\"av-caption-image-overlay-bg\"><\/div><div class=\"av-image-caption-overlay-position\"><div class=\"av-image-caption-overlay-center\"><\/div><\/div><\/div><img decoding=\"async\" fetchpriority=\"high\" class='wp-image-12375 avia-img-lazy-loading-not-12375 avia_image ' src=\"https:\/\/blogs.uni-bremen.de\/eule\/files\/2019\/04\/bottle-1838772_1920-200x300.jpg\" alt='' title='bottle-1838772_1920'  height=\"300\" width=\"200\"  itemprop=\"thumbnailUrl\" srcset=\"https:\/\/blogs.uni-bremen.de\/eule\/files\/2019\/04\/bottle-1838772_1920-200x300.jpg 200w, https:\/\/blogs.uni-bremen.de\/eule\/files\/2019\/04\/bottle-1838772_1920-768x1152.jpg 768w, https:\/\/blogs.uni-bremen.de\/eule\/files\/2019\/04\/bottle-1838772_1920-687x1030.jpg 687w, https:\/\/blogs.uni-bremen.de\/eule\/files\/2019\/04\/bottle-1838772_1920-1000x1500.jpg 1000w, https:\/\/blogs.uni-bremen.de\/eule\/files\/2019\/04\/bottle-1838772_1920-470x705.jpg 470w, https:\/\/blogs.uni-bremen.de\/eule\/files\/2019\/04\/bottle-1838772_1920-450x675.jpg 450w, https:\/\/blogs.uni-bremen.de\/eule\/files\/2019\/04\/bottle-1838772_1920.jpg 1280w\" sizes=\"(max-width: 200px) 100vw, 200px\" \/><\/a><\/div><\/div><\/div><\/div>\n\n<style type=\"text\/css\" data-created_by=\"avia_inline_auto\" id=\"style-css-av-12oy0gm-5c5671a5a0d8b35ff5c95ade09faae76\">\n.flex_column.av-12oy0gm-5c5671a5a0d8b35ff5c95ade09faae76{\nborder-radius:0px 0px 0px 0px;\npadding:0px 0px 0px 0px;\n}\n<\/style>\n<div  class='flex_column av-12oy0gm-5c5671a5a0d8b35ff5c95ade09faae76 av_one_half  avia-builder-el-11  el_after_av_one_half  el_before_av_one_full  flex_column_div av-zero-column-padding  column-top-margin'     ><section  class='av_textblock_section av-jub2fyji-b5005f1f521c3d0a3b87e78f5290162d '   itemscope=\"itemscope\" itemtype=\"https:\/\/schema.org\/BlogPosting\" itemprop=\"blogPost\" ><div class='avia_textblock'  itemprop=\"text\" ><p style=\"text-align: justify\">Was f\u00fcr Kaffee-Thermobecher gilt, l\u00e4sst sich auch wunderbar auf Glasflaschen f\u00fcr Wasser \u00fcbertragen! Diese k\u00f6nnt ihr jederzeit mit (Leitungs-)Wasser auff\u00fcllen und \u00fcberall mit hinnehmen. Sie sind definitiv eine nachhaltigere Alternative zu Plastikflaschen aus dem Discounter.<\/p>\n<\/div><\/section><\/div>\n\n<style type=\"text\/css\" data-created_by=\"avia_inline_auto\" id=\"style-css-av-udcouu-68327de2081dd04752263e02c668fbc7\">\n.flex_column.av-udcouu-68327de2081dd04752263e02c668fbc7{\nborder-radius:0px 0px 0px 0px;\npadding:0px 0px 0px 0px;\n}\n<\/style>\n<div  class='flex_column av-udcouu-68327de2081dd04752263e02c668fbc7 av_one_full  avia-builder-el-13  el_after_av_one_half  avia-builder-el-last  first flex_column_div av-zero-column-padding  column-top-margin'     ><section  class='av_textblock_section av-jub2hz4k-70e8b085743138a6fe590c3c28ab742e '   itemscope=\"itemscope\" itemtype=\"https:\/\/schema.org\/BlogPosting\" itemprop=\"blogPost\" ><div class='avia_textblock'  itemprop=\"text\" ><p style=\"text-align: justify\">Ihr seht, jeder kann seinen Beitrag zur Plastikreduktion beitragen und sich zumindest versuchen, zu bem\u00fchen. Es ist sehr wichtig und h\u00f6chste Zeit, dass jeder seinen Beitrag leistet. Schreibt uns gerne eure Gedanken zu dem Thema, bzw. falls ihr noch mehr Vorschl\u00e4ge oder Ideen zum Thema habt.<\/p>\n<\/div><\/section><\/div>\n","protected":false},"excerpt":{"rendered":"<p>Nachdem Niklas bereits mit gutem Beispiel voran ging und euch Tipps und Anregungen \u00fcber nachhaltigeres Leben (und damit einhergehend die Reduktion von Plastik und das Vermeiden von M\u00fcll) gegeben hat, kn\u00fcpfe ich an seinen Beitrag an und bringe euch heute gewisserma\u00dfen Part 2 zu \u201enachhaltig(er) leben \u2013 aber wie?\u201c.<\/p>\n","protected":false},"author":10433,"featured_media":16350,"comment_status":"open","ping_status":"open","sticky":false,"template":"","format":"standard","meta":{"_bbp_topic_count":0,"_bbp_reply_count":0,"_bbp_total_topic_count":0,"_bbp_total_reply_count":0,"_bbp_voice_count":0,"_bbp_anonymous_reply_count":0,"_bbp_topic_count_hidden":0,"_bbp_reply_count_hidden":0,"_bbp_forum_subforum_count":0,"footnotes":""},"categories":[10841],"tags":[13868,580302,580364,580360,26044,580365,580361,287,580362,383717,580363],"class_list":["post-12374","post","type-post","status-publish","format-standard","has-post-thumbnail","hentry","category-campus-aktuell","tag-bremen","tag-campus-eule","tag-festes-shampoo","tag-lush","tag-nachhaltigkeit","tag-plastikredution","tag-selfair","tag-uni-bremen","tag-unverpackt","tag-viertel","tag-zero-waste"],"_links":{"self":[{"href":"https:\/\/blogs.uni-bremen.de\/eule\/wp-json\/wp\/v2\/posts\/12374","targetHints":{"allow":["GET"]}}],"collection":[{"href":"https:\/\/blogs.uni-bremen.de\/eule\/wp-json\/wp\/v2\/posts"}],"about":[{"href":"https:\/\/blogs.uni-bremen.de\/eule\/wp-json\/wp\/v2\/types\/post"}],"author":[{"embeddable":true,"href":"https:\/\/blogs.uni-bremen.de\/eule\/wp-json\/wp\/v2\/users\/10433"}],"replies":[{"embeddable":true,"href":"https:\/\/blogs.uni-bremen.de\/eule\/wp-json\/wp\/v2\/comments?post=12374"}],"version-history":[{"count":11,"href":"https:\/\/blogs.uni-bremen.de\/eule\/wp-json\/wp\/v2\/posts\/12374\/revisions"}],"predecessor-version":[{"id":16841,"href":"https:\/\/blogs.uni-bremen.de\/eule\/wp-json\/wp\/v2\/posts\/12374\/revisions\/16841"}],"wp:featuredmedia":[{"embeddable":true,"href":"https:\/\/blogs.uni-bremen.de\/eule\/wp-json\/wp\/v2\/media\/16350"}],"wp:attachment":[{"href":"https:\/\/blogs.uni-bremen.de\/eule\/wp-json\/wp\/v2\/media?parent=12374"}],"wp:term":[{"taxonomy":"category","embeddable":true,"href":"https:\/\/blogs.uni-bremen.de\/eule\/wp-json\/wp\/v2\/categories?post=12374"},{"taxonomy":"post_tag","embeddable":true,"href":"https:\/\/blogs.uni-bremen.de\/eule\/wp-json\/wp\/v2\/tags?post=12374"}],"curies":[{"name":"wp","href":"https:\/\/api.w.org\/{rel}","templated":true}]}}