{"id":11548,"date":"2018-06-22T15:56:28","date_gmt":"2018-06-22T13:56:28","guid":{"rendered":"https:\/\/blogs.uni-bremen.de\/eule\/?p=11548"},"modified":"2021-10-08T11:41:00","modified_gmt":"2021-10-08T09:41:00","slug":"wahlergebnisse-sr-wahlen-2018","status":"publish","type":"post","link":"https:\/\/blogs.uni-bremen.de\/eule\/2018\/06\/22\/wahlergebnisse-sr-wahlen-2018\/","title":{"rendered":"Wahlergebnisse SR-Wahlen 2018"},"content":{"rendered":"<p>Vor einer Woche wurde der letzte Stimmzettel in die Urne geworfen. Die SR Wahlen 2018 sind nun offiziell beendet. Im Anschluss daran fanden die Stimmausz\u00e4hlungen statt, um herauszufinden, wer die studentischen Vertreter*innen im Studierendenrat (SR), im Akademischen Senat (AS) und in den Fachbereichen sein werden. Die EULe zeigt dir in diesem Artikel die Ergebnisse der Wahlen und erkl\u00e4rt, was diese Zahlen jetzt eigentlich bedeuten.<\/p>\n<h4><u>Hier die offiziellen Ergebnisse<\/u><\/h4>\n<p><b>Wahlberechtigte<\/b>: 18.699<\/p>\n<p><b>abgegebene, g\u00fcltige Stimmen: <\/b>1.984<\/p>\n<p>&nbsp;<\/p>\n<h4>Und was bedeuten diese Ergebnisse nun?<\/h4>\n<p>Die Mehrheitsverh\u00e4ltnisse und der Ausgang der Sondierungsgespr\u00e4che werden dar\u00fcber entscheiden, wie sich der neue AStA zusammensetzt. Der allgemeine Studierendenausschuss leistet die allt\u00e4gliche politische Arbeit, verwaltet einen guten Teil der Gelder, die durch unsere Semesterbeitr\u00e4ge gesammelt werden und bietet diverse Beratungs- und Serviceangebote f\u00fcr Studierende. Einige der Positionen im AStA, wie der Vorstand und die Referate, sind mit einer finanziellen Verg\u00fctung verbunden. Die Verteilung dieser Positionen sind daher in den Sondierungsgespr\u00e4chen stets wichtige Verhandlungsmasse. Die Listen und Parteien im SR m\u00fcssen also eine Koalition bilden, mit der sie die Mehrheit der Stimmen im SR auf sich vereinen und sich auf die Verteilung der Positionen im AStA einigen k\u00f6nnen m\u00fcssen.<\/p>\n<h4>Und was ist mit den Sitzen?<\/h4>\n<p>Der Studierendenrat besteht aus 25 Vertreter*innen. Dies ist die Sitzverteilung:<\/p>\n<p>&nbsp;<\/p>\n<p>Die Gruppierung im SR mit den meisten Sitzen wird nicht automatisch den AStA stellen. Sie hat jedoch in den Sondierungsgespr\u00e4chen die zun\u00e4chst vorteilhafteste Ausgangssituation. Dies trifft den Hochrechnungen zu Folge dieses Jahr abermals auf die SPD-nahe Liste AfA<span class=\"apple-converted-space\">\u00a0<\/span>zu. Laut der Ergebnisse erhalten diese 4 Sitze. FABELI, LHG und LDGL haben dieses Jahr 0 Sitze bekommen.<\/p>\n<p>Wir k\u00f6nnen also gespannt sein, was die Sondierungsgespr\u00e4che entscheiden werden und halten euch nat\u00fcrlich hier auf unserem Blog auf dem Laufenden. Bis dahin w\u00fcnschen wird den Listen ein aufregendes, arbeitsintensives Jahr und sind gespannt auf eure Neuerungen und \u00c4nderungen.<\/p>\n","protected":false},"excerpt":{"rendered":"<p>Die Ergebnisse der SR Wahlen 2018 sind ver\u00f6ffentlicht. Wie die Wahl ausgegangen ist und wer leider leer ausgehen muss, erfahrt ihr hier.<\/p>\n","protected":false},"author":6629,"featured_media":16350,"comment_status":"open","ping_status":"open","sticky":false,"template":"","format":"standard","meta":{"_bbp_topic_count":0,"_bbp_reply_count":0,"_bbp_total_topic_count":0,"_bbp_total_reply_count":0,"_bbp_voice_count":0,"_bbp_anonymous_reply_count":0,"_bbp_topic_count_hidden":0,"_bbp_reply_count_hidden":0,"_bbp_forum_subforum_count":0,"footnotes":""},"categories":[820156],"tags":[189,125571,287,15849],"class_list":["post-11548","post","type-post","status-publish","format-standard","has-post-thumbnail","hentry","category-dossier-sr-wahlen","tag-hochschulpolitik","tag-sr-wahlen","tag-uni-bremen","tag-wahlergebnisse"],"_links":{"self":[{"href":"https:\/\/blogs.uni-bremen.de\/eule\/wp-json\/wp\/v2\/posts\/11548","targetHints":{"allow":["GET"]}}],"collection":[{"href":"https:\/\/blogs.uni-bremen.de\/eule\/wp-json\/wp\/v2\/posts"}],"about":[{"href":"https:\/\/blogs.uni-bremen.de\/eule\/wp-json\/wp\/v2\/types\/post"}],"author":[{"embeddable":true,"href":"https:\/\/blogs.uni-bremen.de\/eule\/wp-json\/wp\/v2\/users\/6629"}],"replies":[{"embeddable":true,"href":"https:\/\/blogs.uni-bremen.de\/eule\/wp-json\/wp\/v2\/comments?post=11548"}],"version-history":[{"count":6,"href":"https:\/\/blogs.uni-bremen.de\/eule\/wp-json\/wp\/v2\/posts\/11548\/revisions"}],"predecessor-version":[{"id":16780,"href":"https:\/\/blogs.uni-bremen.de\/eule\/wp-json\/wp\/v2\/posts\/11548\/revisions\/16780"}],"wp:featuredmedia":[{"embeddable":true,"href":"https:\/\/blogs.uni-bremen.de\/eule\/wp-json\/wp\/v2\/media\/16350"}],"wp:attachment":[{"href":"https:\/\/blogs.uni-bremen.de\/eule\/wp-json\/wp\/v2\/media?parent=11548"}],"wp:term":[{"taxonomy":"category","embeddable":true,"href":"https:\/\/blogs.uni-bremen.de\/eule\/wp-json\/wp\/v2\/categories?post=11548"},{"taxonomy":"post_tag","embeddable":true,"href":"https:\/\/blogs.uni-bremen.de\/eule\/wp-json\/wp\/v2\/tags?post=11548"}],"curies":[{"name":"wp","href":"https:\/\/api.w.org\/{rel}","templated":true}]}}