{"id":11370,"date":"2018-06-15T09:41:24","date_gmt":"2018-06-15T07:41:24","guid":{"rendered":"https:\/\/blogs.uni-bremen.de\/eule\/?p=11370"},"modified":"2021-10-08T11:39:07","modified_gmt":"2021-10-08T09:39:07","slug":"das-wahlkampf-mosaik","status":"publish","type":"post","link":"https:\/\/blogs.uni-bremen.de\/eule\/2018\/06\/15\/das-wahlkampf-mosaik\/","title":{"rendered":"Das Wahlkampf-Mosaik"},"content":{"rendered":"<section  class='av_textblock_section av-4kn4vey-76aca5712d5edc78965f1ae6f6612665 '   itemscope=\"itemscope\" itemtype=\"https:\/\/schema.org\/BlogPosting\" itemprop=\"blogPost\" ><div class='avia_textblock'  itemprop=\"text\" ><p style=\"text-align: justify\">In den letzten beiden Wochen drehte sich hier auf unserem Blog alles um die SR-Wahlen. In unserem <a href=\"https:\/\/blogs.uni-bremen.de\/eule\/2018\/05\/25\/ein-kleines-sr-wahlen-abc\/\">SR-Wahlen ABC<\/a> konntet ihr erfahren, <em>warum und wie<\/em> ihr w\u00e4hlen solltet; und unsere Listen-Videos haben euch vorgestellt, <em>wen<\/em> ihr w\u00e4hlen k\u00f6nnt. Da man auf dem zugeklebten Campus trotzdem schnell den \u00dcberblick verlieren kann und uns Eure Meinungen ebenfalls wichtig sind, haben wir uns zum Ende der Wahlwoche noch folgende Frage gestellt: <em>Was haltet ihr Studis eigentlich vom diesj\u00e4hrigen Wahlkampf?\u00a0<\/em><\/p>\n<p style=\"text-align: justify\">Daf\u00fcr haben wir uns auf dem Campus umgeh\u00f6rt und hier einige Meinungen zu den diesj\u00e4hrigen Listen f\u00fcr euch gesammelt!<\/p>\n<\/div><\/section>\n<div  class='avia-slideshow av-jiese71r-68d00da74b4573f67ce9cead5b2d502c avia-slideshow-large av_slideshow avia-slide-slider  avia-builder-el-1  el_after_av_textblock  el_before_av_textblock  av-slideshow-ui av-control-default av-slideshow-manual av-loop-once av-loop-manual-endless av-default-height-applied avia-slideshow-1' data-slideshow-options=\"{&quot;animation&quot;:&quot;slide&quot;,&quot;autoplay&quot;:false,&quot;loop_autoplay&quot;:&quot;once&quot;,&quot;interval&quot;:7,&quot;loop_manual&quot;:&quot;manual-endless&quot;,&quot;autoplay_stopper&quot;:false,&quot;noNavigation&quot;:false,&quot;bg_slider&quot;:false,&quot;keep_padding&quot;:false,&quot;hoverpause&quot;:false,&quot;show_slide_delay&quot;:0}\"  itemprop=\"image\" itemscope=\"itemscope\" itemtype=\"https:\/\/schema.org\/ImageObject\" ><ul class='avia-slideshow-inner ' style='padding-bottom: 60%;'><li  class='avia-slideshow-slide av-jiese71r-68d00da74b4573f67ce9cead5b2d502c__0  slide-1 slide-odd'><div data-rel='slideshow-1' class='avia-slide-wrap '   ><div class='av-slideshow-caption av-jiese71r-68d00da74b4573f67ce9cead5b2d502c__0 avia-caption'><div class=\"avia-inner-caption\"><h2 class='avia-caption-title '  itemprop=\"name\" >Tierrechtsliste<\/h2><div class='avia-caption-content '  itemprop=\"description\" ><p>Ina (21), studiert Biologie:<br \/>\n\u201eHatten sie diese Plakate nicht schon letztes Jahr? (lacht) [\u2026] Unterst\u00fctze ich aber definitiv.<br \/>\nTierschutz ist voll mein Thema. Ich w\u00e4re aber gespannt, wie genau sie das konkret auf dem Campus<br \/>\numsetzen werden, in Zukunft. Vielleicht mehr Salat in der Mensa (lacht)\u201c.<\/p>\n<\/div><\/div><\/div><img decoding=\"async\" fetchpriority=\"high\" class=\"wp-image-11375 avia-img-lazy-loading-not-11375\"  src=\"https:\/\/blogs.uni-bremen.de\/eule\/files\/2018\/06\/Tierrechtsliste-1030x618.jpg\" width=\"1030\" height=\"618\" title='Tierrechtsliste' alt=''  itemprop=\"thumbnailUrl\" srcset=\"https:\/\/blogs.uni-bremen.de\/eule\/files\/2018\/06\/Tierrechtsliste-1030x618.jpg 1030w, https:\/\/blogs.uni-bremen.de\/eule\/files\/2018\/06\/Tierrechtsliste-300x180.jpg 300w, https:\/\/blogs.uni-bremen.de\/eule\/files\/2018\/06\/Tierrechtsliste-768x461.jpg 768w, https:\/\/blogs.uni-bremen.de\/eule\/files\/2018\/06\/Tierrechtsliste-1500x900.jpg 1500w, https:\/\/blogs.uni-bremen.de\/eule\/files\/2018\/06\/Tierrechtsliste-705x423.jpg 705w, https:\/\/blogs.uni-bremen.de\/eule\/files\/2018\/06\/Tierrechtsliste-450x270.jpg 450w\" sizes=\"(max-width: 1030px) 100vw, 1030px\" \/><\/div><\/li><li  class='avia-slideshow-slide av-jiese71r-68d00da74b4573f67ce9cead5b2d502c__1  slide-2 slide-even'><div data-rel='slideshow-1' class='avia-slide-wrap '   ><div class='av-slideshow-caption av-jiese71r-68d00da74b4573f67ce9cead5b2d502c__1 avia-caption'><div class=\"avia-inner-caption\"><h2 class='avia-caption-title '  itemprop=\"name\" >Die Linke SDS<\/h2><div class='avia-caption-content '  itemprop=\"description\" ><p>Alina (25), studiert Kunst:<br \/>\n\u201eMir fehlt noch ein Eye-Catcher auf dem Plakat. Aber zumindest scheint so die Message im Fokus<br \/>\nzu stehen [\u2026] mit den veganen Alternativen haben sie sowas von Recht! Es nervt einfach, dass diese<br \/>\nimmer teurer sind. Aber das Thema h\u00e4tte ich eher auf einem Plakat von Gabi oder dieser<br \/>\nTierrechtsliste erwartet. Veganer-Bating (lacht)\u201c<\/p>\n<\/div><\/div><\/div><img decoding=\"async\" fetchpriority=\"high\" class=\"wp-image-11376 avia-img-lazy-loading-not-11376\"  src=\"https:\/\/blogs.uni-bremen.de\/eule\/files\/2018\/06\/LinkeSDS_2-1030x618.jpg\" width=\"1030\" height=\"618\" title='LinkeSDS_2' alt=''  itemprop=\"thumbnailUrl\" srcset=\"https:\/\/blogs.uni-bremen.de\/eule\/files\/2018\/06\/LinkeSDS_2-1030x618.jpg 1030w, https:\/\/blogs.uni-bremen.de\/eule\/files\/2018\/06\/LinkeSDS_2-300x180.jpg 300w, https:\/\/blogs.uni-bremen.de\/eule\/files\/2018\/06\/LinkeSDS_2-768x461.jpg 768w, https:\/\/blogs.uni-bremen.de\/eule\/files\/2018\/06\/LinkeSDS_2-1500x900.jpg 1500w, https:\/\/blogs.uni-bremen.de\/eule\/files\/2018\/06\/LinkeSDS_2-705x423.jpg 705w, https:\/\/blogs.uni-bremen.de\/eule\/files\/2018\/06\/LinkeSDS_2-450x270.jpg 450w\" sizes=\"(max-width: 1030px) 100vw, 1030px\" \/><\/div><\/li><li  class='avia-slideshow-slide av-jiese71r-68d00da74b4573f67ce9cead5b2d502c__2  slide-3 slide-odd'><div data-rel='slideshow-1' class='avia-slide-wrap '   ><div class='av-slideshow-caption av-jiese71r-68d00da74b4573f67ce9cead5b2d502c__2 avia-caption'><div class=\"avia-inner-caption\"><h2 class='avia-caption-title '  itemprop=\"name\" >DOPE<\/h2><div class='avia-caption-content '  itemprop=\"description\" ><p>Julia (25), studiert Germanistik und Englisch:<br \/>\n&#8222;Ach, das sind die, die hier alles vollschmieren. Ja, das habe ich schon an anderen Stellen gesehen [&#8230;]. Wer wei\u00df, wie viel hinter dem Namen steckt? Ich pers\u00f6nlich finde das etwas [&#8230;] unpassend. Was meinen die \u00fcberhaupt mit einer Karte f\u00fcr alle?&#8220;<\/p>\n<\/div><\/div><\/div><img decoding=\"async\" fetchpriority=\"high\" class=\"wp-image-11378 avia-img-lazy-loading-not-11378\"  src=\"https:\/\/blogs.uni-bremen.de\/eule\/files\/2018\/06\/DOPE_2-1030x618.jpg\" width=\"1030\" height=\"618\" title='DOPE_2' alt=''  itemprop=\"thumbnailUrl\" srcset=\"https:\/\/blogs.uni-bremen.de\/eule\/files\/2018\/06\/DOPE_2-1030x618.jpg 1030w, https:\/\/blogs.uni-bremen.de\/eule\/files\/2018\/06\/DOPE_2-300x180.jpg 300w, https:\/\/blogs.uni-bremen.de\/eule\/files\/2018\/06\/DOPE_2-768x461.jpg 768w, https:\/\/blogs.uni-bremen.de\/eule\/files\/2018\/06\/DOPE_2-1500x900.jpg 1500w, https:\/\/blogs.uni-bremen.de\/eule\/files\/2018\/06\/DOPE_2-705x423.jpg 705w, https:\/\/blogs.uni-bremen.de\/eule\/files\/2018\/06\/DOPE_2-450x270.jpg 450w\" sizes=\"(max-width: 1030px) 100vw, 1030px\" \/><\/div><\/li><li  class='avia-slideshow-slide av-jiese71r-68d00da74b4573f67ce9cead5b2d502c__3  slide-4 slide-even'><div data-rel='slideshow-1' class='avia-slide-wrap '   ><div class='av-slideshow-caption av-jiese71r-68d00da74b4573f67ce9cead5b2d502c__3 avia-caption'><div class=\"avia-inner-caption\"><h2 class='avia-caption-title '  itemprop=\"name\" >GABI<\/h2><div class='avia-caption-content '  itemprop=\"description\" ><p>Ren\u00e9 (20), studiert Politikwissenschaften:<br \/>\n&#8222;Also die sind mir tats\u00e4chlich aufgefallen. Alles sehr gr\u00fcn, oder? Die Spr\u00fcche gefallen mir auch, die bleiben halt im Ged\u00e4chtnis&#8220;.<\/p>\n<\/div><\/div><\/div><img decoding=\"async\" fetchpriority=\"high\" class=\"wp-image-11383 avia-img-lazy-loading-not-11383\"  src=\"https:\/\/blogs.uni-bremen.de\/eule\/files\/2018\/06\/GABI_3-1030x618.jpg\" width=\"1030\" height=\"618\" title='GABI_3' alt=''  itemprop=\"thumbnailUrl\" srcset=\"https:\/\/blogs.uni-bremen.de\/eule\/files\/2018\/06\/GABI_3-1030x618.jpg 1030w, https:\/\/blogs.uni-bremen.de\/eule\/files\/2018\/06\/GABI_3-300x180.jpg 300w, https:\/\/blogs.uni-bremen.de\/eule\/files\/2018\/06\/GABI_3-768x461.jpg 768w, https:\/\/blogs.uni-bremen.de\/eule\/files\/2018\/06\/GABI_3-1500x900.jpg 1500w, https:\/\/blogs.uni-bremen.de\/eule\/files\/2018\/06\/GABI_3-705x423.jpg 705w, https:\/\/blogs.uni-bremen.de\/eule\/files\/2018\/06\/GABI_3-450x270.jpg 450w\" sizes=\"(max-width: 1030px) 100vw, 1030px\" \/><\/div><\/li><li  class='avia-slideshow-slide av-jiese71r-68d00da74b4573f67ce9cead5b2d502c__4  slide-5 slide-odd'><div data-rel='slideshow-1' class='avia-slide-wrap '   ><div class='av-slideshow-caption av-jiese71r-68d00da74b4573f67ce9cead5b2d502c__4 avia-caption'><div class=\"avia-inner-caption\"><h2 class='avia-caption-title '  itemprop=\"name\" >DOPE<\/h2><div class='avia-caption-content '  itemprop=\"description\" ><p>Melina (25), studiert Kulturwissenschaften:<br \/>\n\u201eDer Name ist definitiv catchy [&#8230;] auf dem Campus sieht man die Plakate diese Woche \u00fcberall. Haben<br \/>\nauch einige verschiedene. Die Forderungen finde ich schon sehr sinnvoll, besonders diese \u201eAlles-in-einem\u201c<br \/>\nKarte [&#8230;] Die Partei ist neu oder? Erscheinen mir etwas \u00fcberm\u00fctig, aber vielleicht bringt das<br \/>\nSchwung in die Uni-Politik\u201c.<\/p>\n<\/div><\/div><\/div><img decoding=\"async\" fetchpriority=\"high\" class=\"wp-image-11377 avia-img-lazy-loading-not-11377\"  src=\"https:\/\/blogs.uni-bremen.de\/eule\/files\/2018\/06\/DOPE_1-1030x618.jpg\" width=\"1030\" height=\"618\" title='DOPE_1' alt=''  itemprop=\"thumbnailUrl\" srcset=\"https:\/\/blogs.uni-bremen.de\/eule\/files\/2018\/06\/DOPE_1-1030x618.jpg 1030w, https:\/\/blogs.uni-bremen.de\/eule\/files\/2018\/06\/DOPE_1-300x180.jpg 300w, https:\/\/blogs.uni-bremen.de\/eule\/files\/2018\/06\/DOPE_1-768x461.jpg 768w, https:\/\/blogs.uni-bremen.de\/eule\/files\/2018\/06\/DOPE_1-1500x900.jpg 1500w, https:\/\/blogs.uni-bremen.de\/eule\/files\/2018\/06\/DOPE_1-705x423.jpg 705w, https:\/\/blogs.uni-bremen.de\/eule\/files\/2018\/06\/DOPE_1-450x270.jpg 450w\" sizes=\"(max-width: 1030px) 100vw, 1030px\" \/><\/div><\/li><li  class='avia-slideshow-slide av-jiese71r-68d00da74b4573f67ce9cead5b2d502c__5  slide-6 slide-even'><div data-rel='slideshow-1' class='avia-slide-wrap '   ><div class='av-slideshow-caption av-jiese71r-68d00da74b4573f67ce9cead5b2d502c__5 avia-caption'><div class=\"avia-inner-caption\"><h2 class='avia-caption-title '  itemprop=\"name\" >MINT<\/h2><div class='avia-caption-content '  itemprop=\"description\" ><p>Marcus (23), studiert Kommunikations- &amp; Medienwissenschaften:<br \/>\n\u201eGeh\u00f6re den Studieng\u00e4ngen dort nun nicht an &#8230;wei\u00df nicht, was sie f\u00fcr mich pers\u00f6nlich tun sollten. Auf dem Plakat alleine sehe ich nun keine anderen Wahlversprechen.\u201c<\/p>\n<\/div><\/div><\/div><img decoding=\"async\" fetchpriority=\"high\" class=\"wp-image-11390 avia-img-lazy-loading-not-11390\"  src=\"https:\/\/blogs.uni-bremen.de\/eule\/files\/2018\/06\/5_preview-1030x618.jpg\" width=\"1030\" height=\"618\" title='5_preview' alt=''  itemprop=\"thumbnailUrl\" srcset=\"https:\/\/blogs.uni-bremen.de\/eule\/files\/2018\/06\/5_preview-1030x618.jpg 1030w, https:\/\/blogs.uni-bremen.de\/eule\/files\/2018\/06\/5_preview-300x180.jpg 300w, https:\/\/blogs.uni-bremen.de\/eule\/files\/2018\/06\/5_preview-768x461.jpg 768w, https:\/\/blogs.uni-bremen.de\/eule\/files\/2018\/06\/5_preview-1500x900.jpg 1500w, https:\/\/blogs.uni-bremen.de\/eule\/files\/2018\/06\/5_preview-705x423.jpg 705w, https:\/\/blogs.uni-bremen.de\/eule\/files\/2018\/06\/5_preview-450x270.jpg 450w, https:\/\/blogs.uni-bremen.de\/eule\/files\/2018\/06\/5_preview.jpg 1600w\" sizes=\"(max-width: 1030px) 100vw, 1030px\" \/><\/div><\/li><li  class='avia-slideshow-slide av-jiese71r-68d00da74b4573f67ce9cead5b2d502c__6  slide-7 slide-odd'><div data-rel='slideshow-1' class='avia-slide-wrap '   ><div class='av-slideshow-caption av-jiese71r-68d00da74b4573f67ce9cead5b2d502c__6 avia-caption'><div class=\"avia-inner-caption\"><h2 class='avia-caption-title '  itemprop=\"name\" >GABI<\/h2><div class='avia-caption-content '  itemprop=\"description\" ><p>Natalie (24), studiert Kulturwissenschaften:<br \/>\n\u201eViele fragen sich ja, was Nachhaltigkeit mit diesen ganzen Plakaten zu tun hat [&#8230;] aber zumindest ist<br \/>\nes Papier (lacht). Aber es stimmt, alle reden viel \u00fcber Nachhaltigkeit, aber es auch am Campus<br \/>\numzusetzen [&#8230;] das ist eine Herausforderung, wenn hier schon so vieles anderes nicht so glatt von<br \/>\nstatten geht\u201c.<\/p>\n<\/div><\/div><\/div><img decoding=\"async\" fetchpriority=\"high\" class=\"wp-image-11381 avia-img-lazy-loading-not-11381\"  src=\"https:\/\/blogs.uni-bremen.de\/eule\/files\/2018\/06\/GABI_1-1030x618.jpg\" width=\"1030\" height=\"618\" title='GABI_1' alt=''  itemprop=\"thumbnailUrl\" srcset=\"https:\/\/blogs.uni-bremen.de\/eule\/files\/2018\/06\/GABI_1-1030x618.jpg 1030w, https:\/\/blogs.uni-bremen.de\/eule\/files\/2018\/06\/GABI_1-300x180.jpg 300w, https:\/\/blogs.uni-bremen.de\/eule\/files\/2018\/06\/GABI_1-768x461.jpg 768w, https:\/\/blogs.uni-bremen.de\/eule\/files\/2018\/06\/GABI_1-1500x900.jpg 1500w, https:\/\/blogs.uni-bremen.de\/eule\/files\/2018\/06\/GABI_1-705x423.jpg 705w, https:\/\/blogs.uni-bremen.de\/eule\/files\/2018\/06\/GABI_1-450x270.jpg 450w\" sizes=\"(max-width: 1030px) 100vw, 1030px\" \/><\/div><\/li><li  class='avia-slideshow-slide av-jiese71r-68d00da74b4573f67ce9cead5b2d502c__7  slide-8 slide-even'><div data-rel='slideshow-1' class='avia-slide-wrap '   ><div class='av-slideshow-caption av-jiese71r-68d00da74b4573f67ce9cead5b2d502c__7 avia-caption'><div class=\"avia-inner-caption\"><h2 class='avia-caption-title '  itemprop=\"name\" >DOPE<\/h2><div class='avia-caption-content '  itemprop=\"description\" ><p>Erim, studiert Medieninformatik:<br \/>\n\u201eMit diesen Baf\u00f6g-Punkten habe ich jetzt auch zu K\u00e4mpfen [\u2026]. Nat\u00fcrlich w\u00e4re ich auch f\u00fcr eine<br \/>\nAbschaffung dieser Zahlen (lacht). Selbstbestimmt ist das Studium so nicht, damit haben sie<br \/>\nRecht [&#8230;] aber es gibt sicher einige Leute hier, die endlos Baf\u00f6g scheffeln w\u00fcrden, wenn sie k\u00f6nnten.<br \/>\nMan braucht ein wenig Druck im Nacken [&#8230;] aber vielleicht nicht ganz so gro\u00dfen\u201c.<\/p>\n<\/div><\/div><\/div><img decoding=\"async\" fetchpriority=\"high\" class=\"wp-image-11380 avia-img-lazy-loading-not-11380\"  src=\"https:\/\/blogs.uni-bremen.de\/eule\/files\/2018\/06\/DOPE_4-1030x618.jpg\" width=\"1030\" height=\"618\" title='DOPE_4' alt=''  itemprop=\"thumbnailUrl\" srcset=\"https:\/\/blogs.uni-bremen.de\/eule\/files\/2018\/06\/DOPE_4-1030x618.jpg 1030w, https:\/\/blogs.uni-bremen.de\/eule\/files\/2018\/06\/DOPE_4-300x180.jpg 300w, https:\/\/blogs.uni-bremen.de\/eule\/files\/2018\/06\/DOPE_4-768x461.jpg 768w, https:\/\/blogs.uni-bremen.de\/eule\/files\/2018\/06\/DOPE_4-1500x900.jpg 1500w, https:\/\/blogs.uni-bremen.de\/eule\/files\/2018\/06\/DOPE_4-705x423.jpg 705w, https:\/\/blogs.uni-bremen.de\/eule\/files\/2018\/06\/DOPE_4-450x270.jpg 450w\" sizes=\"(max-width: 1030px) 100vw, 1030px\" \/><\/div><\/li><li  class='avia-slideshow-slide av-jiese71r-68d00da74b4573f67ce9cead5b2d502c__8  slide-9 slide-odd'><div data-rel='slideshow-1' class='avia-slide-wrap '   ><div class='av-slideshow-caption av-jiese71r-68d00da74b4573f67ce9cead5b2d502c__8 avia-caption'><div class=\"avia-inner-caption\"><h2 class='avia-caption-title '  itemprop=\"name\" >DIE PARTEI<\/h2><div class='avia-caption-content '  itemprop=\"description\" ><p>Leni, studiert Kommunikations- &amp; Medienwissenschaften: \u201eFreue mich jedes Jahr wieder, wenn die Wahlkampf betreiben. Ein bisschen Satire muss auch sein. [\u2026] Die Flyer sind zum schreien (lacht). Aber ob ich sie w\u00e4hlen w\u00fcrde [\u2026] ich gebe meine Stimme eher denen, die motiviert scheinen, wirklich &#8218;was zu \u00e4ndern an der Uni.\u201c<\/p>\n<\/div><\/div><\/div><img decoding=\"async\" fetchpriority=\"high\" class=\"wp-image-11391 avia-img-lazy-loading-not-11391\"  src=\"https:\/\/blogs.uni-bremen.de\/eule\/files\/2018\/06\/7_preview-1030x618.jpg\" width=\"1030\" height=\"618\" title='7_preview' alt=''  itemprop=\"thumbnailUrl\" srcset=\"https:\/\/blogs.uni-bremen.de\/eule\/files\/2018\/06\/7_preview-1030x618.jpg 1030w, https:\/\/blogs.uni-bremen.de\/eule\/files\/2018\/06\/7_preview-300x180.jpg 300w, https:\/\/blogs.uni-bremen.de\/eule\/files\/2018\/06\/7_preview-768x461.jpg 768w, https:\/\/blogs.uni-bremen.de\/eule\/files\/2018\/06\/7_preview-1500x900.jpg 1500w, https:\/\/blogs.uni-bremen.de\/eule\/files\/2018\/06\/7_preview-705x423.jpg 705w, https:\/\/blogs.uni-bremen.de\/eule\/files\/2018\/06\/7_preview-450x270.jpg 450w, https:\/\/blogs.uni-bremen.de\/eule\/files\/2018\/06\/7_preview.jpg 1600w\" sizes=\"(max-width: 1030px) 100vw, 1030px\" \/><\/div><\/li><li  class='avia-slideshow-slide av-jiese71r-68d00da74b4573f67ce9cead5b2d502c__9  slide-10 slide-even'><div data-rel='slideshow-1' class='avia-slide-wrap '   ><div class='av-slideshow-caption av-jiese71r-68d00da74b4573f67ce9cead5b2d502c__9 avia-caption'><div class=\"avia-inner-caption\"><h2 class='avia-caption-title '  itemprop=\"name\" >Die Linke SDS<\/h2><div class='avia-caption-content '  itemprop=\"description\" ><p>Michael (24), studiert Informatik:<br \/>\n&#8222;Die wollen immer viel ver\u00e4ndern, aber wie soll das erreicht werden? Weniger oder keine Verwaltungsgeb\u00fchren zu zahlen finde ich gut [&#8230;] ich kann mir nur nicht vorstellen, wie das funktionieren soll? [&#8230;] An sich finde ich es aber gut sich hohe Ziele zu stecken&#8220;.<\/p>\n<\/div><\/div><\/div><img decoding=\"async\" fetchpriority=\"high\" class=\"wp-image-11384 avia-img-lazy-loading-not-11384\"  src=\"https:\/\/blogs.uni-bremen.de\/eule\/files\/2018\/06\/LinkeSDS_1-1030x618.jpg\" width=\"1030\" height=\"618\" title='LinkeSDS_1' alt=''  itemprop=\"thumbnailUrl\" srcset=\"https:\/\/blogs.uni-bremen.de\/eule\/files\/2018\/06\/LinkeSDS_1-1030x618.jpg 1030w, https:\/\/blogs.uni-bremen.de\/eule\/files\/2018\/06\/LinkeSDS_1-300x180.jpg 300w, https:\/\/blogs.uni-bremen.de\/eule\/files\/2018\/06\/LinkeSDS_1-768x461.jpg 768w, https:\/\/blogs.uni-bremen.de\/eule\/files\/2018\/06\/LinkeSDS_1-1500x900.jpg 1500w, https:\/\/blogs.uni-bremen.de\/eule\/files\/2018\/06\/LinkeSDS_1-705x423.jpg 705w, https:\/\/blogs.uni-bremen.de\/eule\/files\/2018\/06\/LinkeSDS_1-450x270.jpg 450w\" sizes=\"(max-width: 1030px) 100vw, 1030px\" \/><\/div><\/li><li  class='avia-slideshow-slide av-jiese71r-68d00da74b4573f67ce9cead5b2d502c__10  slide-11 slide-odd'><div data-rel='slideshow-1' class='avia-slide-wrap '   ><div class='av-slideshow-caption av-jiese71r-68d00da74b4573f67ce9cead5b2d502c__10 avia-caption'><div class=\"avia-inner-caption\"><h2 class='avia-caption-title '  itemprop=\"name\" >WIWI Jura<\/h2><div class='avia-caption-content '  itemprop=\"description\" ><p>Jannis (26):<br \/>\n\u201eZuf\u00e4llig studiere ich auch Wirtschaftswissenschaften (lacht) [&#8230;] das Plakat selber ist vielleicht f\u00fcr andere nicht unglaublich spannend. Aber ich finde es gut, dass auch wir in den Wahlen vertreten werden. Muss mich jetzt nur dar\u00fcber informieren, wie genau (lacht)\u201c<\/p>\n<\/div><\/div><\/div><img decoding=\"async\" fetchpriority=\"high\" class=\"wp-image-11392 avia-img-lazy-loading-not-11392\"  src=\"https:\/\/blogs.uni-bremen.de\/eule\/files\/2018\/06\/8_preview-1030x618.jpg\" width=\"1030\" height=\"618\" title='8_preview' alt=''  itemprop=\"thumbnailUrl\" srcset=\"https:\/\/blogs.uni-bremen.de\/eule\/files\/2018\/06\/8_preview-1030x618.jpg 1030w, https:\/\/blogs.uni-bremen.de\/eule\/files\/2018\/06\/8_preview-300x180.jpg 300w, https:\/\/blogs.uni-bremen.de\/eule\/files\/2018\/06\/8_preview-768x461.jpg 768w, https:\/\/blogs.uni-bremen.de\/eule\/files\/2018\/06\/8_preview-1500x900.jpg 1500w, https:\/\/blogs.uni-bremen.de\/eule\/files\/2018\/06\/8_preview-705x423.jpg 705w, https:\/\/blogs.uni-bremen.de\/eule\/files\/2018\/06\/8_preview-450x270.jpg 450w, https:\/\/blogs.uni-bremen.de\/eule\/files\/2018\/06\/8_preview.jpg 1600w\" sizes=\"(max-width: 1030px) 100vw, 1030px\" \/><\/div><\/li><\/ul><div class='avia-slideshow-arrows avia-slideshow-controls' ><a href='#prev' class='prev-slide ' aria-hidden='true' data-av_icon='\ue87c' data-av_iconfont='entypo-fontello'  tabindex='-1'>Zur\u00fcck<\/a><a href='#next' class='next-slide ' aria-hidden='true' data-av_icon='\ue87d' data-av_iconfont='entypo-fontello'  tabindex='-1'>Weiter<\/a><\/div><div class='avia-slideshow-dots avia-slideshow-controls'><a href='#1' class='goto-slide active' >1<\/a><a href='#2' class='goto-slide ' >2<\/a><a href='#3' class='goto-slide ' >3<\/a><a href='#4' class='goto-slide ' >4<\/a><a href='#5' class='goto-slide ' >5<\/a><a href='#6' class='goto-slide ' >6<\/a><a href='#7' class='goto-slide ' >7<\/a><a href='#8' class='goto-slide ' >8<\/a><a href='#9' class='goto-slide ' >9<\/a><a href='#10' class='goto-slide ' >10<\/a><a href='#11' class='goto-slide ' >11<\/a><\/div><\/div>\n<section  class='av_textblock_section av-wxkpoq-d214067d50b24fffb70642adbf6b1a0d '   itemscope=\"itemscope\" itemtype=\"https:\/\/schema.org\/BlogPosting\" itemprop=\"blogPost\" ><div class='avia_textblock'  itemprop=\"text\" ><p><strong>Heute ist \u00fcbrigens der letzte Wahltag! Habt ihr weitere Meinungen zu den Wahlplakaten und den Listen?<\/strong><\/p>\n<\/div><\/section>\n","protected":false},"excerpt":{"rendered":"<p>In den letzten beiden Wochen drehte sich hier auf unserem Blog alles um die SR-Wahlen. Wir haben ein SR-Wahlen ABC f\u00fcr euch zusammengestellt und die einzelnen Listen die zur Wahl stehen vorgestellt. Da man doch trotzdem sehr schnell den \u00dcberblick verlieren kann und uns eure Meinung ebenfalls wichtig ist haben wir uns zum Ende der Wahlwoche aber auch noch folgende Frage gestellt: Was haltet ihr Studis eigentlich davon?\u00a0<\/p>\n","protected":false},"author":7263,"featured_media":16350,"comment_status":"open","ping_status":"open","sticky":false,"template":"","format":"standard","meta":{"_bbp_topic_count":0,"_bbp_reply_count":0,"_bbp_total_topic_count":0,"_bbp_total_reply_count":0,"_bbp_voice_count":0,"_bbp_anonymous_reply_count":0,"_bbp_topic_count_hidden":0,"_bbp_reply_count_hidden":0,"_bbp_forum_subforum_count":0,"footnotes":""},"categories":[10841,820156],"tags":[18498,543478,125571,125533,290],"class_list":["post-11370","post","type-post","status-publish","format-standard","has-post-thumbnail","hentry","category-campus-aktuell","category-dossier-sr-wahlen","tag-meinungen","tag-mosaik","tag-sr-wahlen","tag-studierendenratswahlen","tag-wahlkampf"],"_links":{"self":[{"href":"https:\/\/blogs.uni-bremen.de\/eule\/wp-json\/wp\/v2\/posts\/11370","targetHints":{"allow":["GET"]}}],"collection":[{"href":"https:\/\/blogs.uni-bremen.de\/eule\/wp-json\/wp\/v2\/posts"}],"about":[{"href":"https:\/\/blogs.uni-bremen.de\/eule\/wp-json\/wp\/v2\/types\/post"}],"author":[{"embeddable":true,"href":"https:\/\/blogs.uni-bremen.de\/eule\/wp-json\/wp\/v2\/users\/7263"}],"replies":[{"embeddable":true,"href":"https:\/\/blogs.uni-bremen.de\/eule\/wp-json\/wp\/v2\/comments?post=11370"}],"version-history":[{"count":6,"href":"https:\/\/blogs.uni-bremen.de\/eule\/wp-json\/wp\/v2\/posts\/11370\/revisions"}],"predecessor-version":[{"id":16778,"href":"https:\/\/blogs.uni-bremen.de\/eule\/wp-json\/wp\/v2\/posts\/11370\/revisions\/16778"}],"wp:featuredmedia":[{"embeddable":true,"href":"https:\/\/blogs.uni-bremen.de\/eule\/wp-json\/wp\/v2\/media\/16350"}],"wp:attachment":[{"href":"https:\/\/blogs.uni-bremen.de\/eule\/wp-json\/wp\/v2\/media?parent=11370"}],"wp:term":[{"taxonomy":"category","embeddable":true,"href":"https:\/\/blogs.uni-bremen.de\/eule\/wp-json\/wp\/v2\/categories?post=11370"},{"taxonomy":"post_tag","embeddable":true,"href":"https:\/\/blogs.uni-bremen.de\/eule\/wp-json\/wp\/v2\/tags?post=11370"}],"curies":[{"name":"wp","href":"https:\/\/api.w.org\/{rel}","templated":true}]}}