{"id":1045,"date":"2012-11-08T12:48:12","date_gmt":"2012-11-08T11:48:12","guid":{"rendered":"http:\/\/blogs.uni-bremen.de\/eule\/?p=1045"},"modified":"2016-11-18T18:08:28","modified_gmt":"2016-11-18T17:08:28","slug":"moment-mal-wer-hat-sich-denn-da","status":"publish","type":"post","link":"https:\/\/blogs.uni-bremen.de\/eule\/2012\/11\/08\/moment-mal-wer-hat-sich-denn-da\/","title":{"rendered":"Moment Mal! Wer hat sich denn da&#8230;."},"content":{"rendered":"<p><strong><a href=\"https:\/\/www.uni-bremen.de\/fileadmin\/user_upload\/single_sites\/eule\/Moment_mal\/wintermarkt_01.jpg\" data-rel=\"lightbox-image-0\" data-rl_title=\"\" data-rl_caption=\"\" title=\"\"><img loading=\"lazy\" decoding=\"async\" class=\"alignleft\" src=\"https:\/\/www.uni-bremen.de\/fileadmin\/user_upload\/single_sites\/eule\/Moment_mal\/wintermarkt_01.jpg\" alt=\"Wintermarkt\" width=\"300\" height=\"173\" \/><\/a>\u2026 in unsere Mensa eingeschlichen? Jop, es ist Sonntag und die Mensa is rappelvoll. Ergo muss es wohl etwas Gutes zum Essen geben. Das ist aber in erster Linie nicht der Fall. Begl\u00fcckw\u00fcnscht sich die Uni selbst wieder und gibt eine Feier? Auch dies ist nicht der Grund. Okay, was dann? Sogar 3.50 Euro Eintritt mussten wir l\u00f6hnen (3 Euro erm\u00e4\u00dfigt). Ach, Wintermarkt nennen die das. Winter? Ist es schon soweit? Ich konnte nur die Schultern zucken, aber neugierig hat es mich dann doch gemacht. Sonntagsausflug! Ich habe mir einen guten Freund unter die Arme geschnallt und bin los. Vielleicht kann ich euch ja nun erkl\u00e4ren was ein Wintermarkt in unserer Mensa macht.<\/strong><\/p>\n<p><!--more--><\/p>\n<p><a href=\"https:\/\/www.uni-bremen.de\/fileadmin\/user_upload\/single_sites\/eule\/Moment_mal\/wintermarkt_02.jpg\" data-rel=\"lightbox-image-1\" data-rl_title=\"\" data-rl_caption=\"\" title=\"\"><img loading=\"lazy\" decoding=\"async\" class=\"alignright\" src=\"https:\/\/www.uni-bremen.de\/fileadmin\/user_upload\/single_sites\/eule\/Moment_mal\/wintermarkt_02.jpg\" alt=\"Kerzen\" width=\"300\" height=\"164\" \/><\/a>Ach, ein Kunsthandwerksmarkt ist das. \u00dcber 120 Austeller zeigten uns ihre selbsgemachten Waren. Lampen, Stoffe, Kerzen und Dekorationen waren zu sehen. Das Angebot war wirklich reich an Varianz und f\u00fcr jeden gab es sicherlich etwas zu entdecken. Das Jazz-Pop-Duo \u201eLess is More\u201c spielte uns zu bestimmten Stunden ihre Songs. Das haben wir dann auch genossen, kurzerhand ein Crep\u00e9 gekauft, ein Getr\u00e4nk dazu und uns dann an einem Tisch volld\u00fcdeln lassen. Besonders interessant fand ich jedoch den Zeichen-Fix-Automat! Ihr konntet euch vor diesen setzen und euch abzeichnen lassen. Zuerst steckt ihr den lockeren Preis von 3 Euro in die Maschine und w\u00e4hlt dann ein Leitmotiv f\u00fcr das Abbildnis. Lustig, Gruselig und einige andere Themen standen zur Auswahl. Nach kurzer Wartezeit mit braven Stillhalten ploppt dann ein Portrait eurer Person aus dem Automaten.<\/p>\n<p><a href=\"https:\/\/www.uni-bremen.de\/fileadmin\/user_upload\/single_sites\/eule\/Moment_mal\/wintermarkt_03.jpg\" data-rel=\"lightbox-image-2\" data-rl_title=\"\" data-rl_caption=\"\" title=\"\"><img loading=\"lazy\" decoding=\"async\" class=\"alignleft\" src=\"https:\/\/www.uni-bremen.de\/fileadmin\/user_upload\/single_sites\/eule\/Moment_mal\/wintermarkt_03.jpg\" alt=\"Wintermarkt2\" width=\"300\" height=\"168\" \/><\/a>Ich muss jedoch sagen dass sich der Markt in erster Linie nicht gerade an uns Studierende richtet. Der Altersdurchschnitt war generell etwas h\u00f6her angelegen und ein Teil der zu verkaufenden Gegenst\u00e4nden trifft auch eher einen anderen Geschmack. Nichtsdestotrotz war es interessant zu sehen wie sich die Mensa zu einem Markt verwandelt hat und einige der Objekte waren mehr als originell. Warum sie jedoch Eintritt verlangen ist mir ein R\u00e4tsel und trifft auch ein wenig auf Unverst\u00e4ndnis bei mir. Die Kosten um so einen Markt zu organisieren sollten definitiv nicht beim Besucher liegen. Der Ausflug hat sich jedoch gelohnt, ich hab den Markt soweit genossen und bin nun inbesonders schlauer wenn ich das n\u00e4chste Mal sehe, wenn ein Wintermarkt in der Mensa stattfindet.<\/p>\n","protected":false},"excerpt":{"rendered":"<p>\u2026 in unsere Mensa eingeschlichen? Jop, es ist Sonntag und die Mensa is rappelvoll. Ergo muss es wohl etwas Gutes zum Essen geben. Das ist aber in erster Linie nicht der Fall. Begl\u00fcckw\u00fcnscht sich die Uni selbst wieder und gibt eine Feier? Auch dies ist nicht der Grund. Okay, was dann? Sogar 3.50 Euro Eintritt [&hellip;]<\/p>\n","protected":false},"author":486,"featured_media":0,"comment_status":"open","ping_status":"open","sticky":false,"template":"","format":"standard","meta":{"_bbp_topic_count":0,"_bbp_reply_count":0,"_bbp_total_topic_count":0,"_bbp_total_reply_count":0,"_bbp_voice_count":0,"_bbp_anonymous_reply_count":0,"_bbp_topic_count_hidden":0,"_bbp_reply_count_hidden":0,"_bbp_forum_subforum_count":0,"footnotes":""},"categories":[10841],"tags":[26095,26094,26093,21059,26096,26092],"class_list":["post-1045","post","type-post","status-publish","format-standard","hentry","category-campus-aktuell","tag-eintritt","tag-jazz","tag-kunsthandwerk","tag-mensa","tag-sonntag","tag-wintermarkt"],"_links":{"self":[{"href":"https:\/\/blogs.uni-bremen.de\/eule\/wp-json\/wp\/v2\/posts\/1045","targetHints":{"allow":["GET"]}}],"collection":[{"href":"https:\/\/blogs.uni-bremen.de\/eule\/wp-json\/wp\/v2\/posts"}],"about":[{"href":"https:\/\/blogs.uni-bremen.de\/eule\/wp-json\/wp\/v2\/types\/post"}],"author":[{"embeddable":true,"href":"https:\/\/blogs.uni-bremen.de\/eule\/wp-json\/wp\/v2\/users\/486"}],"replies":[{"embeddable":true,"href":"https:\/\/blogs.uni-bremen.de\/eule\/wp-json\/wp\/v2\/comments?post=1045"}],"version-history":[{"count":0,"href":"https:\/\/blogs.uni-bremen.de\/eule\/wp-json\/wp\/v2\/posts\/1045\/revisions"}],"wp:attachment":[{"href":"https:\/\/blogs.uni-bremen.de\/eule\/wp-json\/wp\/v2\/media?parent=1045"}],"wp:term":[{"taxonomy":"category","embeddable":true,"href":"https:\/\/blogs.uni-bremen.de\/eule\/wp-json\/wp\/v2\/categories?post=1045"},{"taxonomy":"post_tag","embeddable":true,"href":"https:\/\/blogs.uni-bremen.de\/eule\/wp-json\/wp\/v2\/tags?post=1045"}],"curies":[{"name":"wp","href":"https:\/\/api.w.org\/{rel}","templated":true}]}}