{"id":1000,"date":"2012-10-11T15:06:07","date_gmt":"2012-10-11T13:06:07","guid":{"rendered":"http:\/\/blogs.uni-bremen.de\/eule\/?p=1000"},"modified":"2021-09-07T03:05:10","modified_gmt":"2021-09-07T01:05:10","slug":"kurz-notiert-als-ich-ersti-war-5","status":"publish","type":"post","link":"https:\/\/blogs.uni-bremen.de\/eule\/2012\/10\/11\/kurz-notiert-als-ich-ersti-war-5\/","title":{"rendered":"Kurz notiert: Als ich Ersti war&#8230;"},"content":{"rendered":"<p><strong>Komisch ist es schon, die erste O-Woche meines Lebens war nur wenig aufregend. Das hat aber einen guten Grund. Ich hatte bereits Freunde die an der Uni studierten und vorallem hatte ich ein Mathevorsemester, welches schonmal gr\u00fcndlich meine Nervenzellen abget\u00f6tet hat. In Vorlesungen zu sitzen und verzweifelt nach Orientierung zu suchen war mir also schon bekannt. Aber sicherlich, um die O-Woche herum wurde ich mit freundlichen Gesichtern in das Uni-Leben eingeweiht.<\/strong><\/p>\n<p><!--more--><\/p>\n<p>Als ehemaliger Informatiker (werde nun Digitale Medien Student geschimpft) hatte ich schon ein ausf\u00fchrliches Programm um die O-Woche herum. Wissentschaftliches Arbeiten hie\u00df das Modul und zu den generellen Angeboten wurden uns eine Menge Einf\u00fchrungen gegeben, wie wir unser zuk\u00fcnftiges Leben bew\u00e4ltigen k\u00f6nnen. Das war zum Beispiel eine Menge Methodik \u00fcber das Zurechtfinden in der Bibliothek oder \u00fcber den Umgang mit LaTeX. Das war aber dann auch zudem recht hilfreich um neue Kontakte zu kn\u00fcpfen! Der liebe Kerl da, den ich in der Einf\u00fchrungswoche getroffen hatte, war noch mein Gruppenkollege bis zum Studienfachwechsel. Grundbed\u00fcrfnisse, wie zum Beispiel die Mensakarte, wurden auch recht schnell befriedigt und an sich war ich bereit, mich an der Uni wohl zu f\u00fchlen. Ich wusste zwar noch nicht was so ein AstA ist oder warum die Leute sich so lustig vor dem Pr\u00fcfungsamt versammeln, aber das hatte ja auch Zeit.<br \/>\nUnd schon bevor ich es bemerkt hatte, hat mich der Uni-Alltag vollkommen beansprucht, die Semester sind vergangen und nun bin ich derjenige, der neue Erstsemestler in das Uni-Leben einweiht. Ich k\u00f6nnte jetzt f\u00fcrchterlich \u00fcber den Kreislaufs des Lebens sinnieren, aber das tue ich lieber nicht.<\/p>\n","protected":false},"excerpt":{"rendered":"<p>Komisch ist es schon, die erste O-Woche meines Lebens war nur wenig aufregend. Das hat aber einen guten Grund. Ich hatte bereits Freunde die an der Uni studierten und vorallem hatte ich ein Mathevorsemester, welches schonmal gr\u00fcndlich meine Nervenzellen abget\u00f6tet hat. In Vorlesungen zu sitzen und verzweifelt nach Orientierung zu suchen war mir also schon [&hellip;]<\/p>\n","protected":false},"author":486,"featured_media":16350,"comment_status":"open","ping_status":"open","sticky":false,"template":"","format":"standard","meta":{"_bbp_topic_count":0,"_bbp_reply_count":0,"_bbp_total_topic_count":0,"_bbp_total_reply_count":0,"_bbp_voice_count":0,"_bbp_anonymous_reply_count":0,"_bbp_topic_count_hidden":0,"_bbp_reply_count_hidden":0,"_bbp_forum_subforum_count":0,"footnotes":""},"categories":[10841],"tags":[],"class_list":["post-1000","post","type-post","status-publish","format-standard","has-post-thumbnail","hentry","category-campus-aktuell"],"_links":{"self":[{"href":"https:\/\/blogs.uni-bremen.de\/eule\/wp-json\/wp\/v2\/posts\/1000","targetHints":{"allow":["GET"]}}],"collection":[{"href":"https:\/\/blogs.uni-bremen.de\/eule\/wp-json\/wp\/v2\/posts"}],"about":[{"href":"https:\/\/blogs.uni-bremen.de\/eule\/wp-json\/wp\/v2\/types\/post"}],"author":[{"embeddable":true,"href":"https:\/\/blogs.uni-bremen.de\/eule\/wp-json\/wp\/v2\/users\/486"}],"replies":[{"embeddable":true,"href":"https:\/\/blogs.uni-bremen.de\/eule\/wp-json\/wp\/v2\/comments?post=1000"}],"version-history":[{"count":2,"href":"https:\/\/blogs.uni-bremen.de\/eule\/wp-json\/wp\/v2\/posts\/1000\/revisions"}],"predecessor-version":[{"id":16430,"href":"https:\/\/blogs.uni-bremen.de\/eule\/wp-json\/wp\/v2\/posts\/1000\/revisions\/16430"}],"wp:featuredmedia":[{"embeddable":true,"href":"https:\/\/blogs.uni-bremen.de\/eule\/wp-json\/wp\/v2\/media\/16350"}],"wp:attachment":[{"href":"https:\/\/blogs.uni-bremen.de\/eule\/wp-json\/wp\/v2\/media?parent=1000"}],"wp:term":[{"taxonomy":"category","embeddable":true,"href":"https:\/\/blogs.uni-bremen.de\/eule\/wp-json\/wp\/v2\/categories?post=1000"},{"taxonomy":"post_tag","embeddable":true,"href":"https:\/\/blogs.uni-bremen.de\/eule\/wp-json\/wp\/v2\/tags?post=1000"}],"curies":[{"name":"wp","href":"https:\/\/api.w.org\/{rel}","templated":true}]}}